{"id":8189,"date":"2025-10-30T08:42:45","date_gmt":"2025-10-30T07:42:45","guid":{"rendered":"https:\/\/www.sgeaj.ch\/?p=8189"},"modified":"2026-01-06T15:13:07","modified_gmt":"2026-01-06T14:13:07","slug":"si-je-ne-suis-pas-heureuse-qui-est-ca-qui-le-sera","status":"publish","type":"post","link":"https:\/\/www.sgeaj.ch\/fr\/actualite\/si-je-ne-suis-pas-heureuse-qui-est-ca-qui-le-sera\/","title":{"rendered":"\u00a0\u00ab Si je ne suis pas heureuse, qui est-ca qui le sera ? \u00bb"},"content":{"rendered":"\n<h3 class=\"wp-block-heading\">Albertine de Saussure, \u00ab Si je ne suis pas heureuse, qui est-ce qui le sera ? \u00bb Extraits du journal de jeunesse 1776-1782, dir. par Sylvie Moret Petrini et Elena Link, Lausanne : \u00c9ditions d&rsquo;en bas, 2025 (224 p.).<\/h3>\n\n\n\n<p>\u00c0 l&rsquo;\u00e2ge de 10 ans seulement, la jeune Genevoise Albertine (1766-1841), fille d&rsquo;Horace-B\u00e9n\u00e9dict et d\u2019Albertine Am\u00e9lie de Saussure, ouvre un journal. Durant 7 ans, la future p\u00e9dagogue y consigne son quotidien fait de le\u00e7ons, de rencontres, d&rsquo;activit\u00e9s de sociabilit\u00e9 et de voyages. Elle confie ses sentiments sur les \u00e9tapes cruciales de sa jeunesse, marqu\u00e9es par le poids d&rsquo;une condition f\u00e9minine qui limite de fait \u2013 sans qu&rsquo;elle ne s&rsquo;en fasse l&rsquo;\u00e9cho ouvertement \u2013 ses choix et ses possibilit\u00e9s. Par son ambitieuse formation, \u00e0 la fois sociale et intellectuelle, Albertine cherche \u00e0 r\u00e9pondre aux attentes \u00e9lev\u00e9es de cette famille haute bourgeoisie qui cultive le go\u00fbt du savoir et de la d\u00e9couverte tout en d\u00e9veloppant les qualit\u00e9s f\u00e9minines propres \u00e0 lui assurer un avenir heureux. Alors que la plume d&rsquo;Albertine d\u00e9voile la jeunesse de celle dont la post\u00e9rit\u00e9 retient l&rsquo;ouvrage L&rsquo;\u00e9ducation progressive ou \u00c9tude la vie des femmes r\u00e9dig\u00e9 vers la fin de sa vie, elle livre dans le m\u00eame temps un portrait saisissant d&rsquo;une \u00e9poque, d&rsquo;une ville, d&rsquo;un milieu et d&rsquo;autant d&rsquo;acteurs et actrices du pass\u00e9 qui reprennent vie au fil des pages.<\/p>\n\n\n\n<p>Albertine Andrienne Necker de Saussure na\u00eet le 13 mars 1766 \u00e0 Gen\u00e8ve et d\u00e9c\u00e8de le 18 avril 1841 \u00e0 Mornex en Haute-Savoie. Fille d&rsquo;Albertine Am\u00e9lie Boissier (1745-1817) et du scientifique Horace-B\u00e9n\u00e9dict de Saussure (1740-1799), elle a deux fr\u00e8res : Nicolas-Th\u00e9odore (1767-1845) et Alphonse (1770-1853), surnomm\u00e9 affectueusement &lsquo;Coco&rsquo;. Particuli\u00e8rement influente sur la sc\u00e8ne politique et intellectuelle genevoise, la famille de Saussure appartient au cercle ferm\u00e9 des \u00e9lites genevoise ; une \u00e9lite qui cultive un entre-soi que r\u00e9v\u00e8le la r\u00e9p\u00e9tition des noms de familles (Lullin Pictet, Turrettini, Tronchin\u2026) dans les carnets d\u2019Albertine.<\/p>\n\n\n\n<p>Le titre peut \u00eatre achet\u00e9 sur <a href=\"https:\/\/enbas.net\/2025\/10\/27\/albertine-de-saussure-si-je-ne-suis-pas-heureuse-qui-est-ce-qui-le-sera-extraits-du-journal-dalbertine-de-saussure-1776-1782\/\" target=\"_blank\" rel=\"noreferrer noopener\">le site web de l\u2019\u00e9diteur<\/a>.<\/p>\n\n\n\n<p>La <strong>vernissage <\/strong>du livre aura lieu le mercredi 5 novembre 2025 \u00e0 17h30 \u00e0 la Maison Rousseau et Litt\u00e9rature (Grand-Rue 40, 1204 Gen\u00e8ve). Les participant\u00b7e\u00b7s assisteront \u00e0 une pr\u00e9sentation du volume par Sylvie Moret Petrini et Elena Link, les directrices scientifiques de l&rsquo;\u00e9dition, \u00e0 une lecture d&rsquo;extraits de l&rsquo;ouvrage ainsi qu&rsquo;\u00e0 un ap\u00e9ritif d\u00eenatoire. <\/p>\n","protected":false},"excerpt":{"rendered":"<p>Albertine de Saussure, \u00ab Si je ne suis pas heureuse, qui est-ce qui le sera ? \u00bb Extraits du journal de jeunesse 1776-1782, dir. par Sylvie Moret Petrini et Elena Link, Lausanne : \u00c9ditions d&rsquo;en bas, 2025 (224 p.). \u00c0 l&rsquo;\u00e2ge de 10 ans seulement, la jeune Genevoise Albertine (1766-1841), fille d&rsquo;Horace-B\u00e9n\u00e9dict et d\u2019Albertine Am\u00e9lie [&hellip;]<\/p>\n","protected":false},"author":9,"featured_media":8187,"comment_status":"closed","ping_status":"open","sticky":false,"template":"","format":"standard","meta":{"footnotes":""},"categories":[42,25],"tags":[61,112,203,67,83,101],"class_list":{"0":"post-8189","1":"post","2":"type-post","3":"status-publish","4":"format-standard","5":"has-post-thumbnail","7":"category-actualite","8":"category-nouvelles-publications","9":"tag-early-modern-period-fr","10":"tag-edition-fr","11":"tag-ego-document-fr","12":"tag-enlightenment-fr","13":"tag-gender-fr","14":"tag-switzerland-fr","15":"czr-hentry"},"yoast_head":"<!-- This site is optimized with the Yoast SEO plugin v26.9 - https:\/\/yoast.com\/product\/yoast-seo-wordpress\/ -->\n<title>\u00a0\u00ab Si je ne suis pas heureuse, qui est-ca qui le sera ? \u00bb - Schweizerische Gesellschaft f\u00fcr die Erforschung des 18. Jahrhunderts (SGEAJ - SSEDS)<\/title>\n<meta name=\"robots\" content=\"index, follow, max-snippet:-1, max-image-preview:large, max-video-preview:-1\" \/>\n<link rel=\"canonical\" href=\"https:\/\/www.sgeaj.ch\/fr\/actualite\/si-je-ne-suis-pas-heureuse-qui-est-ca-qui-le-sera\/\" \/>\n<meta name=\"twitter:label1\" content=\"\u00c9crit par\" \/>\n\t<meta name=\"twitter:data1\" content=\"Mich\u00e8le Steiner\" \/>\n\t<meta name=\"twitter:label2\" content=\"Dur\u00e9e de lecture estim\u00e9e\" \/>\n\t<meta name=\"twitter:data2\" content=\"3 minutes\" \/>\n<script type=\"application\/ld+json\" class=\"yoast-schema-graph\">{\"@context\":\"https:\/\/schema.org\",\"@graph\":[{\"@type\":\"Article\",\"@id\":\"https:\/\/www.sgeaj.ch\/fr\/actualite\/si-je-ne-suis-pas-heureuse-qui-est-ca-qui-le-sera\/#article\",\"isPartOf\":{\"@id\":\"https:\/\/www.sgeaj.ch\/fr\/actualite\/si-je-ne-suis-pas-heureuse-qui-est-ca-qui-le-sera\/\"},\"author\":{\"name\":\"Mich\u00e8le Steiner\",\"@id\":\"https:\/\/www.sgeaj.ch\/fr\/#\/schema\/person\/f9930dca12b3bd252d469f244e700c60\"},\"headline\":\"\u00a0\u00ab Si je ne suis pas heureuse, qui est-ca qui le sera ? \u00bb\",\"datePublished\":\"2025-10-30T07:42:45+00:00\",\"dateModified\":\"2026-01-06T14:13:07+00:00\",\"mainEntityOfPage\":{\"@id\":\"https:\/\/www.sgeaj.ch\/fr\/actualite\/si-je-ne-suis-pas-heureuse-qui-est-ca-qui-le-sera\/\"},\"wordCount\":422,\"publisher\":{\"@id\":\"https:\/\/www.sgeaj.ch\/fr\/#organization\"},\"image\":{\"@id\":\"https:\/\/www.sgeaj.ch\/fr\/actualite\/si-je-ne-suis-pas-heureuse-qui-est-ca-qui-le-sera\/#primaryimage\"},\"thumbnailUrl\":\"https:\/\/www.sgeaj.ch\/wp-content\/uploads\/2025\/10\/saussure-couv-ethno-doc-zuschnitt.png\",\"keywords\":[\"Early Modern Period\",\"Edition\",\"Ego-Document\",\"Enlightenment\",\"Gender\",\"Switzerland\"],\"articleSection\":[\"Actualit\u00e9\",\"Nouvelles publications\"],\"inLanguage\":\"fr-FR\"},{\"@type\":\"WebPage\",\"@id\":\"https:\/\/www.sgeaj.ch\/fr\/actualite\/si-je-ne-suis-pas-heureuse-qui-est-ca-qui-le-sera\/\",\"url\":\"https:\/\/www.sgeaj.ch\/fr\/actualite\/si-je-ne-suis-pas-heureuse-qui-est-ca-qui-le-sera\/\",\"name\":\"\u00a0\u00ab Si je ne suis pas heureuse, qui est-ca qui le sera ? \u00bb - Schweizerische Gesellschaft f\u00fcr die Erforschung des 18. Jahrhunderts (SGEAJ - SSEDS)\",\"isPartOf\":{\"@id\":\"https:\/\/www.sgeaj.ch\/fr\/#website\"},\"primaryImageOfPage\":{\"@id\":\"https:\/\/www.sgeaj.ch\/fr\/actualite\/si-je-ne-suis-pas-heureuse-qui-est-ca-qui-le-sera\/#primaryimage\"},\"image\":{\"@id\":\"https:\/\/www.sgeaj.ch\/fr\/actualite\/si-je-ne-suis-pas-heureuse-qui-est-ca-qui-le-sera\/#primaryimage\"},\"thumbnailUrl\":\"https:\/\/www.sgeaj.ch\/wp-content\/uploads\/2025\/10\/saussure-couv-ethno-doc-zuschnitt.png\",\"datePublished\":\"2025-10-30T07:42:45+00:00\",\"dateModified\":\"2026-01-06T14:13:07+00:00\",\"inLanguage\":\"fr-FR\",\"potentialAction\":[{\"@type\":\"ReadAction\",\"target\":[\"https:\/\/www.sgeaj.ch\/fr\/actualite\/si-je-ne-suis-pas-heureuse-qui-est-ca-qui-le-sera\/\"]}]},{\"@type\":\"ImageObject\",\"inLanguage\":\"fr-FR\",\"@id\":\"https:\/\/www.sgeaj.ch\/fr\/actualite\/si-je-ne-suis-pas-heureuse-qui-est-ca-qui-le-sera\/#primaryimage\",\"url\":\"https:\/\/www.sgeaj.ch\/wp-content\/uploads\/2025\/10\/saussure-couv-ethno-doc-zuschnitt.png\",\"contentUrl\":\"https:\/\/www.sgeaj.ch\/wp-content\/uploads\/2025\/10\/saussure-couv-ethno-doc-zuschnitt.png\",\"width\":1016,\"height\":797},{\"@type\":\"WebSite\",\"@id\":\"https:\/\/www.sgeaj.ch\/fr\/#website\",\"url\":\"https:\/\/www.sgeaj.ch\/fr\/\",\"name\":\"Schweizerische Gesellschaft f\u00fcr die Erforschung des 18. Jahrhunderts (SGEAJ - SSEDS)\",\"description\":\"Schweizerische Gesellschaft f\u00fcr die Erforschung des 18. Jahrhunderts\",\"publisher\":{\"@id\":\"https:\/\/www.sgeaj.ch\/fr\/#organization\"},\"potentialAction\":[{\"@type\":\"SearchAction\",\"target\":{\"@type\":\"EntryPoint\",\"urlTemplate\":\"https:\/\/www.sgeaj.ch\/fr\/?s={search_term_string}\"},\"query-input\":{\"@type\":\"PropertyValueSpecification\",\"valueRequired\":true,\"valueName\":\"search_term_string\"}}],\"inLanguage\":\"fr-FR\"},{\"@type\":\"Organization\",\"@id\":\"https:\/\/www.sgeaj.ch\/fr\/#organization\",\"name\":\"Schweizerische Gesellschaft f\u00fcr die Erforschung des 18. Jahrhunderts (SGEAJ - SSEDS)\",\"url\":\"https:\/\/www.sgeaj.ch\/fr\/\",\"logo\":{\"@type\":\"ImageObject\",\"inLanguage\":\"fr-FR\",\"@id\":\"https:\/\/www.sgeaj.ch\/fr\/#\/schema\/logo\/image\/\",\"url\":\"https:\/\/www.sgeaj.ch\/wp-content\/uploads\/2021\/06\/cropped-logo-xviiies-horiz-abreuviations-bleues.png\",\"contentUrl\":\"https:\/\/www.sgeaj.ch\/wp-content\/uploads\/2021\/06\/cropped-logo-xviiies-horiz-abreuviations-bleues.png\",\"width\":659,\"height\":335,\"caption\":\"Schweizerische Gesellschaft f\u00fcr die Erforschung des 18. Jahrhunderts (SGEAJ - SSEDS)\"},\"image\":{\"@id\":\"https:\/\/www.sgeaj.ch\/fr\/#\/schema\/logo\/image\/\"}},{\"@type\":\"Person\",\"@id\":\"https:\/\/www.sgeaj.ch\/fr\/#\/schema\/person\/f9930dca12b3bd252d469f244e700c60\",\"name\":\"Mich\u00e8le Steiner\",\"url\":\"https:\/\/www.sgeaj.ch\/fr\/author\/msteiner\/\"}]}<\/script>\n<!-- \/ Yoast SEO plugin. -->","yoast_head_json":{"title":"\u00a0\u00ab Si je ne suis pas heureuse, qui est-ca qui le sera ? \u00bb - Schweizerische Gesellschaft f\u00fcr die Erforschung des 18. Jahrhunderts (SGEAJ - SSEDS)","robots":{"index":"index","follow":"follow","max-snippet":"max-snippet:-1","max-image-preview":"max-image-preview:large","max-video-preview":"max-video-preview:-1"},"canonical":"https:\/\/www.sgeaj.ch\/fr\/actualite\/si-je-ne-suis-pas-heureuse-qui-est-ca-qui-le-sera\/","twitter_misc":{"\u00c9crit par":"Mich\u00e8le Steiner","Dur\u00e9e de lecture estim\u00e9e":"3 minutes"},"schema":{"@context":"https:\/\/schema.org","@graph":[{"@type":"Article","@id":"https:\/\/www.sgeaj.ch\/fr\/actualite\/si-je-ne-suis-pas-heureuse-qui-est-ca-qui-le-sera\/#article","isPartOf":{"@id":"https:\/\/www.sgeaj.ch\/fr\/actualite\/si-je-ne-suis-pas-heureuse-qui-est-ca-qui-le-sera\/"},"author":{"name":"Mich\u00e8le Steiner","@id":"https:\/\/www.sgeaj.ch\/fr\/#\/schema\/person\/f9930dca12b3bd252d469f244e700c60"},"headline":"\u00a0\u00ab Si je ne suis pas heureuse, qui est-ca qui le sera ? \u00bb","datePublished":"2025-10-30T07:42:45+00:00","dateModified":"2026-01-06T14:13:07+00:00","mainEntityOfPage":{"@id":"https:\/\/www.sgeaj.ch\/fr\/actualite\/si-je-ne-suis-pas-heureuse-qui-est-ca-qui-le-sera\/"},"wordCount":422,"publisher":{"@id":"https:\/\/www.sgeaj.ch\/fr\/#organization"},"image":{"@id":"https:\/\/www.sgeaj.ch\/fr\/actualite\/si-je-ne-suis-pas-heureuse-qui-est-ca-qui-le-sera\/#primaryimage"},"thumbnailUrl":"https:\/\/www.sgeaj.ch\/wp-content\/uploads\/2025\/10\/saussure-couv-ethno-doc-zuschnitt.png","keywords":["Early Modern Period","Edition","Ego-Document","Enlightenment","Gender","Switzerland"],"articleSection":["Actualit\u00e9","Nouvelles publications"],"inLanguage":"fr-FR"},{"@type":"WebPage","@id":"https:\/\/www.sgeaj.ch\/fr\/actualite\/si-je-ne-suis-pas-heureuse-qui-est-ca-qui-le-sera\/","url":"https:\/\/www.sgeaj.ch\/fr\/actualite\/si-je-ne-suis-pas-heureuse-qui-est-ca-qui-le-sera\/","name":"\u00a0\u00ab Si je ne suis pas heureuse, qui est-ca qui le sera ? \u00bb - Schweizerische Gesellschaft f\u00fcr die Erforschung des 18. Jahrhunderts (SGEAJ - SSEDS)","isPartOf":{"@id":"https:\/\/www.sgeaj.ch\/fr\/#website"},"primaryImageOfPage":{"@id":"https:\/\/www.sgeaj.ch\/fr\/actualite\/si-je-ne-suis-pas-heureuse-qui-est-ca-qui-le-sera\/#primaryimage"},"image":{"@id":"https:\/\/www.sgeaj.ch\/fr\/actualite\/si-je-ne-suis-pas-heureuse-qui-est-ca-qui-le-sera\/#primaryimage"},"thumbnailUrl":"https:\/\/www.sgeaj.ch\/wp-content\/uploads\/2025\/10\/saussure-couv-ethno-doc-zuschnitt.png","datePublished":"2025-10-30T07:42:45+00:00","dateModified":"2026-01-06T14:13:07+00:00","inLanguage":"fr-FR","potentialAction":[{"@type":"ReadAction","target":["https:\/\/www.sgeaj.ch\/fr\/actualite\/si-je-ne-suis-pas-heureuse-qui-est-ca-qui-le-sera\/"]}]},{"@type":"ImageObject","inLanguage":"fr-FR","@id":"https:\/\/www.sgeaj.ch\/fr\/actualite\/si-je-ne-suis-pas-heureuse-qui-est-ca-qui-le-sera\/#primaryimage","url":"https:\/\/www.sgeaj.ch\/wp-content\/uploads\/2025\/10\/saussure-couv-ethno-doc-zuschnitt.png","contentUrl":"https:\/\/www.sgeaj.ch\/wp-content\/uploads\/2025\/10\/saussure-couv-ethno-doc-zuschnitt.png","width":1016,"height":797},{"@type":"WebSite","@id":"https:\/\/www.sgeaj.ch\/fr\/#website","url":"https:\/\/www.sgeaj.ch\/fr\/","name":"Schweizerische Gesellschaft f\u00fcr die Erforschung des 18. Jahrhunderts (SGEAJ - SSEDS)","description":"Schweizerische Gesellschaft f\u00fcr die Erforschung des 18. Jahrhunderts","publisher":{"@id":"https:\/\/www.sgeaj.ch\/fr\/#organization"},"potentialAction":[{"@type":"SearchAction","target":{"@type":"EntryPoint","urlTemplate":"https:\/\/www.sgeaj.ch\/fr\/?s={search_term_string}"},"query-input":{"@type":"PropertyValueSpecification","valueRequired":true,"valueName":"search_term_string"}}],"inLanguage":"fr-FR"},{"@type":"Organization","@id":"https:\/\/www.sgeaj.ch\/fr\/#organization","name":"Schweizerische Gesellschaft f\u00fcr die Erforschung des 18. Jahrhunderts (SGEAJ - SSEDS)","url":"https:\/\/www.sgeaj.ch\/fr\/","logo":{"@type":"ImageObject","inLanguage":"fr-FR","@id":"https:\/\/www.sgeaj.ch\/fr\/#\/schema\/logo\/image\/","url":"https:\/\/www.sgeaj.ch\/wp-content\/uploads\/2021\/06\/cropped-logo-xviiies-horiz-abreuviations-bleues.png","contentUrl":"https:\/\/www.sgeaj.ch\/wp-content\/uploads\/2021\/06\/cropped-logo-xviiies-horiz-abreuviations-bleues.png","width":659,"height":335,"caption":"Schweizerische Gesellschaft f\u00fcr die Erforschung des 18. Jahrhunderts (SGEAJ - SSEDS)"},"image":{"@id":"https:\/\/www.sgeaj.ch\/fr\/#\/schema\/logo\/image\/"}},{"@type":"Person","@id":"https:\/\/www.sgeaj.ch\/fr\/#\/schema\/person\/f9930dca12b3bd252d469f244e700c60","name":"Mich\u00e8le Steiner","url":"https:\/\/www.sgeaj.ch\/fr\/author\/msteiner\/"}]}},"_links":{"self":[{"href":"https:\/\/www.sgeaj.ch\/fr\/wp-json\/wp\/v2\/posts\/8189","targetHints":{"allow":["GET"]}}],"collection":[{"href":"https:\/\/www.sgeaj.ch\/fr\/wp-json\/wp\/v2\/posts"}],"about":[{"href":"https:\/\/www.sgeaj.ch\/fr\/wp-json\/wp\/v2\/types\/post"}],"author":[{"embeddable":true,"href":"https:\/\/www.sgeaj.ch\/fr\/wp-json\/wp\/v2\/users\/9"}],"replies":[{"embeddable":true,"href":"https:\/\/www.sgeaj.ch\/fr\/wp-json\/wp\/v2\/comments?post=8189"}],"version-history":[{"count":3,"href":"https:\/\/www.sgeaj.ch\/fr\/wp-json\/wp\/v2\/posts\/8189\/revisions"}],"predecessor-version":[{"id":8231,"href":"https:\/\/www.sgeaj.ch\/fr\/wp-json\/wp\/v2\/posts\/8189\/revisions\/8231"}],"wp:featuredmedia":[{"embeddable":true,"href":"https:\/\/www.sgeaj.ch\/fr\/wp-json\/wp\/v2\/media\/8187"}],"wp:attachment":[{"href":"https:\/\/www.sgeaj.ch\/fr\/wp-json\/wp\/v2\/media?parent=8189"}],"wp:term":[{"taxonomy":"category","embeddable":true,"href":"https:\/\/www.sgeaj.ch\/fr\/wp-json\/wp\/v2\/categories?post=8189"},{"taxonomy":"post_tag","embeddable":true,"href":"https:\/\/www.sgeaj.ch\/fr\/wp-json\/wp\/v2\/tags?post=8189"}],"curies":[{"name":"wp","href":"https:\/\/api.w.org\/{rel}","templated":true}]}}