{"id":8200,"date":"2025-11-17T09:14:12","date_gmt":"2025-11-17T08:14:12","guid":{"rendered":"https:\/\/www.sgeaj.ch\/?p=8200"},"modified":"2025-11-17T09:17:14","modified_gmt":"2025-11-17T08:17:14","slug":"sur-les-traces-de-domestiques-noir-e-s","status":"publish","type":"post","link":"https:\/\/www.sgeaj.ch\/fr\/actualite\/sur-les-traces-de-domestiques-noir-e-s\/","title":{"rendered":"Sur les traces de domestiques noir\u00b7e\u00b7s"},"content":{"rendered":"\n<h3 class=\"wp-block-heading\">Conf\u00e9rence de Catherine Guanzini sur les traces de domestiques noir\u00b7e\u00b7s \u00e0 Yverdon, Moudon et Payerne (1770\u20131830), le 25 novembre 2025 \u00e0 19h30 \u00e0 Yverdon-les-Bains (La Forge, Rue de Moulins 32).<\/h3>\n\n\n\n<p>Le destin de Pauline Buisson, domestique de couleur ramen\u00e9e de St-Domingue en 1776 par l\u2019Yverdonnois David-Philippe de Treytorrens, et de son fils Samuel Hypolite, n\u00e9 et mort apatride, suscite un vif int\u00e9r\u00eat de la part des chercheurs et des m\u00e9dias depuis plusieurs ann\u00e9es. <\/p>\n\n\n\n<p>Apr\u00e8s une recherche historique sur le dossier de \u00ab\u00a0l&rsquo;affaire Buisson\u00a0\u00bb conserv\u00e9 aux Archives de la Ville d&rsquo;Yverdon-les-Bains, Catherine Guanzini a poursuivi ses recherches dans les archives vaudoises pour identifier d&rsquo;autres personnes esclavagis\u00e9es ayant v\u00e9cu dans la r\u00e9gion \u00e0 la fin du 18e si\u00e8cle. <\/p>\n\n\n\n<p>Les r\u00e9sultats de cette recherche seront pr\u00e9sent\u00e9s le mardi 25 novembre 2025 \u00e0 Yverdon. L\u2019\u00e9v\u00e9nement d\u00e9butera \u00e0 19h30 et se d\u00e9roulera \u00e0 La Forge (Rue de Moulins 32). Guanzini aura le plaisir d\u2019accueillir Caroline Arni, professeure d\u2019histoire des XIXe et XXe si\u00e8cles \u00e0 l\u2019Universit\u00e9 de B\u00e2le. Une table ronde suivra la pr\u00e9sentation, mod\u00e9r\u00e9e par la journaliste Chantal Tauxe. La conf\u00e9rence portera \u00e0 la fois sur la pr\u00e9sentation des personnes identifi\u00e9es et le parcours pour les rep\u00e9rer dans les archives.<\/p>\n\n\n\n<p>L&rsquo;\u00e9tude ainsi que le dossier de l&rsquo;affaire Buisson sont disponibles <a href=\"https:\/\/www.yverdon-les-bains.ch\/votre-commune\/histoire-archives\/affaire-buisson\" target=\"_blank\" rel=\"noreferrer noopener\">en ligne<\/a>.<\/p>\n\n\n\n<div data-wp-interactive=\"core\/file\" class=\"wp-block-file\"><object data-wp-bind--hidden=\"!state.hasPdfPreview\" hidden class=\"wp-block-file__embed\" data=\"https:\/\/www.sgeaj.ch\/wp-content\/uploads\/2025\/11\/sur-les-traces-conference-guanzini-affiche-2025-11-25.pdf\" type=\"application\/pdf\" style=\"width:100%;height:600px\" aria-label=\"Contenu embarqu\u00e9 Sur-les-traces_Conference_Guanzini_affiche_2025-11-25.\"><\/object><a id=\"wp-block-file--media-cd19f17d-3948-41fb-8304-31a368f8cba2\" href=\"https:\/\/www.sgeaj.ch\/wp-content\/uploads\/2025\/11\/sur-les-traces-conference-guanzini-affiche-2025-11-25.pdf\">Sur-les-traces_Conference_Guanzini_affiche_2025-11-25<\/a><a href=\"https:\/\/www.sgeaj.ch\/wp-content\/uploads\/2025\/11\/sur-les-traces-conference-guanzini-affiche-2025-11-25.pdf\" class=\"wp-block-file__button wp-element-button\" download aria-describedby=\"wp-block-file--media-cd19f17d-3948-41fb-8304-31a368f8cba2\">Herunterladen<\/a><\/div>\n","protected":false},"excerpt":{"rendered":"<p>Conf\u00e9rence de Catherine Guanzini sur les traces de domestiques noir\u00b7e\u00b7s \u00e0 Yverdon, Moudon et Payerne (1770\u20131830), le 25 novembre 2025 \u00e0 19h30 \u00e0 Yverdon-les-Bains (La Forge, Rue de Moulins 32). Le destin de Pauline Buisson, domestique de couleur ramen\u00e9e de St-Domingue en 1776 par l\u2019Yverdonnois David-Philippe de Treytorrens, et de son fils Samuel Hypolite, n\u00e9 [&hellip;]<\/p>\n","protected":false},"author":9,"featured_media":8198,"comment_status":"closed","ping_status":"open","sticky":false,"template":"","format":"standard","meta":{"footnotes":""},"categories":[42,27],"tags":[205,175,61,90,101],"class_list":{"0":"post-8200","1":"post","2":"type-post","3":"status-publish","4":"format-standard","5":"has-post-thumbnail","7":"category-actualite","8":"category-colloques","9":"tag-black-history-fr","10":"tag-conference-fr","11":"tag-early-modern-period-fr","12":"tag-networks-fr","13":"tag-switzerland-fr","14":"czr-hentry"},"yoast_head":"<!-- This site is optimized with the Yoast SEO plugin v26.9 - https:\/\/yoast.com\/product\/yoast-seo-wordpress\/ -->\n<title>Sur les traces de domestiques noir\u00b7e\u00b7s - Schweizerische Gesellschaft f\u00fcr die Erforschung des 18. Jahrhunderts (SGEAJ - SSEDS)<\/title>\n<meta name=\"robots\" content=\"index, follow, max-snippet:-1, max-image-preview:large, max-video-preview:-1\" \/>\n<link rel=\"canonical\" href=\"https:\/\/www.sgeaj.ch\/fr\/actualite\/sur-les-traces-de-domestiques-noir-e-s\/\" \/>\n<meta name=\"twitter:label1\" content=\"\u00c9crit par\" \/>\n\t<meta name=\"twitter:data1\" content=\"Mich\u00e8le Steiner\" \/>\n\t<meta name=\"twitter:label2\" content=\"Dur\u00e9e de lecture estim\u00e9e\" \/>\n\t<meta name=\"twitter:data2\" content=\"2 minutes\" \/>\n<script type=\"application\/ld+json\" class=\"yoast-schema-graph\">{\"@context\":\"https:\/\/schema.org\",\"@graph\":[{\"@type\":\"Article\",\"@id\":\"https:\/\/www.sgeaj.ch\/fr\/actualite\/sur-les-traces-de-domestiques-noir-e-s\/#article\",\"isPartOf\":{\"@id\":\"https:\/\/www.sgeaj.ch\/fr\/actualite\/sur-les-traces-de-domestiques-noir-e-s\/\"},\"author\":{\"name\":\"Mich\u00e8le Steiner\",\"@id\":\"https:\/\/www.sgeaj.ch\/fr\/#\/schema\/person\/f9930dca12b3bd252d469f244e700c60\"},\"headline\":\"Sur les traces de domestiques noir\u00b7e\u00b7s\",\"datePublished\":\"2025-11-17T08:14:12+00:00\",\"dateModified\":\"2025-11-17T08:17:14+00:00\",\"mainEntityOfPage\":{\"@id\":\"https:\/\/www.sgeaj.ch\/fr\/actualite\/sur-les-traces-de-domestiques-noir-e-s\/\"},\"wordCount\":243,\"publisher\":{\"@id\":\"https:\/\/www.sgeaj.ch\/fr\/#organization\"},\"image\":{\"@id\":\"https:\/\/www.sgeaj.ch\/fr\/actualite\/sur-les-traces-de-domestiques-noir-e-s\/#primaryimage\"},\"thumbnailUrl\":\"https:\/\/www.sgeaj.ch\/wp-content\/uploads\/2025\/11\/sur-les-traces-conference-guanzini-affiche-2025-11-25-e1763367100867.jpg\",\"keywords\":[\"Black History\",\"Conference\",\"Early Modern Period\",\"Networks\",\"Switzerland\"],\"articleSection\":[\"Actualit\u00e9\",\"Colloques\"],\"inLanguage\":\"fr-FR\"},{\"@type\":\"WebPage\",\"@id\":\"https:\/\/www.sgeaj.ch\/fr\/actualite\/sur-les-traces-de-domestiques-noir-e-s\/\",\"url\":\"https:\/\/www.sgeaj.ch\/fr\/actualite\/sur-les-traces-de-domestiques-noir-e-s\/\",\"name\":\"Sur les traces de domestiques noir\u00b7e\u00b7s - Schweizerische Gesellschaft f\u00fcr die Erforschung des 18. Jahrhunderts (SGEAJ - SSEDS)\",\"isPartOf\":{\"@id\":\"https:\/\/www.sgeaj.ch\/fr\/#website\"},\"primaryImageOfPage\":{\"@id\":\"https:\/\/www.sgeaj.ch\/fr\/actualite\/sur-les-traces-de-domestiques-noir-e-s\/#primaryimage\"},\"image\":{\"@id\":\"https:\/\/www.sgeaj.ch\/fr\/actualite\/sur-les-traces-de-domestiques-noir-e-s\/#primaryimage\"},\"thumbnailUrl\":\"https:\/\/www.sgeaj.ch\/wp-content\/uploads\/2025\/11\/sur-les-traces-conference-guanzini-affiche-2025-11-25-e1763367100867.jpg\",\"datePublished\":\"2025-11-17T08:14:12+00:00\",\"dateModified\":\"2025-11-17T08:17:14+00:00\",\"inLanguage\":\"fr-FR\",\"potentialAction\":[{\"@type\":\"ReadAction\",\"target\":[\"https:\/\/www.sgeaj.ch\/fr\/actualite\/sur-les-traces-de-domestiques-noir-e-s\/\"]}]},{\"@type\":\"ImageObject\",\"inLanguage\":\"fr-FR\",\"@id\":\"https:\/\/www.sgeaj.ch\/fr\/actualite\/sur-les-traces-de-domestiques-noir-e-s\/#primaryimage\",\"url\":\"https:\/\/www.sgeaj.ch\/wp-content\/uploads\/2025\/11\/sur-les-traces-conference-guanzini-affiche-2025-11-25-e1763367100867.jpg\",\"contentUrl\":\"https:\/\/www.sgeaj.ch\/wp-content\/uploads\/2025\/11\/sur-les-traces-conference-guanzini-affiche-2025-11-25-e1763367100867.jpg\",\"width\":1166,\"height\":1654},{\"@type\":\"WebSite\",\"@id\":\"https:\/\/www.sgeaj.ch\/fr\/#website\",\"url\":\"https:\/\/www.sgeaj.ch\/fr\/\",\"name\":\"Schweizerische Gesellschaft f\u00fcr die Erforschung des 18. Jahrhunderts (SGEAJ - SSEDS)\",\"description\":\"Schweizerische Gesellschaft f\u00fcr die Erforschung des 18. Jahrhunderts\",\"publisher\":{\"@id\":\"https:\/\/www.sgeaj.ch\/fr\/#organization\"},\"potentialAction\":[{\"@type\":\"SearchAction\",\"target\":{\"@type\":\"EntryPoint\",\"urlTemplate\":\"https:\/\/www.sgeaj.ch\/fr\/?s={search_term_string}\"},\"query-input\":{\"@type\":\"PropertyValueSpecification\",\"valueRequired\":true,\"valueName\":\"search_term_string\"}}],\"inLanguage\":\"fr-FR\"},{\"@type\":\"Organization\",\"@id\":\"https:\/\/www.sgeaj.ch\/fr\/#organization\",\"name\":\"Schweizerische Gesellschaft f\u00fcr die Erforschung des 18. Jahrhunderts (SGEAJ - SSEDS)\",\"url\":\"https:\/\/www.sgeaj.ch\/fr\/\",\"logo\":{\"@type\":\"ImageObject\",\"inLanguage\":\"fr-FR\",\"@id\":\"https:\/\/www.sgeaj.ch\/fr\/#\/schema\/logo\/image\/\",\"url\":\"https:\/\/www.sgeaj.ch\/wp-content\/uploads\/2021\/06\/cropped-logo-xviiies-horiz-abreuviations-bleues.png\",\"contentUrl\":\"https:\/\/www.sgeaj.ch\/wp-content\/uploads\/2021\/06\/cropped-logo-xviiies-horiz-abreuviations-bleues.png\",\"width\":659,\"height\":335,\"caption\":\"Schweizerische Gesellschaft f\u00fcr die Erforschung des 18. Jahrhunderts (SGEAJ - SSEDS)\"},\"image\":{\"@id\":\"https:\/\/www.sgeaj.ch\/fr\/#\/schema\/logo\/image\/\"}},{\"@type\":\"Person\",\"@id\":\"https:\/\/www.sgeaj.ch\/fr\/#\/schema\/person\/f9930dca12b3bd252d469f244e700c60\",\"name\":\"Mich\u00e8le Steiner\",\"url\":\"https:\/\/www.sgeaj.ch\/fr\/author\/msteiner\/\"}]}<\/script>\n<!-- \/ Yoast SEO plugin. -->","yoast_head_json":{"title":"Sur les traces de domestiques noir\u00b7e\u00b7s - Schweizerische Gesellschaft f\u00fcr die Erforschung des 18. Jahrhunderts (SGEAJ - SSEDS)","robots":{"index":"index","follow":"follow","max-snippet":"max-snippet:-1","max-image-preview":"max-image-preview:large","max-video-preview":"max-video-preview:-1"},"canonical":"https:\/\/www.sgeaj.ch\/fr\/actualite\/sur-les-traces-de-domestiques-noir-e-s\/","twitter_misc":{"\u00c9crit par":"Mich\u00e8le Steiner","Dur\u00e9e de lecture estim\u00e9e":"2 minutes"},"schema":{"@context":"https:\/\/schema.org","@graph":[{"@type":"Article","@id":"https:\/\/www.sgeaj.ch\/fr\/actualite\/sur-les-traces-de-domestiques-noir-e-s\/#article","isPartOf":{"@id":"https:\/\/www.sgeaj.ch\/fr\/actualite\/sur-les-traces-de-domestiques-noir-e-s\/"},"author":{"name":"Mich\u00e8le Steiner","@id":"https:\/\/www.sgeaj.ch\/fr\/#\/schema\/person\/f9930dca12b3bd252d469f244e700c60"},"headline":"Sur les traces de domestiques noir\u00b7e\u00b7s","datePublished":"2025-11-17T08:14:12+00:00","dateModified":"2025-11-17T08:17:14+00:00","mainEntityOfPage":{"@id":"https:\/\/www.sgeaj.ch\/fr\/actualite\/sur-les-traces-de-domestiques-noir-e-s\/"},"wordCount":243,"publisher":{"@id":"https:\/\/www.sgeaj.ch\/fr\/#organization"},"image":{"@id":"https:\/\/www.sgeaj.ch\/fr\/actualite\/sur-les-traces-de-domestiques-noir-e-s\/#primaryimage"},"thumbnailUrl":"https:\/\/www.sgeaj.ch\/wp-content\/uploads\/2025\/11\/sur-les-traces-conference-guanzini-affiche-2025-11-25-e1763367100867.jpg","keywords":["Black History","Conference","Early Modern Period","Networks","Switzerland"],"articleSection":["Actualit\u00e9","Colloques"],"inLanguage":"fr-FR"},{"@type":"WebPage","@id":"https:\/\/www.sgeaj.ch\/fr\/actualite\/sur-les-traces-de-domestiques-noir-e-s\/","url":"https:\/\/www.sgeaj.ch\/fr\/actualite\/sur-les-traces-de-domestiques-noir-e-s\/","name":"Sur les traces de domestiques noir\u00b7e\u00b7s - Schweizerische Gesellschaft f\u00fcr die Erforschung des 18. Jahrhunderts (SGEAJ - SSEDS)","isPartOf":{"@id":"https:\/\/www.sgeaj.ch\/fr\/#website"},"primaryImageOfPage":{"@id":"https:\/\/www.sgeaj.ch\/fr\/actualite\/sur-les-traces-de-domestiques-noir-e-s\/#primaryimage"},"image":{"@id":"https:\/\/www.sgeaj.ch\/fr\/actualite\/sur-les-traces-de-domestiques-noir-e-s\/#primaryimage"},"thumbnailUrl":"https:\/\/www.sgeaj.ch\/wp-content\/uploads\/2025\/11\/sur-les-traces-conference-guanzini-affiche-2025-11-25-e1763367100867.jpg","datePublished":"2025-11-17T08:14:12+00:00","dateModified":"2025-11-17T08:17:14+00:00","inLanguage":"fr-FR","potentialAction":[{"@type":"ReadAction","target":["https:\/\/www.sgeaj.ch\/fr\/actualite\/sur-les-traces-de-domestiques-noir-e-s\/"]}]},{"@type":"ImageObject","inLanguage":"fr-FR","@id":"https:\/\/www.sgeaj.ch\/fr\/actualite\/sur-les-traces-de-domestiques-noir-e-s\/#primaryimage","url":"https:\/\/www.sgeaj.ch\/wp-content\/uploads\/2025\/11\/sur-les-traces-conference-guanzini-affiche-2025-11-25-e1763367100867.jpg","contentUrl":"https:\/\/www.sgeaj.ch\/wp-content\/uploads\/2025\/11\/sur-les-traces-conference-guanzini-affiche-2025-11-25-e1763367100867.jpg","width":1166,"height":1654},{"@type":"WebSite","@id":"https:\/\/www.sgeaj.ch\/fr\/#website","url":"https:\/\/www.sgeaj.ch\/fr\/","name":"Schweizerische Gesellschaft f\u00fcr die Erforschung des 18. Jahrhunderts (SGEAJ - SSEDS)","description":"Schweizerische Gesellschaft f\u00fcr die Erforschung des 18. Jahrhunderts","publisher":{"@id":"https:\/\/www.sgeaj.ch\/fr\/#organization"},"potentialAction":[{"@type":"SearchAction","target":{"@type":"EntryPoint","urlTemplate":"https:\/\/www.sgeaj.ch\/fr\/?s={search_term_string}"},"query-input":{"@type":"PropertyValueSpecification","valueRequired":true,"valueName":"search_term_string"}}],"inLanguage":"fr-FR"},{"@type":"Organization","@id":"https:\/\/www.sgeaj.ch\/fr\/#organization","name":"Schweizerische Gesellschaft f\u00fcr die Erforschung des 18. Jahrhunderts (SGEAJ - SSEDS)","url":"https:\/\/www.sgeaj.ch\/fr\/","logo":{"@type":"ImageObject","inLanguage":"fr-FR","@id":"https:\/\/www.sgeaj.ch\/fr\/#\/schema\/logo\/image\/","url":"https:\/\/www.sgeaj.ch\/wp-content\/uploads\/2021\/06\/cropped-logo-xviiies-horiz-abreuviations-bleues.png","contentUrl":"https:\/\/www.sgeaj.ch\/wp-content\/uploads\/2021\/06\/cropped-logo-xviiies-horiz-abreuviations-bleues.png","width":659,"height":335,"caption":"Schweizerische Gesellschaft f\u00fcr die Erforschung des 18. Jahrhunderts (SGEAJ - SSEDS)"},"image":{"@id":"https:\/\/www.sgeaj.ch\/fr\/#\/schema\/logo\/image\/"}},{"@type":"Person","@id":"https:\/\/www.sgeaj.ch\/fr\/#\/schema\/person\/f9930dca12b3bd252d469f244e700c60","name":"Mich\u00e8le Steiner","url":"https:\/\/www.sgeaj.ch\/fr\/author\/msteiner\/"}]}},"_links":{"self":[{"href":"https:\/\/www.sgeaj.ch\/fr\/wp-json\/wp\/v2\/posts\/8200","targetHints":{"allow":["GET"]}}],"collection":[{"href":"https:\/\/www.sgeaj.ch\/fr\/wp-json\/wp\/v2\/posts"}],"about":[{"href":"https:\/\/www.sgeaj.ch\/fr\/wp-json\/wp\/v2\/types\/post"}],"author":[{"embeddable":true,"href":"https:\/\/www.sgeaj.ch\/fr\/wp-json\/wp\/v2\/users\/9"}],"replies":[{"embeddable":true,"href":"https:\/\/www.sgeaj.ch\/fr\/wp-json\/wp\/v2\/comments?post=8200"}],"version-history":[{"count":2,"href":"https:\/\/www.sgeaj.ch\/fr\/wp-json\/wp\/v2\/posts\/8200\/revisions"}],"predecessor-version":[{"id":8203,"href":"https:\/\/www.sgeaj.ch\/fr\/wp-json\/wp\/v2\/posts\/8200\/revisions\/8203"}],"wp:featuredmedia":[{"embeddable":true,"href":"https:\/\/www.sgeaj.ch\/fr\/wp-json\/wp\/v2\/media\/8198"}],"wp:attachment":[{"href":"https:\/\/www.sgeaj.ch\/fr\/wp-json\/wp\/v2\/media?parent=8200"}],"wp:term":[{"taxonomy":"category","embeddable":true,"href":"https:\/\/www.sgeaj.ch\/fr\/wp-json\/wp\/v2\/categories?post=8200"},{"taxonomy":"post_tag","embeddable":true,"href":"https:\/\/www.sgeaj.ch\/fr\/wp-json\/wp\/v2\/tags?post=8200"}],"curies":[{"name":"wp","href":"https:\/\/api.w.org\/{rel}","templated":true}]}}