{"id":8210,"date":"2025-11-17T10:15:02","date_gmt":"2025-11-17T09:15:02","guid":{"rendered":"https:\/\/www.sgeaj.ch\/?p=8210"},"modified":"2025-11-17T10:15:04","modified_gmt":"2025-11-17T09:15:04","slug":"von-der-wunderkammer-zum-archiv","status":"publish","type":"post","link":"https:\/\/www.sgeaj.ch\/fr\/actualite\/von-der-wunderkammer-zum-archiv\/","title":{"rendered":"Von der Wunderkammer zum Archiv"},"content":{"rendered":"\n<h3 class=\"wp-block-heading\">Eine neue Ausstellung in der Burgerbibliothek Bern, kuratiert von Studierenden der Fachbereiche Kunstgeschichte und Museologie der Universit\u00e4ten Bern und Neuch\u00e2tel, blickt auf die Geschichte einer bedeutsamen Berner Institution (21. August 2025 &#8211; 26. Juni 2026). <\/h3>\n\n\n\n<p>Die Burgerbibliothek Bern blickt auf eine jahrhundertelange Geschichte zur\u00fcck. Nach der Reformation 1528 zun\u00e4chst als B\u00fcchersammlung f\u00fcr die Professoren und Studenten der Hohen Schule eingerichtet, wandelte sie sich anfangs des 17. Jahrhunderts zur barocken Universalbibliothek. Diese war mehr als nur ein B\u00fccherhort, sie war zugleich Kunstkammer, Antiquarium, Naturalienkabinett, Forschungsst\u00e4tte und Ziel blosser Schaulust. Ihr Sammlungsgut sollte sowohl die Welt in ihrer Gesamtheit veranschaulichen als auch der obrigkeitlichen Repr\u00e4sentation dienen. Ein 1693 angelegtes, reich illustriertes Donationenbuch belegt die bis ins 18. Jahrhundert zahlreich der Bibliothek \u00fcbergebenen Schenkungen.<\/p>\n\n\n\n<p>Die Einheit von Bibliothek und Museum l\u00f6ste sich im 19. Jahrhundert auf. Das museale Sammlungsgut wurde sukzessive in spezialisierte Institutionen wie das Historische oder Naturhistorische Museum \u00fcberf\u00fchrt. Seit 1951 ist die <a href=\"https:\/\/www.burgerbib.ch\/de\/\" target=\"_blank\" rel=\"noreferrer noopener\">Burgerbibliothek<\/a> das Archiv der <a href=\"https:\/\/www.bgbern.ch\/\" target=\"_blank\" rel=\"noreferrer noopener\">Burgergemeinde Bern<\/a>. Die Dokumente, die sie sammelt und zug\u00e4nglich macht, reichen von Pergamenten des fr\u00fchen Mittelalters bis zu digitalen Daten der Gegenwart.<\/p>\n\n\n\n<p>Die Ausstellung, die in Zusammenarbeit mit Studierenden des Fachbereichs Kunstgeschichte und Museologie der <a href=\"https:\/\/www.ikg.unibe.ch\/\" target=\"_blank\" rel=\"noreferrer noopener\">Universit\u00e4ten Bern<\/a> und <a href=\"https:\/\/www.unine.ch\/iham\/\" target=\"_blank\" rel=\"noreferrer noopener\">Neuch\u00e2tel<\/a> entstanden ist, erz\u00e4hlt die Geschichte der Burgerbibliothek anhand ausgew\u00e4hlter Dokumente und Objekte, die zum Teil erstmals seit \u00fcber 200 Jahren wieder als Leihgaben ins Haus an der M\u00fcnstergasse gekommen sind.<\/p>\n\n\n\n<p>Die Ausstellung kann nur gef\u00fchrt besucht werden. Die Termine f\u00fcr \u00f6ffentliche oder thematische Spezialf\u00fchrungen finden sich <a href=\"https:\/\/www.burgerbib.ch\/de\/aktuelles\/news\/detail\/von-der-wunderkammer-zum-archiv\" target=\"_blank\" rel=\"noreferrer noopener\">hier<\/a>.<\/p>\n\n\n\n<div data-wp-interactive=\"core\/file\" class=\"wp-block-file\"><object data-wp-bind--hidden=\"!state.hasPdfPreview\" hidden class=\"wp-block-file__embed\" data=\"https:\/\/www.sgeaj.ch\/wp-content\/uploads\/2025\/11\/2025-26-exposition-burgerbibliothek.pdf\" type=\"application\/pdf\" style=\"width:100%;height:600px\" aria-label=\"Contenu embarqu\u00e9 2025-26_Exposition_Burgerbibliothek.\"><\/object><a id=\"wp-block-file--media-bab11882-75b6-4c01-a0b7-73c24891dbec\" href=\"https:\/\/www.sgeaj.ch\/wp-content\/uploads\/2025\/11\/2025-26-exposition-burgerbibliothek.pdf\">2025-26_Exposition_Burgerbibliothek<\/a><a href=\"https:\/\/www.sgeaj.ch\/wp-content\/uploads\/2025\/11\/2025-26-exposition-burgerbibliothek.pdf\" class=\"wp-block-file__button wp-element-button\" download aria-describedby=\"wp-block-file--media-bab11882-75b6-4c01-a0b7-73c24891dbec\">Herunterladen<\/a><\/div>\n","protected":false},"excerpt":{"rendered":"<p>Eine neue Ausstellung in der Burgerbibliothek Bern, kuratiert von Studierenden der Fachbereiche Kunstgeschichte und Museologie der Universit\u00e4ten Bern und Neuch\u00e2tel, blickt auf die Geschichte einer bedeutsamen Berner Institution (21. August 2025 &#8211; 26. Juni 2026). Die Burgerbibliothek Bern blickt auf eine jahrhundertelange Geschichte zur\u00fcck. Nach der Reformation 1528 zun\u00e4chst als B\u00fcchersammlung f\u00fcr die Professoren und [&hellip;]<\/p>\n","protected":false},"author":9,"featured_media":8208,"comment_status":"closed","ping_status":"open","sticky":false,"template":"","format":"standard","meta":{"footnotes":""},"categories":[42,55],"tags":[61,73,68,152,101],"class_list":{"0":"post-8210","1":"post","2":"type-post","3":"status-publish","4":"format-standard","5":"has-post-thumbnail","7":"category-actualite","8":"category-expositions","9":"tag-early-modern-period-fr","10":"tag-exhibition-fr","11":"tag-knowledge-fr","12":"tag-museum-fr","13":"tag-switzerland-fr","14":"czr-hentry"},"yoast_head":"<!-- This site is optimized with the Yoast SEO plugin v26.9 - https:\/\/yoast.com\/product\/yoast-seo-wordpress\/ -->\n<title>Von der Wunderkammer zum Archiv - Schweizerische Gesellschaft f\u00fcr die Erforschung des 18. Jahrhunderts (SGEAJ - SSEDS)<\/title>\n<meta name=\"robots\" content=\"index, follow, max-snippet:-1, max-image-preview:large, max-video-preview:-1\" \/>\n<link rel=\"canonical\" href=\"https:\/\/www.sgeaj.ch\/fr\/actualite\/von-der-wunderkammer-zum-archiv\/\" \/>\n<meta name=\"twitter:label1\" content=\"\u00c9crit par\" \/>\n\t<meta name=\"twitter:data1\" content=\"Mich\u00e8le Steiner\" \/>\n\t<meta name=\"twitter:label2\" content=\"Dur\u00e9e de lecture estim\u00e9e\" \/>\n\t<meta name=\"twitter:data2\" content=\"2 minutes\" \/>\n<script type=\"application\/ld+json\" class=\"yoast-schema-graph\">{\"@context\":\"https:\/\/schema.org\",\"@graph\":[{\"@type\":\"Article\",\"@id\":\"https:\/\/www.sgeaj.ch\/fr\/actualite\/von-der-wunderkammer-zum-archiv\/#article\",\"isPartOf\":{\"@id\":\"https:\/\/www.sgeaj.ch\/fr\/actualite\/von-der-wunderkammer-zum-archiv\/\"},\"author\":{\"name\":\"Mich\u00e8le Steiner\",\"@id\":\"https:\/\/www.sgeaj.ch\/fr\/#\/schema\/person\/f9930dca12b3bd252d469f244e700c60\"},\"headline\":\"Von der Wunderkammer zum Archiv\",\"datePublished\":\"2025-11-17T09:15:02+00:00\",\"dateModified\":\"2025-11-17T09:15:04+00:00\",\"mainEntityOfPage\":{\"@id\":\"https:\/\/www.sgeaj.ch\/fr\/actualite\/von-der-wunderkammer-zum-archiv\/\"},\"wordCount\":261,\"publisher\":{\"@id\":\"https:\/\/www.sgeaj.ch\/fr\/#organization\"},\"image\":{\"@id\":\"https:\/\/www.sgeaj.ch\/fr\/actualite\/von-der-wunderkammer-zum-archiv\/#primaryimage\"},\"thumbnailUrl\":\"https:\/\/www.sgeaj.ch\/wp-content\/uploads\/2025\/11\/2025-26-exposition-burgerbibliothek-page-1-e1763370123446.jpg\",\"keywords\":[\"Early Modern Period\",\"Exhibition\",\"Knowledge\",\"Museum\",\"Switzerland\"],\"articleSection\":[\"Actualit\u00e9\",\"Expositions\"],\"inLanguage\":\"fr-FR\"},{\"@type\":\"WebPage\",\"@id\":\"https:\/\/www.sgeaj.ch\/fr\/actualite\/von-der-wunderkammer-zum-archiv\/\",\"url\":\"https:\/\/www.sgeaj.ch\/fr\/actualite\/von-der-wunderkammer-zum-archiv\/\",\"name\":\"Von der Wunderkammer zum Archiv - Schweizerische Gesellschaft f\u00fcr die Erforschung des 18. Jahrhunderts (SGEAJ - SSEDS)\",\"isPartOf\":{\"@id\":\"https:\/\/www.sgeaj.ch\/fr\/#website\"},\"primaryImageOfPage\":{\"@id\":\"https:\/\/www.sgeaj.ch\/fr\/actualite\/von-der-wunderkammer-zum-archiv\/#primaryimage\"},\"image\":{\"@id\":\"https:\/\/www.sgeaj.ch\/fr\/actualite\/von-der-wunderkammer-zum-archiv\/#primaryimage\"},\"thumbnailUrl\":\"https:\/\/www.sgeaj.ch\/wp-content\/uploads\/2025\/11\/2025-26-exposition-burgerbibliothek-page-1-e1763370123446.jpg\",\"datePublished\":\"2025-11-17T09:15:02+00:00\",\"dateModified\":\"2025-11-17T09:15:04+00:00\",\"inLanguage\":\"fr-FR\",\"potentialAction\":[{\"@type\":\"ReadAction\",\"target\":[\"https:\/\/www.sgeaj.ch\/fr\/actualite\/von-der-wunderkammer-zum-archiv\/\"]}]},{\"@type\":\"ImageObject\",\"inLanguage\":\"fr-FR\",\"@id\":\"https:\/\/www.sgeaj.ch\/fr\/actualite\/von-der-wunderkammer-zum-archiv\/#primaryimage\",\"url\":\"https:\/\/www.sgeaj.ch\/wp-content\/uploads\/2025\/11\/2025-26-exposition-burgerbibliothek-page-1-e1763370123446.jpg\",\"contentUrl\":\"https:\/\/www.sgeaj.ch\/wp-content\/uploads\/2025\/11\/2025-26-exposition-burgerbibliothek-page-1-e1763370123446.jpg\",\"width\":1749,\"height\":2481},{\"@type\":\"WebSite\",\"@id\":\"https:\/\/www.sgeaj.ch\/fr\/#website\",\"url\":\"https:\/\/www.sgeaj.ch\/fr\/\",\"name\":\"Schweizerische Gesellschaft f\u00fcr die Erforschung des 18. Jahrhunderts (SGEAJ - SSEDS)\",\"description\":\"Schweizerische Gesellschaft f\u00fcr die Erforschung des 18. Jahrhunderts\",\"publisher\":{\"@id\":\"https:\/\/www.sgeaj.ch\/fr\/#organization\"},\"potentialAction\":[{\"@type\":\"SearchAction\",\"target\":{\"@type\":\"EntryPoint\",\"urlTemplate\":\"https:\/\/www.sgeaj.ch\/fr\/?s={search_term_string}\"},\"query-input\":{\"@type\":\"PropertyValueSpecification\",\"valueRequired\":true,\"valueName\":\"search_term_string\"}}],\"inLanguage\":\"fr-FR\"},{\"@type\":\"Organization\",\"@id\":\"https:\/\/www.sgeaj.ch\/fr\/#organization\",\"name\":\"Schweizerische Gesellschaft f\u00fcr die Erforschung des 18. Jahrhunderts (SGEAJ - SSEDS)\",\"url\":\"https:\/\/www.sgeaj.ch\/fr\/\",\"logo\":{\"@type\":\"ImageObject\",\"inLanguage\":\"fr-FR\",\"@id\":\"https:\/\/www.sgeaj.ch\/fr\/#\/schema\/logo\/image\/\",\"url\":\"https:\/\/www.sgeaj.ch\/wp-content\/uploads\/2021\/06\/cropped-logo-xviiies-horiz-abreuviations-bleues.png\",\"contentUrl\":\"https:\/\/www.sgeaj.ch\/wp-content\/uploads\/2021\/06\/cropped-logo-xviiies-horiz-abreuviations-bleues.png\",\"width\":659,\"height\":335,\"caption\":\"Schweizerische Gesellschaft f\u00fcr die Erforschung des 18. Jahrhunderts (SGEAJ - SSEDS)\"},\"image\":{\"@id\":\"https:\/\/www.sgeaj.ch\/fr\/#\/schema\/logo\/image\/\"}},{\"@type\":\"Person\",\"@id\":\"https:\/\/www.sgeaj.ch\/fr\/#\/schema\/person\/f9930dca12b3bd252d469f244e700c60\",\"name\":\"Mich\u00e8le Steiner\",\"url\":\"https:\/\/www.sgeaj.ch\/fr\/author\/msteiner\/\"}]}<\/script>\n<!-- \/ Yoast SEO plugin. -->","yoast_head_json":{"title":"Von der Wunderkammer zum Archiv - Schweizerische Gesellschaft f\u00fcr die Erforschung des 18. Jahrhunderts (SGEAJ - SSEDS)","robots":{"index":"index","follow":"follow","max-snippet":"max-snippet:-1","max-image-preview":"max-image-preview:large","max-video-preview":"max-video-preview:-1"},"canonical":"https:\/\/www.sgeaj.ch\/fr\/actualite\/von-der-wunderkammer-zum-archiv\/","twitter_misc":{"\u00c9crit par":"Mich\u00e8le Steiner","Dur\u00e9e de lecture estim\u00e9e":"2 minutes"},"schema":{"@context":"https:\/\/schema.org","@graph":[{"@type":"Article","@id":"https:\/\/www.sgeaj.ch\/fr\/actualite\/von-der-wunderkammer-zum-archiv\/#article","isPartOf":{"@id":"https:\/\/www.sgeaj.ch\/fr\/actualite\/von-der-wunderkammer-zum-archiv\/"},"author":{"name":"Mich\u00e8le Steiner","@id":"https:\/\/www.sgeaj.ch\/fr\/#\/schema\/person\/f9930dca12b3bd252d469f244e700c60"},"headline":"Von der Wunderkammer zum Archiv","datePublished":"2025-11-17T09:15:02+00:00","dateModified":"2025-11-17T09:15:04+00:00","mainEntityOfPage":{"@id":"https:\/\/www.sgeaj.ch\/fr\/actualite\/von-der-wunderkammer-zum-archiv\/"},"wordCount":261,"publisher":{"@id":"https:\/\/www.sgeaj.ch\/fr\/#organization"},"image":{"@id":"https:\/\/www.sgeaj.ch\/fr\/actualite\/von-der-wunderkammer-zum-archiv\/#primaryimage"},"thumbnailUrl":"https:\/\/www.sgeaj.ch\/wp-content\/uploads\/2025\/11\/2025-26-exposition-burgerbibliothek-page-1-e1763370123446.jpg","keywords":["Early Modern Period","Exhibition","Knowledge","Museum","Switzerland"],"articleSection":["Actualit\u00e9","Expositions"],"inLanguage":"fr-FR"},{"@type":"WebPage","@id":"https:\/\/www.sgeaj.ch\/fr\/actualite\/von-der-wunderkammer-zum-archiv\/","url":"https:\/\/www.sgeaj.ch\/fr\/actualite\/von-der-wunderkammer-zum-archiv\/","name":"Von der Wunderkammer zum Archiv - Schweizerische Gesellschaft f\u00fcr die Erforschung des 18. Jahrhunderts (SGEAJ - SSEDS)","isPartOf":{"@id":"https:\/\/www.sgeaj.ch\/fr\/#website"},"primaryImageOfPage":{"@id":"https:\/\/www.sgeaj.ch\/fr\/actualite\/von-der-wunderkammer-zum-archiv\/#primaryimage"},"image":{"@id":"https:\/\/www.sgeaj.ch\/fr\/actualite\/von-der-wunderkammer-zum-archiv\/#primaryimage"},"thumbnailUrl":"https:\/\/www.sgeaj.ch\/wp-content\/uploads\/2025\/11\/2025-26-exposition-burgerbibliothek-page-1-e1763370123446.jpg","datePublished":"2025-11-17T09:15:02+00:00","dateModified":"2025-11-17T09:15:04+00:00","inLanguage":"fr-FR","potentialAction":[{"@type":"ReadAction","target":["https:\/\/www.sgeaj.ch\/fr\/actualite\/von-der-wunderkammer-zum-archiv\/"]}]},{"@type":"ImageObject","inLanguage":"fr-FR","@id":"https:\/\/www.sgeaj.ch\/fr\/actualite\/von-der-wunderkammer-zum-archiv\/#primaryimage","url":"https:\/\/www.sgeaj.ch\/wp-content\/uploads\/2025\/11\/2025-26-exposition-burgerbibliothek-page-1-e1763370123446.jpg","contentUrl":"https:\/\/www.sgeaj.ch\/wp-content\/uploads\/2025\/11\/2025-26-exposition-burgerbibliothek-page-1-e1763370123446.jpg","width":1749,"height":2481},{"@type":"WebSite","@id":"https:\/\/www.sgeaj.ch\/fr\/#website","url":"https:\/\/www.sgeaj.ch\/fr\/","name":"Schweizerische Gesellschaft f\u00fcr die Erforschung des 18. Jahrhunderts (SGEAJ - SSEDS)","description":"Schweizerische Gesellschaft f\u00fcr die Erforschung des 18. Jahrhunderts","publisher":{"@id":"https:\/\/www.sgeaj.ch\/fr\/#organization"},"potentialAction":[{"@type":"SearchAction","target":{"@type":"EntryPoint","urlTemplate":"https:\/\/www.sgeaj.ch\/fr\/?s={search_term_string}"},"query-input":{"@type":"PropertyValueSpecification","valueRequired":true,"valueName":"search_term_string"}}],"inLanguage":"fr-FR"},{"@type":"Organization","@id":"https:\/\/www.sgeaj.ch\/fr\/#organization","name":"Schweizerische Gesellschaft f\u00fcr die Erforschung des 18. Jahrhunderts (SGEAJ - SSEDS)","url":"https:\/\/www.sgeaj.ch\/fr\/","logo":{"@type":"ImageObject","inLanguage":"fr-FR","@id":"https:\/\/www.sgeaj.ch\/fr\/#\/schema\/logo\/image\/","url":"https:\/\/www.sgeaj.ch\/wp-content\/uploads\/2021\/06\/cropped-logo-xviiies-horiz-abreuviations-bleues.png","contentUrl":"https:\/\/www.sgeaj.ch\/wp-content\/uploads\/2021\/06\/cropped-logo-xviiies-horiz-abreuviations-bleues.png","width":659,"height":335,"caption":"Schweizerische Gesellschaft f\u00fcr die Erforschung des 18. Jahrhunderts (SGEAJ - SSEDS)"},"image":{"@id":"https:\/\/www.sgeaj.ch\/fr\/#\/schema\/logo\/image\/"}},{"@type":"Person","@id":"https:\/\/www.sgeaj.ch\/fr\/#\/schema\/person\/f9930dca12b3bd252d469f244e700c60","name":"Mich\u00e8le Steiner","url":"https:\/\/www.sgeaj.ch\/fr\/author\/msteiner\/"}]}},"_links":{"self":[{"href":"https:\/\/www.sgeaj.ch\/fr\/wp-json\/wp\/v2\/posts\/8210","targetHints":{"allow":["GET"]}}],"collection":[{"href":"https:\/\/www.sgeaj.ch\/fr\/wp-json\/wp\/v2\/posts"}],"about":[{"href":"https:\/\/www.sgeaj.ch\/fr\/wp-json\/wp\/v2\/types\/post"}],"author":[{"embeddable":true,"href":"https:\/\/www.sgeaj.ch\/fr\/wp-json\/wp\/v2\/users\/9"}],"replies":[{"embeddable":true,"href":"https:\/\/www.sgeaj.ch\/fr\/wp-json\/wp\/v2\/comments?post=8210"}],"version-history":[{"count":2,"href":"https:\/\/www.sgeaj.ch\/fr\/wp-json\/wp\/v2\/posts\/8210\/revisions"}],"predecessor-version":[{"id":8213,"href":"https:\/\/www.sgeaj.ch\/fr\/wp-json\/wp\/v2\/posts\/8210\/revisions\/8213"}],"wp:featuredmedia":[{"embeddable":true,"href":"https:\/\/www.sgeaj.ch\/fr\/wp-json\/wp\/v2\/media\/8208"}],"wp:attachment":[{"href":"https:\/\/www.sgeaj.ch\/fr\/wp-json\/wp\/v2\/media?parent=8210"}],"wp:term":[{"taxonomy":"category","embeddable":true,"href":"https:\/\/www.sgeaj.ch\/fr\/wp-json\/wp\/v2\/categories?post=8210"},{"taxonomy":"post_tag","embeddable":true,"href":"https:\/\/www.sgeaj.ch\/fr\/wp-json\/wp\/v2\/tags?post=8210"}],"curies":[{"name":"wp","href":"https:\/\/api.w.org\/{rel}","templated":true}]}}