{"id":8222,"date":"2026-01-06T09:03:42","date_gmt":"2026-01-06T08:03:42","guid":{"rendered":"https:\/\/www.sgeaj.ch\/?p=8222"},"modified":"2026-01-06T09:03:44","modified_gmt":"2026-01-06T08:03:44","slug":"au-dela-du-livre-beyond-books","status":"publish","type":"post","link":"https:\/\/www.sgeaj.ch\/fr\/actualite\/au-dela-du-livre-beyond-books\/","title":{"rendered":"Au-del\u00e0 du livre &#8211; Beyond Books"},"content":{"rendered":"\n<h3 class=\"wp-block-heading\">Instruments et savoir en biblioth\u00e8que : ce colloque international interroge le r\u00f4le didactique capital que les instruments scientifiques ont jou\u00e9 au sein des collections des biblioth\u00e8ques \u00e0 travers les si\u00e8cles. Il est co-organis\u00e9 par Rossella Baldi, membre de la SSEDS, et se tiendra les 14 et 15 janvier 2026 au Mus\u00e9e d&rsquo;histoire des sciences \u00e0 Gen\u00e8ve. <\/h3>\n\n\n\n<p>Peu d\u2019\u00e9tudes se sont jusqu\u2019\u00e0 pr\u00e9sent pench\u00e9es sur le lien entre espace du savoir livresque et instruments, th\u00e9matique pourtant centrale dans une perspective historique, scientifique et patrimoniale. Cette manifestation souhaite combler cette lacune et sera donc la premi\u00e8re jamais organis\u00e9e sur ce th\u00e8me. Elle r\u00e9unira une riche palette de sp\u00e9cialistes provenant d\u2019Europe et des \u00c9tats-Unis, qui questionneront la relation entre biblioth\u00e8ques et instrumentation scientifique en adoptant une approche interdisciplinaire et synchronique dans le cadre id\u00e9al du Mus\u00e9e d\u2019histoire des sciences.<\/p>\n\n\n\n<div data-wp-interactive=\"core\/file\" class=\"wp-block-file\"><object data-wp-bind--hidden=\"!state.hasPdfPreview\" hidden class=\"wp-block-file__embed\" data=\"https:\/\/www.sgeaj.ch\/wp-content\/uploads\/2026\/01\/2026-colloque-au-dela-du-livre.pdf\" type=\"application\/pdf\" style=\"width:100%;height:600px\" aria-label=\"Contenu embarqu\u00e9 2026_Colloque_Au-dela-du-livre.\"><\/object><a id=\"wp-block-file--media-c15a0926-4db0-4def-b149-aeb494a2013f\" href=\"https:\/\/www.sgeaj.ch\/wp-content\/uploads\/2026\/01\/2026-colloque-au-dela-du-livre.pdf\">2026_Colloque_Au-dela-du-livre<\/a><a href=\"https:\/\/www.sgeaj.ch\/wp-content\/uploads\/2026\/01\/2026-colloque-au-dela-du-livre.pdf\" class=\"wp-block-file__button wp-element-button\" download aria-describedby=\"wp-block-file--media-c15a0926-4db0-4def-b149-aeb494a2013f\">Herunterladen<\/a><\/div>\n","protected":false},"excerpt":{"rendered":"<p>Instruments et savoir en biblioth\u00e8que : ce colloque international interroge le r\u00f4le didactique capital que les instruments scientifiques ont jou\u00e9 au sein des collections des biblioth\u00e8ques \u00e0 travers les si\u00e8cles. Il est co-organis\u00e9 par Rossella Baldi, membre de la SSEDS, et se tiendra les 14 et 15 janvier 2026 au Mus\u00e9e d&rsquo;histoire des sciences \u00e0 [&hellip;]<\/p>\n","protected":false},"author":9,"featured_media":8220,"comment_status":"closed","ping_status":"open","sticky":false,"template":"","format":"standard","meta":{"footnotes":""},"categories":[42,27],"tags":[175,67,68,80,90,101],"class_list":{"0":"post-8222","1":"post","2":"type-post","3":"status-publish","4":"format-standard","5":"has-post-thumbnail","7":"category-actualite","8":"category-colloques","9":"tag-conference-fr","10":"tag-enlightenment-fr","11":"tag-knowledge-fr","12":"tag-material-culture-fr","13":"tag-networks-fr","14":"tag-switzerland-fr","15":"czr-hentry"},"yoast_head":"<!-- This site is optimized with the Yoast SEO plugin v26.9 - https:\/\/yoast.com\/product\/yoast-seo-wordpress\/ -->\n<title>Au-del\u00e0 du livre - Beyond Books - Schweizerische Gesellschaft f\u00fcr die Erforschung des 18. Jahrhunderts (SGEAJ - SSEDS)<\/title>\n<meta name=\"robots\" content=\"index, follow, max-snippet:-1, max-image-preview:large, max-video-preview:-1\" \/>\n<link rel=\"canonical\" href=\"https:\/\/www.sgeaj.ch\/fr\/actualite\/au-dela-du-livre-beyond-books\/\" \/>\n<meta name=\"twitter:label1\" content=\"\u00c9crit par\" \/>\n\t<meta name=\"twitter:data1\" content=\"Mich\u00e8le Steiner\" \/>\n\t<meta name=\"twitter:label2\" content=\"Dur\u00e9e de lecture estim\u00e9e\" \/>\n\t<meta name=\"twitter:data2\" content=\"1 minute\" \/>\n<script type=\"application\/ld+json\" class=\"yoast-schema-graph\">{\"@context\":\"https:\/\/schema.org\",\"@graph\":[{\"@type\":\"Article\",\"@id\":\"https:\/\/www.sgeaj.ch\/fr\/actualite\/au-dela-du-livre-beyond-books\/#article\",\"isPartOf\":{\"@id\":\"https:\/\/www.sgeaj.ch\/fr\/actualite\/au-dela-du-livre-beyond-books\/\"},\"author\":{\"name\":\"Mich\u00e8le Steiner\",\"@id\":\"https:\/\/www.sgeaj.ch\/fr\/#\/schema\/person\/f9930dca12b3bd252d469f244e700c60\"},\"headline\":\"Au-del\u00e0 du livre &#8211; Beyond Books\",\"datePublished\":\"2026-01-06T08:03:42+00:00\",\"dateModified\":\"2026-01-06T08:03:44+00:00\",\"mainEntityOfPage\":{\"@id\":\"https:\/\/www.sgeaj.ch\/fr\/actualite\/au-dela-du-livre-beyond-books\/\"},\"wordCount\":160,\"publisher\":{\"@id\":\"https:\/\/www.sgeaj.ch\/fr\/#organization\"},\"image\":{\"@id\":\"https:\/\/www.sgeaj.ch\/fr\/actualite\/au-dela-du-livre-beyond-books\/#primaryimage\"},\"thumbnailUrl\":\"https:\/\/www.sgeaj.ch\/wp-content\/uploads\/2026\/01\/2026-colloque-au-dela-du-livre-page-1-e1767686475914.jpg\",\"keywords\":[\"Conference\",\"Enlightenment\",\"Knowledge\",\"Material Culture\",\"Networks\",\"Switzerland\"],\"articleSection\":[\"Actualit\u00e9\",\"Colloques\"],\"inLanguage\":\"fr-FR\"},{\"@type\":\"WebPage\",\"@id\":\"https:\/\/www.sgeaj.ch\/fr\/actualite\/au-dela-du-livre-beyond-books\/\",\"url\":\"https:\/\/www.sgeaj.ch\/fr\/actualite\/au-dela-du-livre-beyond-books\/\",\"name\":\"Au-del\u00e0 du livre - Beyond Books - Schweizerische Gesellschaft f\u00fcr die Erforschung des 18. Jahrhunderts (SGEAJ - SSEDS)\",\"isPartOf\":{\"@id\":\"https:\/\/www.sgeaj.ch\/fr\/#website\"},\"primaryImageOfPage\":{\"@id\":\"https:\/\/www.sgeaj.ch\/fr\/actualite\/au-dela-du-livre-beyond-books\/#primaryimage\"},\"image\":{\"@id\":\"https:\/\/www.sgeaj.ch\/fr\/actualite\/au-dela-du-livre-beyond-books\/#primaryimage\"},\"thumbnailUrl\":\"https:\/\/www.sgeaj.ch\/wp-content\/uploads\/2026\/01\/2026-colloque-au-dela-du-livre-page-1-e1767686475914.jpg\",\"datePublished\":\"2026-01-06T08:03:42+00:00\",\"dateModified\":\"2026-01-06T08:03:44+00:00\",\"inLanguage\":\"fr-FR\",\"potentialAction\":[{\"@type\":\"ReadAction\",\"target\":[\"https:\/\/www.sgeaj.ch\/fr\/actualite\/au-dela-du-livre-beyond-books\/\"]}]},{\"@type\":\"ImageObject\",\"inLanguage\":\"fr-FR\",\"@id\":\"https:\/\/www.sgeaj.ch\/fr\/actualite\/au-dela-du-livre-beyond-books\/#primaryimage\",\"url\":\"https:\/\/www.sgeaj.ch\/wp-content\/uploads\/2026\/01\/2026-colloque-au-dela-du-livre-page-1-e1767686475914.jpg\",\"contentUrl\":\"https:\/\/www.sgeaj.ch\/wp-content\/uploads\/2026\/01\/2026-colloque-au-dela-du-livre-page-1-e1767686475914.jpg\",\"width\":583,\"height\":827},{\"@type\":\"WebSite\",\"@id\":\"https:\/\/www.sgeaj.ch\/fr\/#website\",\"url\":\"https:\/\/www.sgeaj.ch\/fr\/\",\"name\":\"Schweizerische Gesellschaft f\u00fcr die Erforschung des 18. Jahrhunderts (SGEAJ - SSEDS)\",\"description\":\"Schweizerische Gesellschaft f\u00fcr die Erforschung des 18. Jahrhunderts\",\"publisher\":{\"@id\":\"https:\/\/www.sgeaj.ch\/fr\/#organization\"},\"potentialAction\":[{\"@type\":\"SearchAction\",\"target\":{\"@type\":\"EntryPoint\",\"urlTemplate\":\"https:\/\/www.sgeaj.ch\/fr\/?s={search_term_string}\"},\"query-input\":{\"@type\":\"PropertyValueSpecification\",\"valueRequired\":true,\"valueName\":\"search_term_string\"}}],\"inLanguage\":\"fr-FR\"},{\"@type\":\"Organization\",\"@id\":\"https:\/\/www.sgeaj.ch\/fr\/#organization\",\"name\":\"Schweizerische Gesellschaft f\u00fcr die Erforschung des 18. Jahrhunderts (SGEAJ - SSEDS)\",\"url\":\"https:\/\/www.sgeaj.ch\/fr\/\",\"logo\":{\"@type\":\"ImageObject\",\"inLanguage\":\"fr-FR\",\"@id\":\"https:\/\/www.sgeaj.ch\/fr\/#\/schema\/logo\/image\/\",\"url\":\"https:\/\/www.sgeaj.ch\/wp-content\/uploads\/2021\/06\/cropped-logo-xviiies-horiz-abreuviations-bleues.png\",\"contentUrl\":\"https:\/\/www.sgeaj.ch\/wp-content\/uploads\/2021\/06\/cropped-logo-xviiies-horiz-abreuviations-bleues.png\",\"width\":659,\"height\":335,\"caption\":\"Schweizerische Gesellschaft f\u00fcr die Erforschung des 18. Jahrhunderts (SGEAJ - SSEDS)\"},\"image\":{\"@id\":\"https:\/\/www.sgeaj.ch\/fr\/#\/schema\/logo\/image\/\"}},{\"@type\":\"Person\",\"@id\":\"https:\/\/www.sgeaj.ch\/fr\/#\/schema\/person\/f9930dca12b3bd252d469f244e700c60\",\"name\":\"Mich\u00e8le Steiner\",\"url\":\"https:\/\/www.sgeaj.ch\/fr\/author\/msteiner\/\"}]}<\/script>\n<!-- \/ Yoast SEO plugin. -->","yoast_head_json":{"title":"Au-del\u00e0 du livre - Beyond Books - Schweizerische Gesellschaft f\u00fcr die Erforschung des 18. Jahrhunderts (SGEAJ - SSEDS)","robots":{"index":"index","follow":"follow","max-snippet":"max-snippet:-1","max-image-preview":"max-image-preview:large","max-video-preview":"max-video-preview:-1"},"canonical":"https:\/\/www.sgeaj.ch\/fr\/actualite\/au-dela-du-livre-beyond-books\/","twitter_misc":{"\u00c9crit par":"Mich\u00e8le Steiner","Dur\u00e9e de lecture estim\u00e9e":"1 minute"},"schema":{"@context":"https:\/\/schema.org","@graph":[{"@type":"Article","@id":"https:\/\/www.sgeaj.ch\/fr\/actualite\/au-dela-du-livre-beyond-books\/#article","isPartOf":{"@id":"https:\/\/www.sgeaj.ch\/fr\/actualite\/au-dela-du-livre-beyond-books\/"},"author":{"name":"Mich\u00e8le Steiner","@id":"https:\/\/www.sgeaj.ch\/fr\/#\/schema\/person\/f9930dca12b3bd252d469f244e700c60"},"headline":"Au-del\u00e0 du livre &#8211; Beyond Books","datePublished":"2026-01-06T08:03:42+00:00","dateModified":"2026-01-06T08:03:44+00:00","mainEntityOfPage":{"@id":"https:\/\/www.sgeaj.ch\/fr\/actualite\/au-dela-du-livre-beyond-books\/"},"wordCount":160,"publisher":{"@id":"https:\/\/www.sgeaj.ch\/fr\/#organization"},"image":{"@id":"https:\/\/www.sgeaj.ch\/fr\/actualite\/au-dela-du-livre-beyond-books\/#primaryimage"},"thumbnailUrl":"https:\/\/www.sgeaj.ch\/wp-content\/uploads\/2026\/01\/2026-colloque-au-dela-du-livre-page-1-e1767686475914.jpg","keywords":["Conference","Enlightenment","Knowledge","Material Culture","Networks","Switzerland"],"articleSection":["Actualit\u00e9","Colloques"],"inLanguage":"fr-FR"},{"@type":"WebPage","@id":"https:\/\/www.sgeaj.ch\/fr\/actualite\/au-dela-du-livre-beyond-books\/","url":"https:\/\/www.sgeaj.ch\/fr\/actualite\/au-dela-du-livre-beyond-books\/","name":"Au-del\u00e0 du livre - Beyond Books - Schweizerische Gesellschaft f\u00fcr die Erforschung des 18. Jahrhunderts (SGEAJ - SSEDS)","isPartOf":{"@id":"https:\/\/www.sgeaj.ch\/fr\/#website"},"primaryImageOfPage":{"@id":"https:\/\/www.sgeaj.ch\/fr\/actualite\/au-dela-du-livre-beyond-books\/#primaryimage"},"image":{"@id":"https:\/\/www.sgeaj.ch\/fr\/actualite\/au-dela-du-livre-beyond-books\/#primaryimage"},"thumbnailUrl":"https:\/\/www.sgeaj.ch\/wp-content\/uploads\/2026\/01\/2026-colloque-au-dela-du-livre-page-1-e1767686475914.jpg","datePublished":"2026-01-06T08:03:42+00:00","dateModified":"2026-01-06T08:03:44+00:00","inLanguage":"fr-FR","potentialAction":[{"@type":"ReadAction","target":["https:\/\/www.sgeaj.ch\/fr\/actualite\/au-dela-du-livre-beyond-books\/"]}]},{"@type":"ImageObject","inLanguage":"fr-FR","@id":"https:\/\/www.sgeaj.ch\/fr\/actualite\/au-dela-du-livre-beyond-books\/#primaryimage","url":"https:\/\/www.sgeaj.ch\/wp-content\/uploads\/2026\/01\/2026-colloque-au-dela-du-livre-page-1-e1767686475914.jpg","contentUrl":"https:\/\/www.sgeaj.ch\/wp-content\/uploads\/2026\/01\/2026-colloque-au-dela-du-livre-page-1-e1767686475914.jpg","width":583,"height":827},{"@type":"WebSite","@id":"https:\/\/www.sgeaj.ch\/fr\/#website","url":"https:\/\/www.sgeaj.ch\/fr\/","name":"Schweizerische Gesellschaft f\u00fcr die Erforschung des 18. Jahrhunderts (SGEAJ - SSEDS)","description":"Schweizerische Gesellschaft f\u00fcr die Erforschung des 18. Jahrhunderts","publisher":{"@id":"https:\/\/www.sgeaj.ch\/fr\/#organization"},"potentialAction":[{"@type":"SearchAction","target":{"@type":"EntryPoint","urlTemplate":"https:\/\/www.sgeaj.ch\/fr\/?s={search_term_string}"},"query-input":{"@type":"PropertyValueSpecification","valueRequired":true,"valueName":"search_term_string"}}],"inLanguage":"fr-FR"},{"@type":"Organization","@id":"https:\/\/www.sgeaj.ch\/fr\/#organization","name":"Schweizerische Gesellschaft f\u00fcr die Erforschung des 18. Jahrhunderts (SGEAJ - SSEDS)","url":"https:\/\/www.sgeaj.ch\/fr\/","logo":{"@type":"ImageObject","inLanguage":"fr-FR","@id":"https:\/\/www.sgeaj.ch\/fr\/#\/schema\/logo\/image\/","url":"https:\/\/www.sgeaj.ch\/wp-content\/uploads\/2021\/06\/cropped-logo-xviiies-horiz-abreuviations-bleues.png","contentUrl":"https:\/\/www.sgeaj.ch\/wp-content\/uploads\/2021\/06\/cropped-logo-xviiies-horiz-abreuviations-bleues.png","width":659,"height":335,"caption":"Schweizerische Gesellschaft f\u00fcr die Erforschung des 18. Jahrhunderts (SGEAJ - SSEDS)"},"image":{"@id":"https:\/\/www.sgeaj.ch\/fr\/#\/schema\/logo\/image\/"}},{"@type":"Person","@id":"https:\/\/www.sgeaj.ch\/fr\/#\/schema\/person\/f9930dca12b3bd252d469f244e700c60","name":"Mich\u00e8le Steiner","url":"https:\/\/www.sgeaj.ch\/fr\/author\/msteiner\/"}]}},"_links":{"self":[{"href":"https:\/\/www.sgeaj.ch\/fr\/wp-json\/wp\/v2\/posts\/8222","targetHints":{"allow":["GET"]}}],"collection":[{"href":"https:\/\/www.sgeaj.ch\/fr\/wp-json\/wp\/v2\/posts"}],"about":[{"href":"https:\/\/www.sgeaj.ch\/fr\/wp-json\/wp\/v2\/types\/post"}],"author":[{"embeddable":true,"href":"https:\/\/www.sgeaj.ch\/fr\/wp-json\/wp\/v2\/users\/9"}],"replies":[{"embeddable":true,"href":"https:\/\/www.sgeaj.ch\/fr\/wp-json\/wp\/v2\/comments?post=8222"}],"version-history":[{"count":1,"href":"https:\/\/www.sgeaj.ch\/fr\/wp-json\/wp\/v2\/posts\/8222\/revisions"}],"predecessor-version":[{"id":8223,"href":"https:\/\/www.sgeaj.ch\/fr\/wp-json\/wp\/v2\/posts\/8222\/revisions\/8223"}],"wp:featuredmedia":[{"embeddable":true,"href":"https:\/\/www.sgeaj.ch\/fr\/wp-json\/wp\/v2\/media\/8220"}],"wp:attachment":[{"href":"https:\/\/www.sgeaj.ch\/fr\/wp-json\/wp\/v2\/media?parent=8222"}],"wp:term":[{"taxonomy":"category","embeddable":true,"href":"https:\/\/www.sgeaj.ch\/fr\/wp-json\/wp\/v2\/categories?post=8222"},{"taxonomy":"post_tag","embeddable":true,"href":"https:\/\/www.sgeaj.ch\/fr\/wp-json\/wp\/v2\/tags?post=8222"}],"curies":[{"name":"wp","href":"https:\/\/api.w.org\/{rel}","templated":true}]}}