{"id":8236,"date":"2026-01-30T17:31:19","date_gmt":"2026-01-30T16:31:19","guid":{"rendered":"https:\/\/www.sgeaj.ch\/?p=8236"},"modified":"2026-03-03T14:42:02","modified_gmt":"2026-03-03T13:42:02","slug":"grimm-gotha-paris","status":"publish","type":"post","link":"https:\/\/www.sgeaj.ch\/fr\/actualite\/grimm-gotha-paris\/","title":{"rendered":"Grimm \u2013 Gotha \u2013 Paris"},"content":{"rendered":"\n<h3 class=\"wp-block-heading\">Claire Gantet, Markus Meumann, Isabelle von Treskow (Hg.), Grimm \u2013 Gotha \u2013 Paris. Eine europ\u00e4ische Konstellation zur Zeit der Aufkl\u00e4rung\/Grimm \u2013 Gotha \u2013 Paris. Une constellation europ\u00e9enne au temps des Lumi\u00e8res (Das lange 18. Jahrhundert\/Le long XVIIIe si\u00e8cle\/The Long Eighteenth Century, 7), Basel\/Berlin: Schwabe Verlag, 2026.<\/h3>\n\n\n\n<p>Der Band bietet neue Forschungsans\u00e4tze zur Bedeutung Friedrich Melchior Grimms (1723\u20131807) f\u00fcr die Verbreitung der Pariser Aufkl\u00e4rung im deutschsprachigen Raum. Erstmals wird dabei systematisch die Rolle des Gothaer Hofes in den Blick genommen, der Grimm seine Existenz als \u00abKulturinfluencer\u00bb \u00fcberhaupt erst erm\u00f6glichte und ihn auch nach seiner Flucht aus Paris 1792 weiterhin finanziell unterst\u00fctzte. <\/p>\n\n\n\n<p><a href=\"https:\/\/doi.org\/10.24894\/978-3-7965-5363-9\" target=\"_blank\" rel=\"noreferrer noopener\">Hier geht es zur Open-Access-Version der Publikation.<\/a><\/p>\n\n\n\n<p>Cet ouvrage ouvre de nouvelles pistes de recherche sur l\u2019importance de Friedrich Melchior Grimm (1723\u20131807) dans la diffusion des Lumi\u00e8res parisiennes vers l\u2019espace germanophone. Le r\u00f4le de la cour de Gotha y est examin\u00e9 pour la premi\u00e8re fois de mani\u00e8re syst\u00e9matique. C\u2019est elle qui a en effet permis \u00e0 Grimm de devenir un \u00ab influenceur culturel \u00bb et qui a continu\u00e9 \u00e0 le soutenir financi\u00e8rement apr\u00e8s sa fuite de Paris en 1792.<\/p>\n\n\n\n<p><a href=\"https:\/\/doi.org\/10.24894\/978-3-7965-5363-9\" target=\"_blank\" rel=\"noreferrer noopener\">Cliquez ici pour acc\u00e9der \u00e0 la version en libre acc\u00e8s de la publication.<\/a><\/p>\n\n\n\n<div data-wp-interactive=\"core\/file\" class=\"wp-block-file\"><object data-wp-bind--hidden=\"!state.hasPdfPreview\" hidden class=\"wp-block-file__embed\" data=\"https:\/\/www.sgeaj.ch\/wp-content\/uploads\/2026\/01\/grimm-gotha-paris.pdf\" type=\"application\/pdf\" style=\"width:100%;height:600px\" aria-label=\"Contenu embarqu\u00e9 grimm_\u2013_gotha_\u2013_paris.\"><\/object><a id=\"wp-block-file--media-aaeef821-3ca1-488f-8e59-287db8246cf4\" href=\"https:\/\/www.sgeaj.ch\/wp-content\/uploads\/2026\/01\/grimm-gotha-paris.pdf\">grimm_\u2013_gotha_\u2013_paris<\/a><a href=\"https:\/\/www.sgeaj.ch\/wp-content\/uploads\/2026\/01\/grimm-gotha-paris.pdf\" class=\"wp-block-file__button wp-element-button\" download aria-describedby=\"wp-block-file--media-aaeef821-3ca1-488f-8e59-287db8246cf4\">Herunterladen<\/a><\/div>\n","protected":false},"excerpt":{"rendered":"<p>Claire Gantet, Markus Meumann, Isabelle von Treskow (Hg.), Grimm \u2013 Gotha \u2013 Paris. Eine europ\u00e4ische Konstellation zur Zeit der Aufkl\u00e4rung\/Grimm \u2013 Gotha \u2013 Paris. Une constellation europ\u00e9enne au temps des Lumi\u00e8res (Das lange 18. Jahrhundert\/Le long XVIIIe si\u00e8cle\/The Long Eighteenth Century, 7), Basel\/Berlin: Schwabe Verlag, 2026. Der Band bietet neue Forschungsans\u00e4tze zur Bedeutung Friedrich Melchior [&hellip;]<\/p>\n","protected":false},"author":9,"featured_media":8264,"comment_status":"closed","ping_status":"open","sticky":false,"template":"","format":"standard","meta":{"footnotes":""},"categories":[42,25],"tags":[67,103,68,90],"class_list":{"0":"post-8236","1":"post","2":"type-post","3":"status-publish","4":"format-standard","5":"has-post-thumbnail","7":"category-actualite","8":"category-nouvelles-publications","9":"tag-enlightenment-fr","10":"tag-france-fr","11":"tag-knowledge-fr","12":"tag-networks-fr","13":"czr-hentry"},"yoast_head":"<!-- This site is optimized with the Yoast SEO plugin v26.9 - https:\/\/yoast.com\/product\/yoast-seo-wordpress\/ -->\n<title>Grimm \u2013 Gotha \u2013 Paris - Schweizerische Gesellschaft f\u00fcr die Erforschung des 18. Jahrhunderts (SGEAJ - SSEDS)<\/title>\n<meta name=\"robots\" content=\"index, follow, max-snippet:-1, max-image-preview:large, max-video-preview:-1\" \/>\n<link rel=\"canonical\" href=\"https:\/\/www.sgeaj.ch\/fr\/actualite\/grimm-gotha-paris\/\" \/>\n<meta name=\"twitter:label1\" content=\"\u00c9crit par\" \/>\n\t<meta name=\"twitter:data1\" content=\"Mich\u00e8le Steiner\" \/>\n\t<meta name=\"twitter:label2\" content=\"Dur\u00e9e de lecture estim\u00e9e\" \/>\n\t<meta name=\"twitter:data2\" content=\"2 minutes\" \/>\n<script type=\"application\/ld+json\" class=\"yoast-schema-graph\">{\"@context\":\"https:\/\/schema.org\",\"@graph\":[{\"@type\":\"Article\",\"@id\":\"https:\/\/www.sgeaj.ch\/fr\/actualite\/grimm-gotha-paris\/#article\",\"isPartOf\":{\"@id\":\"https:\/\/www.sgeaj.ch\/fr\/actualite\/grimm-gotha-paris\/\"},\"author\":{\"name\":\"Mich\u00e8le Steiner\",\"@id\":\"https:\/\/www.sgeaj.ch\/fr\/#\/schema\/person\/f9930dca12b3bd252d469f244e700c60\"},\"headline\":\"Grimm \u2013 Gotha \u2013 Paris\",\"datePublished\":\"2026-01-30T16:31:19+00:00\",\"dateModified\":\"2026-03-03T13:42:02+00:00\",\"mainEntityOfPage\":{\"@id\":\"https:\/\/www.sgeaj.ch\/fr\/actualite\/grimm-gotha-paris\/\"},\"wordCount\":209,\"publisher\":{\"@id\":\"https:\/\/www.sgeaj.ch\/fr\/#organization\"},\"image\":{\"@id\":\"https:\/\/www.sgeaj.ch\/fr\/actualite\/grimm-gotha-paris\/#primaryimage\"},\"thumbnailUrl\":\"https:\/\/www.sgeaj.ch\/wp-content\/uploads\/2026\/01\/grimm-gotha-paris-cover.png\",\"keywords\":[\"Enlightenment\",\"France\",\"Knowledge\",\"Networks\"],\"articleSection\":[\"Actualit\u00e9\",\"Nouvelles publications\"],\"inLanguage\":\"fr-FR\"},{\"@type\":\"WebPage\",\"@id\":\"https:\/\/www.sgeaj.ch\/fr\/actualite\/grimm-gotha-paris\/\",\"url\":\"https:\/\/www.sgeaj.ch\/fr\/actualite\/grimm-gotha-paris\/\",\"name\":\"Grimm \u2013 Gotha \u2013 Paris - Schweizerische Gesellschaft f\u00fcr die Erforschung des 18. Jahrhunderts (SGEAJ - SSEDS)\",\"isPartOf\":{\"@id\":\"https:\/\/www.sgeaj.ch\/fr\/#website\"},\"primaryImageOfPage\":{\"@id\":\"https:\/\/www.sgeaj.ch\/fr\/actualite\/grimm-gotha-paris\/#primaryimage\"},\"image\":{\"@id\":\"https:\/\/www.sgeaj.ch\/fr\/actualite\/grimm-gotha-paris\/#primaryimage\"},\"thumbnailUrl\":\"https:\/\/www.sgeaj.ch\/wp-content\/uploads\/2026\/01\/grimm-gotha-paris-cover.png\",\"datePublished\":\"2026-01-30T16:31:19+00:00\",\"dateModified\":\"2026-03-03T13:42:02+00:00\",\"inLanguage\":\"fr-FR\",\"potentialAction\":[{\"@type\":\"ReadAction\",\"target\":[\"https:\/\/www.sgeaj.ch\/fr\/actualite\/grimm-gotha-paris\/\"]}]},{\"@type\":\"ImageObject\",\"inLanguage\":\"fr-FR\",\"@id\":\"https:\/\/www.sgeaj.ch\/fr\/actualite\/grimm-gotha-paris\/#primaryimage\",\"url\":\"https:\/\/www.sgeaj.ch\/wp-content\/uploads\/2026\/01\/grimm-gotha-paris-cover.png\",\"contentUrl\":\"https:\/\/www.sgeaj.ch\/wp-content\/uploads\/2026\/01\/grimm-gotha-paris-cover.png\",\"width\":1078,\"height\":883},{\"@type\":\"WebSite\",\"@id\":\"https:\/\/www.sgeaj.ch\/fr\/#website\",\"url\":\"https:\/\/www.sgeaj.ch\/fr\/\",\"name\":\"Schweizerische Gesellschaft f\u00fcr die Erforschung des 18. Jahrhunderts (SGEAJ - SSEDS)\",\"description\":\"Schweizerische Gesellschaft f\u00fcr die Erforschung des 18. Jahrhunderts\",\"publisher\":{\"@id\":\"https:\/\/www.sgeaj.ch\/fr\/#organization\"},\"potentialAction\":[{\"@type\":\"SearchAction\",\"target\":{\"@type\":\"EntryPoint\",\"urlTemplate\":\"https:\/\/www.sgeaj.ch\/fr\/?s={search_term_string}\"},\"query-input\":{\"@type\":\"PropertyValueSpecification\",\"valueRequired\":true,\"valueName\":\"search_term_string\"}}],\"inLanguage\":\"fr-FR\"},{\"@type\":\"Organization\",\"@id\":\"https:\/\/www.sgeaj.ch\/fr\/#organization\",\"name\":\"Schweizerische Gesellschaft f\u00fcr die Erforschung des 18. Jahrhunderts (SGEAJ - SSEDS)\",\"url\":\"https:\/\/www.sgeaj.ch\/fr\/\",\"logo\":{\"@type\":\"ImageObject\",\"inLanguage\":\"fr-FR\",\"@id\":\"https:\/\/www.sgeaj.ch\/fr\/#\/schema\/logo\/image\/\",\"url\":\"https:\/\/www.sgeaj.ch\/wp-content\/uploads\/2021\/06\/cropped-logo-xviiies-horiz-abreuviations-bleues.png\",\"contentUrl\":\"https:\/\/www.sgeaj.ch\/wp-content\/uploads\/2021\/06\/cropped-logo-xviiies-horiz-abreuviations-bleues.png\",\"width\":659,\"height\":335,\"caption\":\"Schweizerische Gesellschaft f\u00fcr die Erforschung des 18. Jahrhunderts (SGEAJ - SSEDS)\"},\"image\":{\"@id\":\"https:\/\/www.sgeaj.ch\/fr\/#\/schema\/logo\/image\/\"}},{\"@type\":\"Person\",\"@id\":\"https:\/\/www.sgeaj.ch\/fr\/#\/schema\/person\/f9930dca12b3bd252d469f244e700c60\",\"name\":\"Mich\u00e8le Steiner\",\"url\":\"https:\/\/www.sgeaj.ch\/fr\/author\/msteiner\/\"}]}<\/script>\n<!-- \/ Yoast SEO plugin. -->","yoast_head_json":{"title":"Grimm \u2013 Gotha \u2013 Paris - Schweizerische Gesellschaft f\u00fcr die Erforschung des 18. Jahrhunderts (SGEAJ - SSEDS)","robots":{"index":"index","follow":"follow","max-snippet":"max-snippet:-1","max-image-preview":"max-image-preview:large","max-video-preview":"max-video-preview:-1"},"canonical":"https:\/\/www.sgeaj.ch\/fr\/actualite\/grimm-gotha-paris\/","twitter_misc":{"\u00c9crit par":"Mich\u00e8le Steiner","Dur\u00e9e de lecture estim\u00e9e":"2 minutes"},"schema":{"@context":"https:\/\/schema.org","@graph":[{"@type":"Article","@id":"https:\/\/www.sgeaj.ch\/fr\/actualite\/grimm-gotha-paris\/#article","isPartOf":{"@id":"https:\/\/www.sgeaj.ch\/fr\/actualite\/grimm-gotha-paris\/"},"author":{"name":"Mich\u00e8le Steiner","@id":"https:\/\/www.sgeaj.ch\/fr\/#\/schema\/person\/f9930dca12b3bd252d469f244e700c60"},"headline":"Grimm \u2013 Gotha \u2013 Paris","datePublished":"2026-01-30T16:31:19+00:00","dateModified":"2026-03-03T13:42:02+00:00","mainEntityOfPage":{"@id":"https:\/\/www.sgeaj.ch\/fr\/actualite\/grimm-gotha-paris\/"},"wordCount":209,"publisher":{"@id":"https:\/\/www.sgeaj.ch\/fr\/#organization"},"image":{"@id":"https:\/\/www.sgeaj.ch\/fr\/actualite\/grimm-gotha-paris\/#primaryimage"},"thumbnailUrl":"https:\/\/www.sgeaj.ch\/wp-content\/uploads\/2026\/01\/grimm-gotha-paris-cover.png","keywords":["Enlightenment","France","Knowledge","Networks"],"articleSection":["Actualit\u00e9","Nouvelles publications"],"inLanguage":"fr-FR"},{"@type":"WebPage","@id":"https:\/\/www.sgeaj.ch\/fr\/actualite\/grimm-gotha-paris\/","url":"https:\/\/www.sgeaj.ch\/fr\/actualite\/grimm-gotha-paris\/","name":"Grimm \u2013 Gotha \u2013 Paris - Schweizerische Gesellschaft f\u00fcr die Erforschung des 18. Jahrhunderts (SGEAJ - SSEDS)","isPartOf":{"@id":"https:\/\/www.sgeaj.ch\/fr\/#website"},"primaryImageOfPage":{"@id":"https:\/\/www.sgeaj.ch\/fr\/actualite\/grimm-gotha-paris\/#primaryimage"},"image":{"@id":"https:\/\/www.sgeaj.ch\/fr\/actualite\/grimm-gotha-paris\/#primaryimage"},"thumbnailUrl":"https:\/\/www.sgeaj.ch\/wp-content\/uploads\/2026\/01\/grimm-gotha-paris-cover.png","datePublished":"2026-01-30T16:31:19+00:00","dateModified":"2026-03-03T13:42:02+00:00","inLanguage":"fr-FR","potentialAction":[{"@type":"ReadAction","target":["https:\/\/www.sgeaj.ch\/fr\/actualite\/grimm-gotha-paris\/"]}]},{"@type":"ImageObject","inLanguage":"fr-FR","@id":"https:\/\/www.sgeaj.ch\/fr\/actualite\/grimm-gotha-paris\/#primaryimage","url":"https:\/\/www.sgeaj.ch\/wp-content\/uploads\/2026\/01\/grimm-gotha-paris-cover.png","contentUrl":"https:\/\/www.sgeaj.ch\/wp-content\/uploads\/2026\/01\/grimm-gotha-paris-cover.png","width":1078,"height":883},{"@type":"WebSite","@id":"https:\/\/www.sgeaj.ch\/fr\/#website","url":"https:\/\/www.sgeaj.ch\/fr\/","name":"Schweizerische Gesellschaft f\u00fcr die Erforschung des 18. Jahrhunderts (SGEAJ - SSEDS)","description":"Schweizerische Gesellschaft f\u00fcr die Erforschung des 18. Jahrhunderts","publisher":{"@id":"https:\/\/www.sgeaj.ch\/fr\/#organization"},"potentialAction":[{"@type":"SearchAction","target":{"@type":"EntryPoint","urlTemplate":"https:\/\/www.sgeaj.ch\/fr\/?s={search_term_string}"},"query-input":{"@type":"PropertyValueSpecification","valueRequired":true,"valueName":"search_term_string"}}],"inLanguage":"fr-FR"},{"@type":"Organization","@id":"https:\/\/www.sgeaj.ch\/fr\/#organization","name":"Schweizerische Gesellschaft f\u00fcr die Erforschung des 18. Jahrhunderts (SGEAJ - SSEDS)","url":"https:\/\/www.sgeaj.ch\/fr\/","logo":{"@type":"ImageObject","inLanguage":"fr-FR","@id":"https:\/\/www.sgeaj.ch\/fr\/#\/schema\/logo\/image\/","url":"https:\/\/www.sgeaj.ch\/wp-content\/uploads\/2021\/06\/cropped-logo-xviiies-horiz-abreuviations-bleues.png","contentUrl":"https:\/\/www.sgeaj.ch\/wp-content\/uploads\/2021\/06\/cropped-logo-xviiies-horiz-abreuviations-bleues.png","width":659,"height":335,"caption":"Schweizerische Gesellschaft f\u00fcr die Erforschung des 18. Jahrhunderts (SGEAJ - SSEDS)"},"image":{"@id":"https:\/\/www.sgeaj.ch\/fr\/#\/schema\/logo\/image\/"}},{"@type":"Person","@id":"https:\/\/www.sgeaj.ch\/fr\/#\/schema\/person\/f9930dca12b3bd252d469f244e700c60","name":"Mich\u00e8le Steiner","url":"https:\/\/www.sgeaj.ch\/fr\/author\/msteiner\/"}]}},"_links":{"self":[{"href":"https:\/\/www.sgeaj.ch\/fr\/wp-json\/wp\/v2\/posts\/8236","targetHints":{"allow":["GET"]}}],"collection":[{"href":"https:\/\/www.sgeaj.ch\/fr\/wp-json\/wp\/v2\/posts"}],"about":[{"href":"https:\/\/www.sgeaj.ch\/fr\/wp-json\/wp\/v2\/types\/post"}],"author":[{"embeddable":true,"href":"https:\/\/www.sgeaj.ch\/fr\/wp-json\/wp\/v2\/users\/9"}],"replies":[{"embeddable":true,"href":"https:\/\/www.sgeaj.ch\/fr\/wp-json\/wp\/v2\/comments?post=8236"}],"version-history":[{"count":4,"href":"https:\/\/www.sgeaj.ch\/fr\/wp-json\/wp\/v2\/posts\/8236\/revisions"}],"predecessor-version":[{"id":8319,"href":"https:\/\/www.sgeaj.ch\/fr\/wp-json\/wp\/v2\/posts\/8236\/revisions\/8319"}],"wp:featuredmedia":[{"embeddable":true,"href":"https:\/\/www.sgeaj.ch\/fr\/wp-json\/wp\/v2\/media\/8264"}],"wp:attachment":[{"href":"https:\/\/www.sgeaj.ch\/fr\/wp-json\/wp\/v2\/media?parent=8236"}],"wp:term":[{"taxonomy":"category","embeddable":true,"href":"https:\/\/www.sgeaj.ch\/fr\/wp-json\/wp\/v2\/categories?post=8236"},{"taxonomy":"post_tag","embeddable":true,"href":"https:\/\/www.sgeaj.ch\/fr\/wp-json\/wp\/v2\/tags?post=8236"}],"curies":[{"name":"wp","href":"https:\/\/api.w.org\/{rel}","templated":true}]}}