{"id":8281,"date":"2026-02-09T09:04:46","date_gmt":"2026-02-09T08:04:46","guid":{"rendered":"https:\/\/www.sgeaj.ch\/?p=8281"},"modified":"2026-02-09T09:04:48","modified_gmt":"2026-02-09T08:04:48","slug":"les-registres-de-la-societe-litteraire-de-lausanne","status":"publish","type":"post","link":"https:\/\/www.sgeaj.ch\/fr\/actualite\/les-registres-de-la-societe-litteraire-de-lausanne\/","title":{"rendered":"Les registres de la Soci\u00e9t\u00e9 litt\u00e9raire de Lausanne"},"content":{"rendered":"\n<h3 class=\"wp-block-heading\">Les registres de la Soci\u00e9t\u00e9 litt\u00e9raire de Lausanne (Travaux sur la Suisse des Lumi\u00e8res 24), ed. par Damiano Bardelli, Gen\u00e8ve : Slatkine, 2026.<\/h3>\n\n\n\n<p>Parmi les nombreuses institutions qui ont anim\u00e9 la vie culturelle et intellectuelle lausannoise du XVIII<sup>e<\/sup> si\u00e8cle figure la Soci\u00e9t\u00e9 litt\u00e9raire de Lausanne. Active \u00e0 deux reprises entre 1772 et 1783, cette soci\u00e9t\u00e9 savante pratiquait une forme de sociabilit\u00e9 courante dans l&rsquo;Europe des Lumi\u00e8res : ses membres s&rsquo;assemblaient hebdomadairement pour discuter de questions convenues \u00e0 l&rsquo;avance, en s&rsquo;appuyant souvent sur des essais r\u00e9dig\u00e9s pour l&rsquo;occasion. Remarquablement cosmopolite, elle recrutait ses membres tant au sein des \u00e9lites locales que de l&rsquo;abondante communaut\u00e9 d&rsquo;\u00e9trangers bas\u00e9s \u00e0 Lausanne, en promouvant ainsi l&rsquo;\u00e9change direct entre individus issus de diff\u00e9rentes r\u00e9gions du continent autour de sujets d&rsquo;actualit\u00e9 dans l&rsquo;Europe des Lumi\u00e8res. Par rapport aux autres soci\u00e9t\u00e9s savantes de l&rsquo;\u00e9poque, la Soci\u00e9t\u00e9 litt\u00e9raire de Lausanne a laiss\u00e9 une documentation manuscrite remarquablement riche, incluant le r\u00e8glement r\u00e9gissant sa conduite, les essais r\u00e9dig\u00e9s par ses membres et surtout les proc\u00e8s-verbaux d\u00e9taillant sa gestion et les d\u00e9bats qui ont anim\u00e9 ses assembl\u00e9es. Cette collection, conserv\u00e9e principalement dans les registres entretenus par les secr\u00e9taires de la soci\u00e9t\u00e9, est \u00e9dit\u00e9e int\u00e9gralement dans le pr\u00e9sent volume, avec un appareil de notes, de renvois et d\u2019annexes.<\/p>\n\n\n\n<p>Damiano Bardelli travaille sur l&rsquo;histoire intellectuelle des Lumi\u00e8res et s&rsquo;int\u00e9resse en particulier aux \u00e9changes entre la Suisse et le reste de l\u2019Europe. Il a enseign\u00e9 aux Universit\u00e9s de Lausanne et Fribourg et il a \u00e9t\u00e9 chercheur invit\u00e9 \u00e0 l&rsquo;EHESS et \u00e0 l&rsquo;Universit\u00e9 de St Andrews. Il est actuellement visiting fellow de la Voltaire Foundation, \u00e0 l&rsquo;Universit\u00e9 d\u2019Oxford.<\/p>\n\n\n\n<p>Vous trouverez <a href=\"https:\/\/www.slatkine.com\/fr\/index.php?controller=attachment&amp;id_attachment=9313\" target=\"_blank\" rel=\"noreferrer noopener\">la table des mati\u00e8res ici<\/a>.<\/p>\n\n\n\n<p>\u2192 <a href=\"https:\/\/www.slatkine.com\/fr\/slatkine-reprints-erudition\/76725-book-07103963-9782051029636.html\" target=\"_blank\" rel=\"noreferrer noopener\">bestellen \/ commander<\/a><\/p>\n","protected":false},"excerpt":{"rendered":"<p>Les registres de la Soci\u00e9t\u00e9 litt\u00e9raire de Lausanne (Travaux sur la Suisse des Lumi\u00e8res 24), ed. par Damiano Bardelli, Gen\u00e8ve : Slatkine, 2026. Parmi les nombreuses institutions qui ont anim\u00e9 la vie culturelle et intellectuelle lausannoise du XVIIIe si\u00e8cle figure la Soci\u00e9t\u00e9 litt\u00e9raire de Lausanne. Active \u00e0 deux reprises entre 1772 et 1783, cette soci\u00e9t\u00e9 [&hellip;]<\/p>\n","protected":false},"author":9,"featured_media":5522,"comment_status":"closed","ping_status":"open","sticky":false,"template":"","format":"standard","meta":{"footnotes":""},"categories":[42,25,46,48],"tags":[67,68,90,91,101],"class_list":{"0":"post-8281","1":"post","2":"type-post","3":"status-publish","4":"format-standard","5":"has-post-thumbnail","7":"category-actualite","8":"category-nouvelles-publications","9":"category-publications","10":"category-tsl-editions","11":"tag-enlightenment-fr","12":"tag-knowledge-fr","13":"tag-networks-fr","14":"tag-publication-fr","15":"tag-switzerland-fr","16":"czr-hentry"},"yoast_head":"<!-- This site is optimized with the Yoast SEO plugin v26.9 - https:\/\/yoast.com\/product\/yoast-seo-wordpress\/ -->\n<title>Les registres de la Soci\u00e9t\u00e9 litt\u00e9raire de Lausanne - Schweizerische Gesellschaft f\u00fcr die Erforschung des 18. Jahrhunderts (SGEAJ - SSEDS)<\/title>\n<meta name=\"robots\" content=\"index, follow, max-snippet:-1, max-image-preview:large, max-video-preview:-1\" \/>\n<link rel=\"canonical\" href=\"https:\/\/www.sgeaj.ch\/fr\/actualite\/les-registres-de-la-societe-litteraire-de-lausanne\/\" \/>\n<meta name=\"twitter:label1\" content=\"\u00c9crit par\" \/>\n\t<meta name=\"twitter:data1\" content=\"Mich\u00e8le Steiner\" \/>\n\t<meta name=\"twitter:label2\" content=\"Dur\u00e9e de lecture estim\u00e9e\" \/>\n\t<meta name=\"twitter:data2\" content=\"2 minutes\" \/>\n<script type=\"application\/ld+json\" class=\"yoast-schema-graph\">{\"@context\":\"https:\/\/schema.org\",\"@graph\":[{\"@type\":\"Article\",\"@id\":\"https:\/\/www.sgeaj.ch\/fr\/actualite\/les-registres-de-la-societe-litteraire-de-lausanne\/#article\",\"isPartOf\":{\"@id\":\"https:\/\/www.sgeaj.ch\/fr\/actualite\/les-registres-de-la-societe-litteraire-de-lausanne\/\"},\"author\":{\"name\":\"Mich\u00e8le Steiner\",\"@id\":\"https:\/\/www.sgeaj.ch\/fr\/#\/schema\/person\/f9930dca12b3bd252d469f244e700c60\"},\"headline\":\"Les registres de la Soci\u00e9t\u00e9 litt\u00e9raire de Lausanne\",\"datePublished\":\"2026-02-09T08:04:46+00:00\",\"dateModified\":\"2026-02-09T08:04:48+00:00\",\"mainEntityOfPage\":{\"@id\":\"https:\/\/www.sgeaj.ch\/fr\/actualite\/les-registres-de-la-societe-litteraire-de-lausanne\/\"},\"wordCount\":325,\"publisher\":{\"@id\":\"https:\/\/www.sgeaj.ch\/fr\/#organization\"},\"image\":{\"@id\":\"https:\/\/www.sgeaj.ch\/fr\/actualite\/les-registres-de-la-societe-litteraire-de-lausanne\/#primaryimage\"},\"thumbnailUrl\":\"https:\/\/www.sgeaj.ch\/wp-content\/uploads\/2015\/03\/proxy-image-3.jpg\",\"keywords\":[\"Enlightenment\",\"Knowledge\",\"Networks\",\"Publication\",\"Switzerland\"],\"articleSection\":[\"Actualit\u00e9\",\"Nouvelles publications\",\"Publications\",\"Travaux sur la Suisse des Lumi\u00e8res (\u00e9ditions)\"],\"inLanguage\":\"fr-FR\"},{\"@type\":\"WebPage\",\"@id\":\"https:\/\/www.sgeaj.ch\/fr\/actualite\/les-registres-de-la-societe-litteraire-de-lausanne\/\",\"url\":\"https:\/\/www.sgeaj.ch\/fr\/actualite\/les-registres-de-la-societe-litteraire-de-lausanne\/\",\"name\":\"Les registres de la Soci\u00e9t\u00e9 litt\u00e9raire de Lausanne - Schweizerische Gesellschaft f\u00fcr die Erforschung des 18. Jahrhunderts (SGEAJ - SSEDS)\",\"isPartOf\":{\"@id\":\"https:\/\/www.sgeaj.ch\/fr\/#website\"},\"primaryImageOfPage\":{\"@id\":\"https:\/\/www.sgeaj.ch\/fr\/actualite\/les-registres-de-la-societe-litteraire-de-lausanne\/#primaryimage\"},\"image\":{\"@id\":\"https:\/\/www.sgeaj.ch\/fr\/actualite\/les-registres-de-la-societe-litteraire-de-lausanne\/#primaryimage\"},\"thumbnailUrl\":\"https:\/\/www.sgeaj.ch\/wp-content\/uploads\/2015\/03\/proxy-image-3.jpg\",\"datePublished\":\"2026-02-09T08:04:46+00:00\",\"dateModified\":\"2026-02-09T08:04:48+00:00\",\"inLanguage\":\"fr-FR\",\"potentialAction\":[{\"@type\":\"ReadAction\",\"target\":[\"https:\/\/www.sgeaj.ch\/fr\/actualite\/les-registres-de-la-societe-litteraire-de-lausanne\/\"]}]},{\"@type\":\"ImageObject\",\"inLanguage\":\"fr-FR\",\"@id\":\"https:\/\/www.sgeaj.ch\/fr\/actualite\/les-registres-de-la-societe-litteraire-de-lausanne\/#primaryimage\",\"url\":\"https:\/\/www.sgeaj.ch\/wp-content\/uploads\/2015\/03\/proxy-image-3.jpg\",\"contentUrl\":\"https:\/\/www.sgeaj.ch\/wp-content\/uploads\/2015\/03\/proxy-image-3.jpg\",\"width\":1246,\"height\":670},{\"@type\":\"WebSite\",\"@id\":\"https:\/\/www.sgeaj.ch\/fr\/#website\",\"url\":\"https:\/\/www.sgeaj.ch\/fr\/\",\"name\":\"Schweizerische Gesellschaft f\u00fcr die Erforschung des 18. Jahrhunderts (SGEAJ - SSEDS)\",\"description\":\"Schweizerische Gesellschaft f\u00fcr die Erforschung des 18. Jahrhunderts\",\"publisher\":{\"@id\":\"https:\/\/www.sgeaj.ch\/fr\/#organization\"},\"potentialAction\":[{\"@type\":\"SearchAction\",\"target\":{\"@type\":\"EntryPoint\",\"urlTemplate\":\"https:\/\/www.sgeaj.ch\/fr\/?s={search_term_string}\"},\"query-input\":{\"@type\":\"PropertyValueSpecification\",\"valueRequired\":true,\"valueName\":\"search_term_string\"}}],\"inLanguage\":\"fr-FR\"},{\"@type\":\"Organization\",\"@id\":\"https:\/\/www.sgeaj.ch\/fr\/#organization\",\"name\":\"Schweizerische Gesellschaft f\u00fcr die Erforschung des 18. Jahrhunderts (SGEAJ - SSEDS)\",\"url\":\"https:\/\/www.sgeaj.ch\/fr\/\",\"logo\":{\"@type\":\"ImageObject\",\"inLanguage\":\"fr-FR\",\"@id\":\"https:\/\/www.sgeaj.ch\/fr\/#\/schema\/logo\/image\/\",\"url\":\"https:\/\/www.sgeaj.ch\/wp-content\/uploads\/2021\/06\/cropped-logo-xviiies-horiz-abreuviations-bleues.png\",\"contentUrl\":\"https:\/\/www.sgeaj.ch\/wp-content\/uploads\/2021\/06\/cropped-logo-xviiies-horiz-abreuviations-bleues.png\",\"width\":659,\"height\":335,\"caption\":\"Schweizerische Gesellschaft f\u00fcr die Erforschung des 18. Jahrhunderts (SGEAJ - SSEDS)\"},\"image\":{\"@id\":\"https:\/\/www.sgeaj.ch\/fr\/#\/schema\/logo\/image\/\"}},{\"@type\":\"Person\",\"@id\":\"https:\/\/www.sgeaj.ch\/fr\/#\/schema\/person\/f9930dca12b3bd252d469f244e700c60\",\"name\":\"Mich\u00e8le Steiner\",\"url\":\"https:\/\/www.sgeaj.ch\/fr\/author\/msteiner\/\"}]}<\/script>\n<!-- \/ Yoast SEO plugin. -->","yoast_head_json":{"title":"Les registres de la Soci\u00e9t\u00e9 litt\u00e9raire de Lausanne - Schweizerische Gesellschaft f\u00fcr die Erforschung des 18. Jahrhunderts (SGEAJ - SSEDS)","robots":{"index":"index","follow":"follow","max-snippet":"max-snippet:-1","max-image-preview":"max-image-preview:large","max-video-preview":"max-video-preview:-1"},"canonical":"https:\/\/www.sgeaj.ch\/fr\/actualite\/les-registres-de-la-societe-litteraire-de-lausanne\/","twitter_misc":{"\u00c9crit par":"Mich\u00e8le Steiner","Dur\u00e9e de lecture estim\u00e9e":"2 minutes"},"schema":{"@context":"https:\/\/schema.org","@graph":[{"@type":"Article","@id":"https:\/\/www.sgeaj.ch\/fr\/actualite\/les-registres-de-la-societe-litteraire-de-lausanne\/#article","isPartOf":{"@id":"https:\/\/www.sgeaj.ch\/fr\/actualite\/les-registres-de-la-societe-litteraire-de-lausanne\/"},"author":{"name":"Mich\u00e8le Steiner","@id":"https:\/\/www.sgeaj.ch\/fr\/#\/schema\/person\/f9930dca12b3bd252d469f244e700c60"},"headline":"Les registres de la Soci\u00e9t\u00e9 litt\u00e9raire de Lausanne","datePublished":"2026-02-09T08:04:46+00:00","dateModified":"2026-02-09T08:04:48+00:00","mainEntityOfPage":{"@id":"https:\/\/www.sgeaj.ch\/fr\/actualite\/les-registres-de-la-societe-litteraire-de-lausanne\/"},"wordCount":325,"publisher":{"@id":"https:\/\/www.sgeaj.ch\/fr\/#organization"},"image":{"@id":"https:\/\/www.sgeaj.ch\/fr\/actualite\/les-registres-de-la-societe-litteraire-de-lausanne\/#primaryimage"},"thumbnailUrl":"https:\/\/www.sgeaj.ch\/wp-content\/uploads\/2015\/03\/proxy-image-3.jpg","keywords":["Enlightenment","Knowledge","Networks","Publication","Switzerland"],"articleSection":["Actualit\u00e9","Nouvelles publications","Publications","Travaux sur la Suisse des Lumi\u00e8res (\u00e9ditions)"],"inLanguage":"fr-FR"},{"@type":"WebPage","@id":"https:\/\/www.sgeaj.ch\/fr\/actualite\/les-registres-de-la-societe-litteraire-de-lausanne\/","url":"https:\/\/www.sgeaj.ch\/fr\/actualite\/les-registres-de-la-societe-litteraire-de-lausanne\/","name":"Les registres de la Soci\u00e9t\u00e9 litt\u00e9raire de Lausanne - Schweizerische Gesellschaft f\u00fcr die Erforschung des 18. Jahrhunderts (SGEAJ - SSEDS)","isPartOf":{"@id":"https:\/\/www.sgeaj.ch\/fr\/#website"},"primaryImageOfPage":{"@id":"https:\/\/www.sgeaj.ch\/fr\/actualite\/les-registres-de-la-societe-litteraire-de-lausanne\/#primaryimage"},"image":{"@id":"https:\/\/www.sgeaj.ch\/fr\/actualite\/les-registres-de-la-societe-litteraire-de-lausanne\/#primaryimage"},"thumbnailUrl":"https:\/\/www.sgeaj.ch\/wp-content\/uploads\/2015\/03\/proxy-image-3.jpg","datePublished":"2026-02-09T08:04:46+00:00","dateModified":"2026-02-09T08:04:48+00:00","inLanguage":"fr-FR","potentialAction":[{"@type":"ReadAction","target":["https:\/\/www.sgeaj.ch\/fr\/actualite\/les-registres-de-la-societe-litteraire-de-lausanne\/"]}]},{"@type":"ImageObject","inLanguage":"fr-FR","@id":"https:\/\/www.sgeaj.ch\/fr\/actualite\/les-registres-de-la-societe-litteraire-de-lausanne\/#primaryimage","url":"https:\/\/www.sgeaj.ch\/wp-content\/uploads\/2015\/03\/proxy-image-3.jpg","contentUrl":"https:\/\/www.sgeaj.ch\/wp-content\/uploads\/2015\/03\/proxy-image-3.jpg","width":1246,"height":670},{"@type":"WebSite","@id":"https:\/\/www.sgeaj.ch\/fr\/#website","url":"https:\/\/www.sgeaj.ch\/fr\/","name":"Schweizerische Gesellschaft f\u00fcr die Erforschung des 18. Jahrhunderts (SGEAJ - SSEDS)","description":"Schweizerische Gesellschaft f\u00fcr die Erforschung des 18. Jahrhunderts","publisher":{"@id":"https:\/\/www.sgeaj.ch\/fr\/#organization"},"potentialAction":[{"@type":"SearchAction","target":{"@type":"EntryPoint","urlTemplate":"https:\/\/www.sgeaj.ch\/fr\/?s={search_term_string}"},"query-input":{"@type":"PropertyValueSpecification","valueRequired":true,"valueName":"search_term_string"}}],"inLanguage":"fr-FR"},{"@type":"Organization","@id":"https:\/\/www.sgeaj.ch\/fr\/#organization","name":"Schweizerische Gesellschaft f\u00fcr die Erforschung des 18. Jahrhunderts (SGEAJ - SSEDS)","url":"https:\/\/www.sgeaj.ch\/fr\/","logo":{"@type":"ImageObject","inLanguage":"fr-FR","@id":"https:\/\/www.sgeaj.ch\/fr\/#\/schema\/logo\/image\/","url":"https:\/\/www.sgeaj.ch\/wp-content\/uploads\/2021\/06\/cropped-logo-xviiies-horiz-abreuviations-bleues.png","contentUrl":"https:\/\/www.sgeaj.ch\/wp-content\/uploads\/2021\/06\/cropped-logo-xviiies-horiz-abreuviations-bleues.png","width":659,"height":335,"caption":"Schweizerische Gesellschaft f\u00fcr die Erforschung des 18. Jahrhunderts (SGEAJ - SSEDS)"},"image":{"@id":"https:\/\/www.sgeaj.ch\/fr\/#\/schema\/logo\/image\/"}},{"@type":"Person","@id":"https:\/\/www.sgeaj.ch\/fr\/#\/schema\/person\/f9930dca12b3bd252d469f244e700c60","name":"Mich\u00e8le Steiner","url":"https:\/\/www.sgeaj.ch\/fr\/author\/msteiner\/"}]}},"_links":{"self":[{"href":"https:\/\/www.sgeaj.ch\/fr\/wp-json\/wp\/v2\/posts\/8281","targetHints":{"allow":["GET"]}}],"collection":[{"href":"https:\/\/www.sgeaj.ch\/fr\/wp-json\/wp\/v2\/posts"}],"about":[{"href":"https:\/\/www.sgeaj.ch\/fr\/wp-json\/wp\/v2\/types\/post"}],"author":[{"embeddable":true,"href":"https:\/\/www.sgeaj.ch\/fr\/wp-json\/wp\/v2\/users\/9"}],"replies":[{"embeddable":true,"href":"https:\/\/www.sgeaj.ch\/fr\/wp-json\/wp\/v2\/comments?post=8281"}],"version-history":[{"count":2,"href":"https:\/\/www.sgeaj.ch\/fr\/wp-json\/wp\/v2\/posts\/8281\/revisions"}],"predecessor-version":[{"id":8284,"href":"https:\/\/www.sgeaj.ch\/fr\/wp-json\/wp\/v2\/posts\/8281\/revisions\/8284"}],"wp:featuredmedia":[{"embeddable":true,"href":"https:\/\/www.sgeaj.ch\/fr\/wp-json\/wp\/v2\/media\/5522"}],"wp:attachment":[{"href":"https:\/\/www.sgeaj.ch\/fr\/wp-json\/wp\/v2\/media?parent=8281"}],"wp:term":[{"taxonomy":"category","embeddable":true,"href":"https:\/\/www.sgeaj.ch\/fr\/wp-json\/wp\/v2\/categories?post=8281"},{"taxonomy":"post_tag","embeddable":true,"href":"https:\/\/www.sgeaj.ch\/fr\/wp-json\/wp\/v2\/tags?post=8281"}],"curies":[{"name":"wp","href":"https:\/\/api.w.org\/{rel}","templated":true}]}}