{"id":8326,"date":"2026-03-04T10:02:26","date_gmt":"2026-03-04T09:02:26","guid":{"rendered":"https:\/\/www.sgeaj.ch\/?p=8326"},"modified":"2026-03-04T14:59:17","modified_gmt":"2026-03-04T13:59:17","slug":"cfp-colloque-sseds-2027-les-animaux-des-lumieres-suisses","status":"publish","type":"post","link":"https:\/\/www.sgeaj.ch\/fr\/actualite\/cfp-colloque-sseds-2027-les-animaux-des-lumieres-suisses\/","title":{"rendered":"CfP Colloque SSEDS 2027 : Les animaux des Lumi\u00e8res suisses"},"content":{"rendered":"\n<h3 class=\"wp-block-heading\">Le prochain colloque de la Soci\u00e9t\u00e9 suisse pour l\u2019\u00e9tude du XVIIIe si\u00e8cle (SSEDS) aura lieu du 15 au 17 avril 2027 \u00e0 l\u2019Universit\u00e9 de Berne sur le th\u00e8me \u00ab Les animaux des Lumi\u00e8res suisses : discours \u2013 repr\u00e9sentations \u2013 interactions \u00bb. Les propositions de communication peuvent \u00eatre soumises jusqu\u2019au 31 mai 2026.<\/h3>\n\n\n\n<p>Dans l\u2019histoire des relations entre les hommes et les animaux, le XVIII<sup>e<\/sup> si\u00e8cle appara\u00eet comme une p\u00e9riode de contradictions. D\u2019une part, des naturalistes, philosophes et \u00e9crivains ont pens\u00e9 toujours plus syst\u00e9matiquement la souffrance de l\u2019animal&nbsp;; ils en ont \u00e9tudi\u00e9 les m\u00e9canismes de perception et de sensibilit\u00e9, en ont interrog\u00e9 la capacit\u00e9 de r\u00e9flexion, et ont d\u00e9velopp\u00e9 \u00e0 partir de l\u00e0 les pr\u00e9mices d\u2019une \u00e9thique animale. Les arts visuels ont contribu\u00e9 \u00e0 faire \u00e9merger une individualit\u00e9 de l\u2019animal, tandis que des membres de la noblesse, du patriciat et de la bourgeoisie \u00e9voquaient dans leurs lettres leurs relations intimes et \u00e9motionnelles avec leurs animaux de compagnie. D\u2019autre part, les discours des Lumi\u00e8res \u00e9conomiques, ainsi que les exp\u00e9riences m\u00e9dicales et les pratiques d\u2019\u00e9levage, t\u00e9moignent d\u2019une objectivation croissante des animaux dont les corps \u00e9taient consid\u00e9r\u00e9s comme exploitables, optimisables et multipliables, ou, dans le cas des pr\u00e9dateurs et nuisibles, comme un probl\u00e8me d\u2019ordre public qu\u2019il fallait \u00e9radiquer.<\/p>\n\n\n\n<p>Dans le cadre de ce colloque interdisciplinaire organis\u00e9 par la Soci\u00e9t\u00e9 suisse pour l&rsquo;\u00e9tude du XVIII<sup>e<\/sup> si\u00e8cle, nous souhaitons explorer les divers discours et pratiques relatifs aux animaux et leurs relations avec les hommes et femmes de l\u2019\u00e9poque. Une attention particuli\u00e8re sera accord\u00e9e \u00e0 l\u2019espace du <em>Corpus Helveticum <\/em>dans ses interconnexions europ\u00e9ennes et mondiales&nbsp;: dans quelle mesure les conditions naturelles particuli\u00e8res qui ont conduit \u00e0 la gen\u00e8se de figures telles que l&rsquo;<em>homo alpinus<\/em> dans les discours anthropologiques ont-elles \u00e9galement jou\u00e9 un r\u00f4le dans la repr\u00e9sentation de la faune Suisse&nbsp;? Dans quels contextes les animaux sauvages, les animaux de laboratoire, les animaux domestiques ou les animaux d\u2019\u00e9levage apparaissent-ils dans la correspondance et les \u0153uvres scientifiques et litt\u00e9raires des philosophes des Lumi\u00e8res suisses&nbsp;? Quel r\u00f4le jouaient la chasse, l\u2019\u00e9quitation ou les animaux exotiques dans un pays sans haute noblesse ni cours princi\u00e8res&nbsp;? Quelle \u00e9tait l\u2019importance de l\u2019\u00e9levage bovin ou \u00e9quin pour le commerce transr\u00e9gional&nbsp;? Et quelles fonctions symboliques jouaient les nombreux chiens de compagnie sur les portraits de patricien-ne-s ou les vaches et les ch\u00e8vres sur les repr\u00e9sentations de la vie rurale&nbsp;?<\/p>\n\n\n\n<p>Le colloque, qui se tiendra du 15 au 17 avril 2027 \u00e0 l\u2019Universit\u00e9 de Berne, vise \u00e0 mettre en dialogue des chercheurs et chercheuses de diff\u00e9rentes disciplines et \u00e0 diff\u00e9rents stades de leur carri\u00e8re. Votre proposition de communication (\u00e9tude de cas ou contribution de synth\u00e8se), d\u2019environ 250 mots, et accompagn\u00e9e d\u2019une br\u00e8ve notice biographique, devra \u00eatre adress\u00e9e avant le <strong>31 mai 2026,<\/strong> au secr\u00e9tariat de la SSEDS (<a href=\"mailto:info@sgeaj.ch\">info@sgeaj.ch<\/a>)&nbsp;; la d\u00e9cision d\u2019acceptation sera prise dans les meilleurs d\u00e9lais. Chaque participant-e b\u00e9n\u00e9ficiera d\u2019un temps de parole de 25 minutes environ. Dans la mesure du possible, les frais de voyage, d\u2019h\u00e9bergement et de repas des intervenant-e-s invit\u00e9-e-s seront pris en charge. Une publication en open access des contributions r\u00e9vis\u00e9es est pr\u00e9vue dans la s\u00e9rie <em>Travaux sur la Suisse des Lumi\u00e8res <\/em>des \u00e9ditions Slatkine.<\/p>\n\n\n\n<p>Le colloque est organis\u00e9 par Prof. Dr Val\u00e9rie Kobi (Universit\u00e9 de Neuch\u00e2tel), Prof. Dr Hubert Steinke (Universit\u00e9 de Berne), Prof. Dr Nathalie Vuillemin (Universit\u00e9 de Neuch\u00e2tel) et Prof. Dr Nadir Weber (Universit\u00e9 de Berne).<\/p>\n\n\n\n<p>Cr\u00e9dit d&rsquo;image: Johann Ludwig Aberli, Niklaus Emanuel Tscharner auf seinem Gut Blumenhof bei Kehrsatz im Gespr\u00e4ch mit einem Landmann, 1775 (Biblioth\u00e8que nationale suisse, Wikimedia Commons).<\/p>\n\n\n\n<div data-wp-interactive=\"core\/file\" class=\"wp-block-file\"><object data-wp-bind--hidden=\"!state.hasPdfPreview\" hidden class=\"wp-block-file__embed\" data=\"https:\/\/www.sgeaj.ch\/wp-content\/uploads\/2026\/03\/cfp-sseds-colloque-2027-fr.pdf\" type=\"application\/pdf\" style=\"width:100%;height:600px\" aria-label=\"Contenu embarqu\u00e9 CfP_SSEDS-Colloque_2027_fr.\"><\/object><a id=\"wp-block-file--media-7d7efaa0-3e16-4f76-891e-1e5c45a081cc\" href=\"https:\/\/www.sgeaj.ch\/wp-content\/uploads\/2026\/03\/cfp-sseds-colloque-2027-fr.pdf\">CfP_SSEDS-Colloque_2027_fr<\/a><a href=\"https:\/\/www.sgeaj.ch\/wp-content\/uploads\/2026\/03\/cfp-sseds-colloque-2027-fr.pdf\" class=\"wp-block-file__button wp-element-button\" download aria-describedby=\"wp-block-file--media-7d7efaa0-3e16-4f76-891e-1e5c45a081cc\">Herunterladen<\/a><\/div>\n","protected":false},"excerpt":{"rendered":"<p>Le prochain colloque de la Soci\u00e9t\u00e9 suisse pour l\u2019\u00e9tude du XVIIIe si\u00e8cle (SSEDS) aura lieu du 15 au 17 avril 2027 \u00e0 l\u2019Universit\u00e9 de Berne sur le th\u00e8me \u00ab Les animaux des Lumi\u00e8res suisses : discours \u2013 repr\u00e9sentations \u2013 interactions \u00bb. Les propositions de communication peuvent \u00eatre soumises jusqu\u2019au 31 mai 2026. Dans l\u2019histoire des [&hellip;]<\/p>\n","protected":false},"author":9,"featured_media":8336,"comment_status":"closed","ping_status":"open","sticky":false,"template":"","format":"standard","meta":{"footnotes":""},"categories":[42,26,43],"tags":[60,61,67,123,101],"class_list":{"0":"post-8326","1":"post","2":"type-post","3":"status-publish","4":"format-standard","5":"has-post-thumbnail","7":"category-actualite","8":"category-call-for-papers-fr","9":"category-communication","10":"tag-call-for-papers-fr","11":"tag-early-modern-period-fr","12":"tag-enlightenment-fr","13":"tag-nature-fr","14":"tag-switzerland-fr","15":"czr-hentry"},"yoast_head":"<!-- This site is optimized with the Yoast SEO plugin v26.9 - https:\/\/yoast.com\/product\/yoast-seo-wordpress\/ -->\n<title>CfP Colloque SSEDS 2027 : Les animaux des Lumi\u00e8res suisses - Schweizerische Gesellschaft f\u00fcr die Erforschung des 18. Jahrhunderts (SGEAJ - SSEDS)<\/title>\n<meta name=\"robots\" content=\"index, follow, max-snippet:-1, max-image-preview:large, max-video-preview:-1\" \/>\n<link rel=\"canonical\" href=\"https:\/\/www.sgeaj.ch\/fr\/actualite\/cfp-colloque-sseds-2027-les-animaux-des-lumieres-suisses\/\" \/>\n<meta name=\"twitter:label1\" content=\"\u00c9crit par\" \/>\n\t<meta name=\"twitter:data1\" content=\"Mich\u00e8le Steiner\" \/>\n\t<meta name=\"twitter:label2\" content=\"Dur\u00e9e de lecture estim\u00e9e\" \/>\n\t<meta name=\"twitter:data2\" content=\"4 minutes\" \/>\n<script type=\"application\/ld+json\" class=\"yoast-schema-graph\">{\"@context\":\"https:\/\/schema.org\",\"@graph\":[{\"@type\":\"Article\",\"@id\":\"https:\/\/www.sgeaj.ch\/fr\/actualite\/cfp-colloque-sseds-2027-les-animaux-des-lumieres-suisses\/#article\",\"isPartOf\":{\"@id\":\"https:\/\/www.sgeaj.ch\/fr\/actualite\/cfp-colloque-sseds-2027-les-animaux-des-lumieres-suisses\/\"},\"author\":{\"name\":\"Mich\u00e8le Steiner\",\"@id\":\"https:\/\/www.sgeaj.ch\/fr\/#\/schema\/person\/f9930dca12b3bd252d469f244e700c60\"},\"headline\":\"CfP Colloque SSEDS 2027 : Les animaux des Lumi\u00e8res suisses\",\"datePublished\":\"2026-03-04T09:02:26+00:00\",\"dateModified\":\"2026-03-04T13:59:17+00:00\",\"mainEntityOfPage\":{\"@id\":\"https:\/\/www.sgeaj.ch\/fr\/actualite\/cfp-colloque-sseds-2027-les-animaux-des-lumieres-suisses\/\"},\"wordCount\":660,\"publisher\":{\"@id\":\"https:\/\/www.sgeaj.ch\/fr\/#organization\"},\"image\":{\"@id\":\"https:\/\/www.sgeaj.ch\/fr\/actualite\/cfp-colloque-sseds-2027-les-animaux-des-lumieres-suisses\/#primaryimage\"},\"thumbnailUrl\":\"https:\/\/www.sgeaj.ch\/wp-content\/uploads\/2026\/03\/2026-cfp-sgeaj-tagung-aberli-netscharner-kopie-2.jpg\",\"keywords\":[\"Call for Papers\",\"Early Modern Period\",\"Enlightenment\",\"Nature\",\"Switzerland\"],\"articleSection\":[\"Actualit\u00e9\",\"Call for Papers\",\"Communication\"],\"inLanguage\":\"fr-FR\"},{\"@type\":\"WebPage\",\"@id\":\"https:\/\/www.sgeaj.ch\/fr\/actualite\/cfp-colloque-sseds-2027-les-animaux-des-lumieres-suisses\/\",\"url\":\"https:\/\/www.sgeaj.ch\/fr\/actualite\/cfp-colloque-sseds-2027-les-animaux-des-lumieres-suisses\/\",\"name\":\"CfP Colloque SSEDS 2027 : Les animaux des Lumi\u00e8res suisses - Schweizerische Gesellschaft f\u00fcr die Erforschung des 18. Jahrhunderts (SGEAJ - SSEDS)\",\"isPartOf\":{\"@id\":\"https:\/\/www.sgeaj.ch\/fr\/#website\"},\"primaryImageOfPage\":{\"@id\":\"https:\/\/www.sgeaj.ch\/fr\/actualite\/cfp-colloque-sseds-2027-les-animaux-des-lumieres-suisses\/#primaryimage\"},\"image\":{\"@id\":\"https:\/\/www.sgeaj.ch\/fr\/actualite\/cfp-colloque-sseds-2027-les-animaux-des-lumieres-suisses\/#primaryimage\"},\"thumbnailUrl\":\"https:\/\/www.sgeaj.ch\/wp-content\/uploads\/2026\/03\/2026-cfp-sgeaj-tagung-aberli-netscharner-kopie-2.jpg\",\"datePublished\":\"2026-03-04T09:02:26+00:00\",\"dateModified\":\"2026-03-04T13:59:17+00:00\",\"inLanguage\":\"fr-FR\",\"potentialAction\":[{\"@type\":\"ReadAction\",\"target\":[\"https:\/\/www.sgeaj.ch\/fr\/actualite\/cfp-colloque-sseds-2027-les-animaux-des-lumieres-suisses\/\"]}]},{\"@type\":\"ImageObject\",\"inLanguage\":\"fr-FR\",\"@id\":\"https:\/\/www.sgeaj.ch\/fr\/actualite\/cfp-colloque-sseds-2027-les-animaux-des-lumieres-suisses\/#primaryimage\",\"url\":\"https:\/\/www.sgeaj.ch\/wp-content\/uploads\/2026\/03\/2026-cfp-sgeaj-tagung-aberli-netscharner-kopie-2.jpg\",\"contentUrl\":\"https:\/\/www.sgeaj.ch\/wp-content\/uploads\/2026\/03\/2026-cfp-sgeaj-tagung-aberli-netscharner-kopie-2.jpg\",\"width\":2554,\"height\":833},{\"@type\":\"WebSite\",\"@id\":\"https:\/\/www.sgeaj.ch\/fr\/#website\",\"url\":\"https:\/\/www.sgeaj.ch\/fr\/\",\"name\":\"Schweizerische Gesellschaft f\u00fcr die Erforschung des 18. Jahrhunderts (SGEAJ - SSEDS)\",\"description\":\"Schweizerische Gesellschaft f\u00fcr die Erforschung des 18. Jahrhunderts\",\"publisher\":{\"@id\":\"https:\/\/www.sgeaj.ch\/fr\/#organization\"},\"potentialAction\":[{\"@type\":\"SearchAction\",\"target\":{\"@type\":\"EntryPoint\",\"urlTemplate\":\"https:\/\/www.sgeaj.ch\/fr\/?s={search_term_string}\"},\"query-input\":{\"@type\":\"PropertyValueSpecification\",\"valueRequired\":true,\"valueName\":\"search_term_string\"}}],\"inLanguage\":\"fr-FR\"},{\"@type\":\"Organization\",\"@id\":\"https:\/\/www.sgeaj.ch\/fr\/#organization\",\"name\":\"Schweizerische Gesellschaft f\u00fcr die Erforschung des 18. Jahrhunderts (SGEAJ - SSEDS)\",\"url\":\"https:\/\/www.sgeaj.ch\/fr\/\",\"logo\":{\"@type\":\"ImageObject\",\"inLanguage\":\"fr-FR\",\"@id\":\"https:\/\/www.sgeaj.ch\/fr\/#\/schema\/logo\/image\/\",\"url\":\"https:\/\/www.sgeaj.ch\/wp-content\/uploads\/2021\/06\/cropped-logo-xviiies-horiz-abreuviations-bleues.png\",\"contentUrl\":\"https:\/\/www.sgeaj.ch\/wp-content\/uploads\/2021\/06\/cropped-logo-xviiies-horiz-abreuviations-bleues.png\",\"width\":659,\"height\":335,\"caption\":\"Schweizerische Gesellschaft f\u00fcr die Erforschung des 18. Jahrhunderts (SGEAJ - SSEDS)\"},\"image\":{\"@id\":\"https:\/\/www.sgeaj.ch\/fr\/#\/schema\/logo\/image\/\"}},{\"@type\":\"Person\",\"@id\":\"https:\/\/www.sgeaj.ch\/fr\/#\/schema\/person\/f9930dca12b3bd252d469f244e700c60\",\"name\":\"Mich\u00e8le Steiner\",\"url\":\"https:\/\/www.sgeaj.ch\/fr\/author\/msteiner\/\"}]}<\/script>\n<!-- \/ Yoast SEO plugin. -->","yoast_head_json":{"title":"CfP Colloque SSEDS 2027 : Les animaux des Lumi\u00e8res suisses - Schweizerische Gesellschaft f\u00fcr die Erforschung des 18. Jahrhunderts (SGEAJ - SSEDS)","robots":{"index":"index","follow":"follow","max-snippet":"max-snippet:-1","max-image-preview":"max-image-preview:large","max-video-preview":"max-video-preview:-1"},"canonical":"https:\/\/www.sgeaj.ch\/fr\/actualite\/cfp-colloque-sseds-2027-les-animaux-des-lumieres-suisses\/","twitter_misc":{"\u00c9crit par":"Mich\u00e8le Steiner","Dur\u00e9e de lecture estim\u00e9e":"4 minutes"},"schema":{"@context":"https:\/\/schema.org","@graph":[{"@type":"Article","@id":"https:\/\/www.sgeaj.ch\/fr\/actualite\/cfp-colloque-sseds-2027-les-animaux-des-lumieres-suisses\/#article","isPartOf":{"@id":"https:\/\/www.sgeaj.ch\/fr\/actualite\/cfp-colloque-sseds-2027-les-animaux-des-lumieres-suisses\/"},"author":{"name":"Mich\u00e8le Steiner","@id":"https:\/\/www.sgeaj.ch\/fr\/#\/schema\/person\/f9930dca12b3bd252d469f244e700c60"},"headline":"CfP Colloque SSEDS 2027 : Les animaux des Lumi\u00e8res suisses","datePublished":"2026-03-04T09:02:26+00:00","dateModified":"2026-03-04T13:59:17+00:00","mainEntityOfPage":{"@id":"https:\/\/www.sgeaj.ch\/fr\/actualite\/cfp-colloque-sseds-2027-les-animaux-des-lumieres-suisses\/"},"wordCount":660,"publisher":{"@id":"https:\/\/www.sgeaj.ch\/fr\/#organization"},"image":{"@id":"https:\/\/www.sgeaj.ch\/fr\/actualite\/cfp-colloque-sseds-2027-les-animaux-des-lumieres-suisses\/#primaryimage"},"thumbnailUrl":"https:\/\/www.sgeaj.ch\/wp-content\/uploads\/2026\/03\/2026-cfp-sgeaj-tagung-aberli-netscharner-kopie-2.jpg","keywords":["Call for Papers","Early Modern Period","Enlightenment","Nature","Switzerland"],"articleSection":["Actualit\u00e9","Call for Papers","Communication"],"inLanguage":"fr-FR"},{"@type":"WebPage","@id":"https:\/\/www.sgeaj.ch\/fr\/actualite\/cfp-colloque-sseds-2027-les-animaux-des-lumieres-suisses\/","url":"https:\/\/www.sgeaj.ch\/fr\/actualite\/cfp-colloque-sseds-2027-les-animaux-des-lumieres-suisses\/","name":"CfP Colloque SSEDS 2027 : Les animaux des Lumi\u00e8res suisses - Schweizerische Gesellschaft f\u00fcr die Erforschung des 18. Jahrhunderts (SGEAJ - SSEDS)","isPartOf":{"@id":"https:\/\/www.sgeaj.ch\/fr\/#website"},"primaryImageOfPage":{"@id":"https:\/\/www.sgeaj.ch\/fr\/actualite\/cfp-colloque-sseds-2027-les-animaux-des-lumieres-suisses\/#primaryimage"},"image":{"@id":"https:\/\/www.sgeaj.ch\/fr\/actualite\/cfp-colloque-sseds-2027-les-animaux-des-lumieres-suisses\/#primaryimage"},"thumbnailUrl":"https:\/\/www.sgeaj.ch\/wp-content\/uploads\/2026\/03\/2026-cfp-sgeaj-tagung-aberli-netscharner-kopie-2.jpg","datePublished":"2026-03-04T09:02:26+00:00","dateModified":"2026-03-04T13:59:17+00:00","inLanguage":"fr-FR","potentialAction":[{"@type":"ReadAction","target":["https:\/\/www.sgeaj.ch\/fr\/actualite\/cfp-colloque-sseds-2027-les-animaux-des-lumieres-suisses\/"]}]},{"@type":"ImageObject","inLanguage":"fr-FR","@id":"https:\/\/www.sgeaj.ch\/fr\/actualite\/cfp-colloque-sseds-2027-les-animaux-des-lumieres-suisses\/#primaryimage","url":"https:\/\/www.sgeaj.ch\/wp-content\/uploads\/2026\/03\/2026-cfp-sgeaj-tagung-aberli-netscharner-kopie-2.jpg","contentUrl":"https:\/\/www.sgeaj.ch\/wp-content\/uploads\/2026\/03\/2026-cfp-sgeaj-tagung-aberli-netscharner-kopie-2.jpg","width":2554,"height":833},{"@type":"WebSite","@id":"https:\/\/www.sgeaj.ch\/fr\/#website","url":"https:\/\/www.sgeaj.ch\/fr\/","name":"Schweizerische Gesellschaft f\u00fcr die Erforschung des 18. Jahrhunderts (SGEAJ - SSEDS)","description":"Schweizerische Gesellschaft f\u00fcr die Erforschung des 18. Jahrhunderts","publisher":{"@id":"https:\/\/www.sgeaj.ch\/fr\/#organization"},"potentialAction":[{"@type":"SearchAction","target":{"@type":"EntryPoint","urlTemplate":"https:\/\/www.sgeaj.ch\/fr\/?s={search_term_string}"},"query-input":{"@type":"PropertyValueSpecification","valueRequired":true,"valueName":"search_term_string"}}],"inLanguage":"fr-FR"},{"@type":"Organization","@id":"https:\/\/www.sgeaj.ch\/fr\/#organization","name":"Schweizerische Gesellschaft f\u00fcr die Erforschung des 18. Jahrhunderts (SGEAJ - SSEDS)","url":"https:\/\/www.sgeaj.ch\/fr\/","logo":{"@type":"ImageObject","inLanguage":"fr-FR","@id":"https:\/\/www.sgeaj.ch\/fr\/#\/schema\/logo\/image\/","url":"https:\/\/www.sgeaj.ch\/wp-content\/uploads\/2021\/06\/cropped-logo-xviiies-horiz-abreuviations-bleues.png","contentUrl":"https:\/\/www.sgeaj.ch\/wp-content\/uploads\/2021\/06\/cropped-logo-xviiies-horiz-abreuviations-bleues.png","width":659,"height":335,"caption":"Schweizerische Gesellschaft f\u00fcr die Erforschung des 18. Jahrhunderts (SGEAJ - SSEDS)"},"image":{"@id":"https:\/\/www.sgeaj.ch\/fr\/#\/schema\/logo\/image\/"}},{"@type":"Person","@id":"https:\/\/www.sgeaj.ch\/fr\/#\/schema\/person\/f9930dca12b3bd252d469f244e700c60","name":"Mich\u00e8le Steiner","url":"https:\/\/www.sgeaj.ch\/fr\/author\/msteiner\/"}]}},"_links":{"self":[{"href":"https:\/\/www.sgeaj.ch\/fr\/wp-json\/wp\/v2\/posts\/8326","targetHints":{"allow":["GET"]}}],"collection":[{"href":"https:\/\/www.sgeaj.ch\/fr\/wp-json\/wp\/v2\/posts"}],"about":[{"href":"https:\/\/www.sgeaj.ch\/fr\/wp-json\/wp\/v2\/types\/post"}],"author":[{"embeddable":true,"href":"https:\/\/www.sgeaj.ch\/fr\/wp-json\/wp\/v2\/users\/9"}],"replies":[{"embeddable":true,"href":"https:\/\/www.sgeaj.ch\/fr\/wp-json\/wp\/v2\/comments?post=8326"}],"version-history":[{"count":1,"href":"https:\/\/www.sgeaj.ch\/fr\/wp-json\/wp\/v2\/posts\/8326\/revisions"}],"predecessor-version":[{"id":8329,"href":"https:\/\/www.sgeaj.ch\/fr\/wp-json\/wp\/v2\/posts\/8326\/revisions\/8329"}],"wp:featuredmedia":[{"embeddable":true,"href":"https:\/\/www.sgeaj.ch\/fr\/wp-json\/wp\/v2\/media\/8336"}],"wp:attachment":[{"href":"https:\/\/www.sgeaj.ch\/fr\/wp-json\/wp\/v2\/media?parent=8326"}],"wp:term":[{"taxonomy":"category","embeddable":true,"href":"https:\/\/www.sgeaj.ch\/fr\/wp-json\/wp\/v2\/categories?post=8326"},{"taxonomy":"post_tag","embeddable":true,"href":"https:\/\/www.sgeaj.ch\/fr\/wp-json\/wp\/v2\/tags?post=8326"}],"curies":[{"name":"wp","href":"https:\/\/api.w.org\/{rel}","templated":true}]}}