{"id":8343,"date":"2026-03-06T10:11:42","date_gmt":"2026-03-06T09:11:42","guid":{"rendered":"https:\/\/www.sgeaj.ch\/?p=8343"},"modified":"2026-03-06T10:24:46","modified_gmt":"2026-03-06T09:24:46","slug":"stellenausschreibung-nuetzliche-bibliotheken","status":"publish","type":"post","link":"https:\/\/www.sgeaj.ch\/fr\/actualite\/stellenausschreibung-nuetzliche-bibliotheken\/","title":{"rendered":"Stellenausschreibung \u00ab\u00a0N\u00fctzliche Bibliotheken\u00a0\u00bb"},"content":{"rendered":"\n<h3 class=\"wp-block-heading\">Im Verbundprojekt \u00ab\u00a0N\u00fctzliche Bibliotheken: Die Entstehung institutioneller Wissenstechniken im 18. Jahrhundert\u00a0\u00bb ist zum 1. Juli 2026 im Teilprojekt \u00ab\u00a0Norm und Nutzen: Transformation gelehrter Wissenspraktiken in der Wolfenb\u00fctteler Hofbibliothek im 18. Jahrhundert\u00a0\u00bb an der Herzog August Bibliothek Wolfenb\u00fcttel eine Stelle als wissenschaftliche:r Mitarbeiter:in ausgeschrieben (m\/w\/d, 4 Jahre, 100%).<\/h3>\n\n\n\n<p>Der Forschungsverbund \u00ab\u00a0N\u00fctzliche Bibliotheken\u00a0\u00bb besteht aus drei Teilprojekten an verschiedenen Arbeitsorten.<\/p>\n\n\n\n<p><strong>Ihre Aufgaben:<\/strong><\/p>\n\n\n\n<ul class=\"wp-block-list\">\n<li>Erforschung gelehrter und bibliothekarischer Wissenspraktiken des 18. Jahrhunderts<\/li>\n\n\n\n<li>Publikation der Forschungsergebnisse (Dissertation oder vergleichbare Forschungsarbeit)<\/li>\n\n\n\n<li>Mitarbeit im Forschungsverbund \u00ab\u00a0N\u00fctzliche Bibliotheken\u00a0\u00bb<\/li>\n\n\n\n<li>Mitarbeit bei der Planung, Konzeption, Organisation und Durchf\u00fchrung von wissenschaftlichen Veranstaltungen<\/li>\n\n\n\n<li>Unterst\u00fctzung bei der Konzeption und Realisierung einer Ausstellung<\/li>\n<\/ul>\n\n\n\n<p><strong>Ihre Voraussetzungen:<\/strong><\/p>\n\n\n\n<ul class=\"wp-block-list\">\n<li>abgeschlossenes Hochschulstudium (Master oder vergleichbarer Abschluss) oder Promotion in einem geisteswissenschaftlichen Fach<\/li>\n\n\n\n<li>Interesse an der Wissens-, Wissenschafts- und Kulturgeschichte der Fr\u00fchen Neuzeit<\/li>\n\n\n\n<li>ausgepr\u00e4gte Kommunikations- und Teamf\u00e4higkeit<\/li>\n\n\n\n<li>Erfahrungen im Umgang mit fr\u00fchneuzeitlichen Handschriften<\/li>\n<\/ul>\n\n\n\n<p><strong>Wir bieten Ihnen:<\/strong><\/p>\n\n\n\n<ul class=\"wp-block-list\">\n<li>einen modernen, familienfreundlichen Arbeitsplatz in einer international bekannten Bibliothek, Forschungs- und Studienst\u00e4tte mit einem attraktiven und abwechslungsreichen Aufgabenspektrum<\/li>\n\n\n\n<li>flexible Arbeitszeiten sowie die M\u00f6glichkeit zu mobilem Arbeiten<\/li>\n\n\n\n<li>M\u00f6glichkeiten zur Teilnahme an Fort- und Weiterbildungen sowie der individuellen Weiterentwicklung<\/li>\n<\/ul>\n\n\n\n<p>Bitte legen Sie Ihrer Bewerbung eine <strong>Forschungsskizze<\/strong> bei, aus der Ihr wissenschaftlicher Ansatz und die pr\u00e4ferierten methodischen Perspektiven hervorgehen (max. 3.000 Zeichen). Bitte orientieren Sie sich dabei an den <a href=\"https:\/\/www.hab.de\/forschungsverbund-nuetzliche-bibliotheken\/\" target=\"_blank\" rel=\"noreferrer noopener\">hier<\/a> publizierten Informationen zu Verbund und Teilprojekt. Es besteht die M\u00f6glichkeit im Rahmen des Projektes eine Dissertation zu erarbeiten.<\/p>\n\n\n\n<p>Interessentinnen und Interessenten k\u00f6nnen sich bei Dr. Hole R\u00f6\u00dfler per E-Mail unter <a href=\"mailto:hole.roessler@hab.de\" target=\"_blank\" rel=\"noreferrer noopener\">hole.roessler@hab.de<\/a> \u00fcber das Arbeitsgebiet informieren.<\/p>\n\n\n\n<p>Die Herzog August Bibliothek ist bestrebt, Unterrepr\u00e4sentanzen i. S. des NGG in allen Bereichen und Positionen abzubauen. Die Gleichstellung von Frauen und M\u00e4nnern wird gef\u00f6rdert. Schwerbehinderte Bewerberinnen und Bewerber werden bei gleicher Eignung und Bef\u00e4higung bevorzugt behandelt. Ein Nachweis ist beizuf\u00fcgen. Bewerbungen mit aussagef\u00e4higen Unterlagen sind bis zum 15. April 2026 unter dem Kennwort <strong>\u201eN\u00fctzliche Bibliotheken\u201c<\/strong> zu richten an: <\/p>\n\n\n\n<p>Herzog August Bibliothek<br>\u2013 Verwaltung \u2013<br>Lessingplatz 1<br>38304 Wolfenb\u00fcttel<br>E-Mail: <a href=\"mailto:verwaltung@hab.de\" target=\"_blank\" rel=\"noreferrer noopener\">verwaltung@hab.de<\/a><\/p>\n\n\n\n<p>Abbildungsnachweis: Vincent Eisfeld, Herzog August Bibliothek in Wolfenb\u00fcttel, 2016 (Wikimedia Commons).<\/p>\n\n\n\n<div data-wp-interactive=\"core\/file\" class=\"wp-block-file\"><object data-wp-bind--hidden=\"!state.hasPdfPreview\" hidden class=\"wp-block-file__embed\" data=\"https:\/\/www.sgeaj.ch\/wp-content\/uploads\/2026\/03\/nutzliche-bibliotheken-hab.pdf\" type=\"application\/pdf\" style=\"width:100%;height:600px\" aria-label=\"Contenu embarqu\u00e9 N\u00fctzliche Bibliotheken_HAB.\"><\/object><a id=\"wp-block-file--media-ebea3f80-63b8-4b3b-8e44-02a40354230d\" href=\"https:\/\/www.sgeaj.ch\/wp-content\/uploads\/2026\/03\/nutzliche-bibliotheken-hab.pdf\">N\u00fctzliche Bibliotheken_HAB<\/a><a href=\"https:\/\/www.sgeaj.ch\/wp-content\/uploads\/2026\/03\/nutzliche-bibliotheken-hab.pdf\" class=\"wp-block-file__button wp-element-button\" download aria-describedby=\"wp-block-file--media-ebea3f80-63b8-4b3b-8e44-02a40354230d\">Herunterladen<\/a><\/div>\n","protected":false},"excerpt":{"rendered":"<p>Im Verbundprojekt \u00ab\u00a0N\u00fctzliche Bibliotheken: Die Entstehung institutioneller Wissenstechniken im 18. Jahrhundert\u00a0\u00bb ist zum 1. Juli 2026 im Teilprojekt \u00ab\u00a0Norm und Nutzen: Transformation gelehrter Wissenspraktiken in der Wolfenb\u00fctteler Hofbibliothek im 18. Jahrhundert\u00a0\u00bb an der Herzog August Bibliothek Wolfenb\u00fcttel eine Stelle als wissenschaftliche:r Mitarbeiter:in ausgeschrieben (m\/w\/d, 4 Jahre, 100%). Der Forschungsverbund \u00ab\u00a0N\u00fctzliche Bibliotheken\u00a0\u00bb besteht aus drei Teilprojekten [&hellip;]<\/p>\n","protected":false},"author":9,"featured_media":8341,"comment_status":"closed","ping_status":"open","sticky":false,"template":"","format":"standard","meta":{"footnotes":""},"categories":[42,43],"tags":[67,167,68],"class_list":{"0":"post-8343","1":"post","2":"type-post","3":"status-publish","4":"format-standard","5":"has-post-thumbnail","7":"category-actualite","8":"category-communication","9":"tag-enlightenment-fr","10":"tag-job-advertisement-fr","11":"tag-knowledge-fr","12":"czr-hentry"},"yoast_head":"<!-- This site is optimized with the Yoast SEO plugin v26.9 - https:\/\/yoast.com\/product\/yoast-seo-wordpress\/ -->\n<title>Stellenausschreibung &quot;N\u00fctzliche Bibliotheken&quot; - Schweizerische Gesellschaft f\u00fcr die Erforschung des 18. Jahrhunderts (SGEAJ - SSEDS)<\/title>\n<meta name=\"robots\" content=\"index, follow, max-snippet:-1, max-image-preview:large, max-video-preview:-1\" \/>\n<link rel=\"canonical\" href=\"https:\/\/www.sgeaj.ch\/fr\/actualite\/stellenausschreibung-nuetzliche-bibliotheken\/\" \/>\n<meta name=\"twitter:label1\" content=\"\u00c9crit par\" \/>\n\t<meta name=\"twitter:data1\" content=\"Mich\u00e8le Steiner\" \/>\n\t<meta name=\"twitter:label2\" content=\"Dur\u00e9e de lecture estim\u00e9e\" \/>\n\t<meta name=\"twitter:data2\" content=\"2 minutes\" \/>\n<script type=\"application\/ld+json\" class=\"yoast-schema-graph\">{\"@context\":\"https:\/\/schema.org\",\"@graph\":[{\"@type\":\"Article\",\"@id\":\"https:\/\/www.sgeaj.ch\/fr\/actualite\/stellenausschreibung-nuetzliche-bibliotheken\/#article\",\"isPartOf\":{\"@id\":\"https:\/\/www.sgeaj.ch\/fr\/actualite\/stellenausschreibung-nuetzliche-bibliotheken\/\"},\"author\":{\"name\":\"Mich\u00e8le Steiner\",\"@id\":\"https:\/\/www.sgeaj.ch\/fr\/#\/schema\/person\/f9930dca12b3bd252d469f244e700c60\"},\"headline\":\"Stellenausschreibung \u00ab\u00a0N\u00fctzliche Bibliotheken\u00a0\u00bb\",\"datePublished\":\"2026-03-06T09:11:42+00:00\",\"dateModified\":\"2026-03-06T09:24:46+00:00\",\"mainEntityOfPage\":{\"@id\":\"https:\/\/www.sgeaj.ch\/fr\/actualite\/stellenausschreibung-nuetzliche-bibliotheken\/\"},\"wordCount\":349,\"publisher\":{\"@id\":\"https:\/\/www.sgeaj.ch\/fr\/#organization\"},\"image\":{\"@id\":\"https:\/\/www.sgeaj.ch\/fr\/actualite\/stellenausschreibung-nuetzliche-bibliotheken\/#primaryimage\"},\"thumbnailUrl\":\"https:\/\/www.sgeaj.ch\/wp-content\/uploads\/2026\/03\/herzog-august-bibliothek-1-by-vincent-eisfeld.jpg\",\"keywords\":[\"Enlightenment\",\"Job Advertisement\",\"Knowledge\"],\"articleSection\":[\"Actualit\u00e9\",\"Communication\"],\"inLanguage\":\"fr-FR\"},{\"@type\":\"WebPage\",\"@id\":\"https:\/\/www.sgeaj.ch\/fr\/actualite\/stellenausschreibung-nuetzliche-bibliotheken\/\",\"url\":\"https:\/\/www.sgeaj.ch\/fr\/actualite\/stellenausschreibung-nuetzliche-bibliotheken\/\",\"name\":\"Stellenausschreibung \\\"N\u00fctzliche Bibliotheken\\\" - Schweizerische Gesellschaft f\u00fcr die Erforschung des 18. Jahrhunderts (SGEAJ - SSEDS)\",\"isPartOf\":{\"@id\":\"https:\/\/www.sgeaj.ch\/fr\/#website\"},\"primaryImageOfPage\":{\"@id\":\"https:\/\/www.sgeaj.ch\/fr\/actualite\/stellenausschreibung-nuetzliche-bibliotheken\/#primaryimage\"},\"image\":{\"@id\":\"https:\/\/www.sgeaj.ch\/fr\/actualite\/stellenausschreibung-nuetzliche-bibliotheken\/#primaryimage\"},\"thumbnailUrl\":\"https:\/\/www.sgeaj.ch\/wp-content\/uploads\/2026\/03\/herzog-august-bibliothek-1-by-vincent-eisfeld.jpg\",\"datePublished\":\"2026-03-06T09:11:42+00:00\",\"dateModified\":\"2026-03-06T09:24:46+00:00\",\"inLanguage\":\"fr-FR\",\"potentialAction\":[{\"@type\":\"ReadAction\",\"target\":[\"https:\/\/www.sgeaj.ch\/fr\/actualite\/stellenausschreibung-nuetzliche-bibliotheken\/\"]}]},{\"@type\":\"ImageObject\",\"inLanguage\":\"fr-FR\",\"@id\":\"https:\/\/www.sgeaj.ch\/fr\/actualite\/stellenausschreibung-nuetzliche-bibliotheken\/#primaryimage\",\"url\":\"https:\/\/www.sgeaj.ch\/wp-content\/uploads\/2026\/03\/herzog-august-bibliothek-1-by-vincent-eisfeld.jpg\",\"contentUrl\":\"https:\/\/www.sgeaj.ch\/wp-content\/uploads\/2026\/03\/herzog-august-bibliothek-1-by-vincent-eisfeld.jpg\",\"width\":640,\"height\":618},{\"@type\":\"WebSite\",\"@id\":\"https:\/\/www.sgeaj.ch\/fr\/#website\",\"url\":\"https:\/\/www.sgeaj.ch\/fr\/\",\"name\":\"Schweizerische Gesellschaft f\u00fcr die Erforschung des 18. Jahrhunderts (SGEAJ - SSEDS)\",\"description\":\"Schweizerische Gesellschaft f\u00fcr die Erforschung des 18. Jahrhunderts\",\"publisher\":{\"@id\":\"https:\/\/www.sgeaj.ch\/fr\/#organization\"},\"potentialAction\":[{\"@type\":\"SearchAction\",\"target\":{\"@type\":\"EntryPoint\",\"urlTemplate\":\"https:\/\/www.sgeaj.ch\/fr\/?s={search_term_string}\"},\"query-input\":{\"@type\":\"PropertyValueSpecification\",\"valueRequired\":true,\"valueName\":\"search_term_string\"}}],\"inLanguage\":\"fr-FR\"},{\"@type\":\"Organization\",\"@id\":\"https:\/\/www.sgeaj.ch\/fr\/#organization\",\"name\":\"Schweizerische Gesellschaft f\u00fcr die Erforschung des 18. Jahrhunderts (SGEAJ - SSEDS)\",\"url\":\"https:\/\/www.sgeaj.ch\/fr\/\",\"logo\":{\"@type\":\"ImageObject\",\"inLanguage\":\"fr-FR\",\"@id\":\"https:\/\/www.sgeaj.ch\/fr\/#\/schema\/logo\/image\/\",\"url\":\"https:\/\/www.sgeaj.ch\/wp-content\/uploads\/2021\/06\/cropped-logo-xviiies-horiz-abreuviations-bleues.png\",\"contentUrl\":\"https:\/\/www.sgeaj.ch\/wp-content\/uploads\/2021\/06\/cropped-logo-xviiies-horiz-abreuviations-bleues.png\",\"width\":659,\"height\":335,\"caption\":\"Schweizerische Gesellschaft f\u00fcr die Erforschung des 18. Jahrhunderts (SGEAJ - SSEDS)\"},\"image\":{\"@id\":\"https:\/\/www.sgeaj.ch\/fr\/#\/schema\/logo\/image\/\"}},{\"@type\":\"Person\",\"@id\":\"https:\/\/www.sgeaj.ch\/fr\/#\/schema\/person\/f9930dca12b3bd252d469f244e700c60\",\"name\":\"Mich\u00e8le Steiner\",\"url\":\"https:\/\/www.sgeaj.ch\/fr\/author\/msteiner\/\"}]}<\/script>\n<!-- \/ Yoast SEO plugin. -->","yoast_head_json":{"title":"Stellenausschreibung \"N\u00fctzliche Bibliotheken\" - Schweizerische Gesellschaft f\u00fcr die Erforschung des 18. Jahrhunderts (SGEAJ - SSEDS)","robots":{"index":"index","follow":"follow","max-snippet":"max-snippet:-1","max-image-preview":"max-image-preview:large","max-video-preview":"max-video-preview:-1"},"canonical":"https:\/\/www.sgeaj.ch\/fr\/actualite\/stellenausschreibung-nuetzliche-bibliotheken\/","twitter_misc":{"\u00c9crit par":"Mich\u00e8le Steiner","Dur\u00e9e de lecture estim\u00e9e":"2 minutes"},"schema":{"@context":"https:\/\/schema.org","@graph":[{"@type":"Article","@id":"https:\/\/www.sgeaj.ch\/fr\/actualite\/stellenausschreibung-nuetzliche-bibliotheken\/#article","isPartOf":{"@id":"https:\/\/www.sgeaj.ch\/fr\/actualite\/stellenausschreibung-nuetzliche-bibliotheken\/"},"author":{"name":"Mich\u00e8le Steiner","@id":"https:\/\/www.sgeaj.ch\/fr\/#\/schema\/person\/f9930dca12b3bd252d469f244e700c60"},"headline":"Stellenausschreibung \u00ab\u00a0N\u00fctzliche Bibliotheken\u00a0\u00bb","datePublished":"2026-03-06T09:11:42+00:00","dateModified":"2026-03-06T09:24:46+00:00","mainEntityOfPage":{"@id":"https:\/\/www.sgeaj.ch\/fr\/actualite\/stellenausschreibung-nuetzliche-bibliotheken\/"},"wordCount":349,"publisher":{"@id":"https:\/\/www.sgeaj.ch\/fr\/#organization"},"image":{"@id":"https:\/\/www.sgeaj.ch\/fr\/actualite\/stellenausschreibung-nuetzliche-bibliotheken\/#primaryimage"},"thumbnailUrl":"https:\/\/www.sgeaj.ch\/wp-content\/uploads\/2026\/03\/herzog-august-bibliothek-1-by-vincent-eisfeld.jpg","keywords":["Enlightenment","Job Advertisement","Knowledge"],"articleSection":["Actualit\u00e9","Communication"],"inLanguage":"fr-FR"},{"@type":"WebPage","@id":"https:\/\/www.sgeaj.ch\/fr\/actualite\/stellenausschreibung-nuetzliche-bibliotheken\/","url":"https:\/\/www.sgeaj.ch\/fr\/actualite\/stellenausschreibung-nuetzliche-bibliotheken\/","name":"Stellenausschreibung \"N\u00fctzliche Bibliotheken\" - Schweizerische Gesellschaft f\u00fcr die Erforschung des 18. Jahrhunderts (SGEAJ - SSEDS)","isPartOf":{"@id":"https:\/\/www.sgeaj.ch\/fr\/#website"},"primaryImageOfPage":{"@id":"https:\/\/www.sgeaj.ch\/fr\/actualite\/stellenausschreibung-nuetzliche-bibliotheken\/#primaryimage"},"image":{"@id":"https:\/\/www.sgeaj.ch\/fr\/actualite\/stellenausschreibung-nuetzliche-bibliotheken\/#primaryimage"},"thumbnailUrl":"https:\/\/www.sgeaj.ch\/wp-content\/uploads\/2026\/03\/herzog-august-bibliothek-1-by-vincent-eisfeld.jpg","datePublished":"2026-03-06T09:11:42+00:00","dateModified":"2026-03-06T09:24:46+00:00","inLanguage":"fr-FR","potentialAction":[{"@type":"ReadAction","target":["https:\/\/www.sgeaj.ch\/fr\/actualite\/stellenausschreibung-nuetzliche-bibliotheken\/"]}]},{"@type":"ImageObject","inLanguage":"fr-FR","@id":"https:\/\/www.sgeaj.ch\/fr\/actualite\/stellenausschreibung-nuetzliche-bibliotheken\/#primaryimage","url":"https:\/\/www.sgeaj.ch\/wp-content\/uploads\/2026\/03\/herzog-august-bibliothek-1-by-vincent-eisfeld.jpg","contentUrl":"https:\/\/www.sgeaj.ch\/wp-content\/uploads\/2026\/03\/herzog-august-bibliothek-1-by-vincent-eisfeld.jpg","width":640,"height":618},{"@type":"WebSite","@id":"https:\/\/www.sgeaj.ch\/fr\/#website","url":"https:\/\/www.sgeaj.ch\/fr\/","name":"Schweizerische Gesellschaft f\u00fcr die Erforschung des 18. Jahrhunderts (SGEAJ - SSEDS)","description":"Schweizerische Gesellschaft f\u00fcr die Erforschung des 18. Jahrhunderts","publisher":{"@id":"https:\/\/www.sgeaj.ch\/fr\/#organization"},"potentialAction":[{"@type":"SearchAction","target":{"@type":"EntryPoint","urlTemplate":"https:\/\/www.sgeaj.ch\/fr\/?s={search_term_string}"},"query-input":{"@type":"PropertyValueSpecification","valueRequired":true,"valueName":"search_term_string"}}],"inLanguage":"fr-FR"},{"@type":"Organization","@id":"https:\/\/www.sgeaj.ch\/fr\/#organization","name":"Schweizerische Gesellschaft f\u00fcr die Erforschung des 18. Jahrhunderts (SGEAJ - SSEDS)","url":"https:\/\/www.sgeaj.ch\/fr\/","logo":{"@type":"ImageObject","inLanguage":"fr-FR","@id":"https:\/\/www.sgeaj.ch\/fr\/#\/schema\/logo\/image\/","url":"https:\/\/www.sgeaj.ch\/wp-content\/uploads\/2021\/06\/cropped-logo-xviiies-horiz-abreuviations-bleues.png","contentUrl":"https:\/\/www.sgeaj.ch\/wp-content\/uploads\/2021\/06\/cropped-logo-xviiies-horiz-abreuviations-bleues.png","width":659,"height":335,"caption":"Schweizerische Gesellschaft f\u00fcr die Erforschung des 18. Jahrhunderts (SGEAJ - SSEDS)"},"image":{"@id":"https:\/\/www.sgeaj.ch\/fr\/#\/schema\/logo\/image\/"}},{"@type":"Person","@id":"https:\/\/www.sgeaj.ch\/fr\/#\/schema\/person\/f9930dca12b3bd252d469f244e700c60","name":"Mich\u00e8le Steiner","url":"https:\/\/www.sgeaj.ch\/fr\/author\/msteiner\/"}]}},"_links":{"self":[{"href":"https:\/\/www.sgeaj.ch\/fr\/wp-json\/wp\/v2\/posts\/8343","targetHints":{"allow":["GET"]}}],"collection":[{"href":"https:\/\/www.sgeaj.ch\/fr\/wp-json\/wp\/v2\/posts"}],"about":[{"href":"https:\/\/www.sgeaj.ch\/fr\/wp-json\/wp\/v2\/types\/post"}],"author":[{"embeddable":true,"href":"https:\/\/www.sgeaj.ch\/fr\/wp-json\/wp\/v2\/users\/9"}],"replies":[{"embeddable":true,"href":"https:\/\/www.sgeaj.ch\/fr\/wp-json\/wp\/v2\/comments?post=8343"}],"version-history":[{"count":3,"href":"https:\/\/www.sgeaj.ch\/fr\/wp-json\/wp\/v2\/posts\/8343\/revisions"}],"predecessor-version":[{"id":8348,"href":"https:\/\/www.sgeaj.ch\/fr\/wp-json\/wp\/v2\/posts\/8343\/revisions\/8348"}],"wp:featuredmedia":[{"embeddable":true,"href":"https:\/\/www.sgeaj.ch\/fr\/wp-json\/wp\/v2\/media\/8341"}],"wp:attachment":[{"href":"https:\/\/www.sgeaj.ch\/fr\/wp-json\/wp\/v2\/media?parent=8343"}],"wp:term":[{"taxonomy":"category","embeddable":true,"href":"https:\/\/www.sgeaj.ch\/fr\/wp-json\/wp\/v2\/categories?post=8343"},{"taxonomy":"post_tag","embeddable":true,"href":"https:\/\/www.sgeaj.ch\/fr\/wp-json\/wp\/v2\/tags?post=8343"}],"curies":[{"name":"wp","href":"https:\/\/api.w.org\/{rel}","templated":true}]}}