{"id":8356,"date":"2026-03-27T14:45:54","date_gmt":"2026-03-27T13:45:54","guid":{"rendered":"https:\/\/www.sgeaj.ch\/?p=8356"},"modified":"2026-03-27T14:46:20","modified_gmt":"2026-03-27T13:46:20","slug":"cfp-jean-pierre-de-crousaz-1663-1750","status":"publish","type":"post","link":"https:\/\/www.sgeaj.ch\/fr\/non-classifiee\/cfp-jean-pierre-de-crousaz-1663-1750\/","title":{"rendered":"CfP: Jean-Pierre de Crousaz (1663\u20131750)"},"content":{"rendered":"\n<h3 class=\"wp-block-heading\">Appel \u00e0 communications pour le colloque \u00ab L&rsquo;horizon du travail intellectuel saisi par la correspondance : trajectoires en R\u00e9publique des lettres et fabrique d&rsquo;une \u0153uvre chez Jean-Pierre de Crousaz (1663\u20131750) \u00bb, qui se tiendra \u00e0 l&rsquo;Universit\u00e9 de Lausanne les 20 et 21 novembre 2026. Les propositions sont attendues jusqu&rsquo;au 15 mai 2026.<\/h3>\n\n\n\n<p>Jean-Pierre de Crousaz, intellectuel lausannois et figure marquante des Lumi\u00e8res suisses de la premi\u00e8re moiti\u00e9 du XVIII<sup>e<\/sup> si\u00e8cle, a \u00e9t\u00e9 reconnu de son temps pour ses ouvrages de logique, d\u2019esth\u00e9tique, d\u2019\u00e9ducation et de math\u00e9matiques. Professeur de philosophie et de math\u00e9matiques \u00e0 l\u2019Acad\u00e9mie de Lausanne, il est \u00e9galement membre de diverses soci\u00e9t\u00e9s savantes europ\u00e9ennes. La publication, \u00e0 partir de 1720, de son <em>Syst\u00e8me<\/em> <em>de r\u00e9flexions<\/em>, trait\u00e9 de logique qui assoit sa r\u00e9putation, co\u00efncide avec le d\u00e9but d\u2019un riche <em>commercium epistolarum<\/em>. Le Vaudois construit progressivement sa place de pivot d\u2019un r\u00e9seau de plus de 180 correspondants en Suisse et dans toute l\u2019Europe. Comme le postulait d\u00e9j\u00e0 Jacqueline de La Harpe dans sa monographie <em>Jean-Pierre de Crousaz et le conflit des id\u00e9es au si\u00e8cle des Lumi\u00e8res<\/em> (1955), les \u00e9changes du savant lausannois avec d\u2019autres membres de la R\u00e9publique des lettres d\u00e9limitent un corpus d\u2019une extr\u00eame richesse pour les chercheur.euses, tant en histoire qu\u2019en philosophie.<\/p>\n\n\n\n<p>\u00c9tape n\u00e9cessaire pour tenter de donner du sens \u00e0 la carri\u00e8re de Crousaz, la biographie de La Harpe \u2013 la plus compl\u00e8te \u00e0 ce jour, et qui doit \u00eatre salu\u00e9e pour sa rigueur et sa minutie \u2013 a pris la forme d\u2019un r\u00e9cit lin\u00e9aire pr\u00e9sentant \u00e0 la fois la vie d\u2019un homme et son \u0153uvre, au prix de cat\u00e9gorisations de ses activit\u00e9s, \u00e9tudi\u00e9es de mani\u00e8re cloisonn\u00e9e. Or, de r\u00e9cents renouvellements historiographiques, notamment en histoire sociale des sciences et des savoirs, ont invit\u00e9 les chercheur\u00b7euses \u00e0 se m\u00e9fier des cat\u00e9gories, souvent appliqu\u00e9es \u00e0 un parcours selon une coh\u00e9rence reconstitu\u00e9e <em>a posteriori<\/em>.<\/p>\n\n\n\n<p>Organis\u00e9 en novembre 2026, le colloque aura pour finalit\u00e9 de r\u00e9examiner la trajectoire de Crousaz \u00e0 la lumi\u00e8re de son travail quotidien et d\u2019offrir une contextualisation fine de ses choix \u00e0 l\u2019heure de possibles bifurcations. L\u2019\u00e9tude de sa correspondance permettra notamment de cerner les enjeux des opportunit\u00e9s dont il se saisit \u2013 ou auxquelles il renonce \u2013 et de comprendre, m\u00eame si tout n\u2019est pas r\u00e9ductible \u00e0 des strat\u00e9gies consciemment pr\u00e9\u00e9tablies, l\u2019importance d\u2019engagements lourds de r\u00e9percussions sur sa carri\u00e8re et sa r\u00e9putation. D\u2019autre part, l\u2019\u00e9tude de ce vaste corpus, qui pourra entrer en r\u00e9sonnance avec l\u2019\u00e9tude d\u2019autres sources \u00e9clairant la vie et l\u2019\u0153uvre de Crousaz, permettra aussi de construire des analyses par-del\u00e0 les diff\u00e9rentes postures qui peuvent \u00eatre les siennes \u2013 le philosophe, le math\u00e9maticien, l\u2019esth\u00e8te, l\u2019homme politique, ou encore le p\u00e9dagogue &#8211; et par-del\u00e0 les fronti\u00e8res disciplinaires qui sont loin d\u2019\u00eatre fig\u00e9es dans la premi\u00e8re moiti\u00e9 du XVIII<sup>e<\/sup> si\u00e8cle.<\/p>\n\n\n\n<p>Le colloque en pr\u00e9paration se propose ainsi de mieux comprendre la gen\u00e8se de l\u2019\u0153uvre de Crousaz en percevant comment celle-ci se nourrit des liens tiss\u00e9s entre les diff\u00e9rentes disciplines et en quoi des articulations entre des r\u00e9seaux d\u2019\u00e9chelles diff\u00e9rentes (locale, r\u00e9gionale, nationale et internationale) en d\u00e9terminent les inflexions. Pour atteindre cet objectif, une attention toute particuli\u00e8re sera port\u00e9e \u00e0 la mani\u00e8re dont les \u00e9changes directs ou indirects permettent de saisir l\u2019<em>habitus<\/em> en construction d\u2019un savant et conditionnent la modification et la stabilisation de positions \u00e9pist\u00e9mologiques, structurant progressivement un espace de pens\u00e9e savante.<\/p>\n\n\n\n<p>Le colloque se tiendra \u00e0 l\u2019Universit\u00e9 de Lausanne les <strong>20 et 21 novembre 2026 sur une journ\u00e9e et demie<\/strong>. Il s\u2019inscrit dans le <a href=\"https:\/\/crulh.univ-lorraine.fr\/recherche\/sources-transferts-editions-et-pratiques-editoriales\/croco-edition-numerique-de-la\" target=\"_blank\" rel=\"noreferrer noopener\">Projet CroCo<\/a> (\u00ab\u00a0\u00c9diter la correspondance de Crousaz\u00a0\u00bb, 2025-2026), soutenu par la Maison des sciences de l\u2019homme de Lorraine (Nancy) en partenariat avec la Biblioth\u00e8que cantonale et universitaire de Lausanne (BCUL) et la plateforme <a href=\"https:\/\/lumieres.unil.ch\/\" target=\"_blank\" rel=\"noreferrer noopener\">Lumi\u00e8res.Lausanne<\/a>.<\/p>\n\n\n\n<p>Ce projet rendra disponible en ligne la num\u00e9risation des deux premiers tomes de la correspondance de Crousaz conserv\u00e9s \u00e0 la BCUL (IS 2024, t. I et II) ainsi que l\u2019\u00e9dition d\u2019une centaine de lettres. Un lien vers les transcriptions sera fourni aux participant.es au colloque, qui seront par ailleurs encourag\u00e9.es \u00e0 travailler sur les autres volets de la correspondance, consultable dans son int\u00e9gralit\u00e9 \u00e0 la BCUL (IS 2024, t. III \u00e0 XIV).<\/p>\n\n\n\n<p><strong>Comit\u00e9 scientifique<\/strong> : Sandra Bella, ma\u00eetresse de conf\u00e9rences en histoire des math\u00e9matiques \u00e0 l\u2019Universit\u00e9 de Lorraine (Archives Henri Poincar\u00e9), Daniel Fischer, ma\u00eetre de conf\u00e9rences en histoire moderne \u00e0 l\u2019Universit\u00e9 de Lorraine (CRULH), Prof. B\u00e9la Kapossy, professeur d\u2019histoire moderne \u00e0 l\u2019Universit\u00e9 de Lausanne, B\u00e9atrice Lovis, chercheuse \u00e0 l\u2019Universit\u00e9 de Lausanne.<\/p>\n\n\n\n<p>Les communications de 30 mn seront suivies d\u2019un temps de discussion. Le vendredi apr\u00e8s-midi sera consacr\u00e9 \u00e0 la pr\u00e9sentation des projets num\u00e9riques et des archives Crousaz de la BCUL.<\/p>\n\n\n\n<p><strong>Les propositions<\/strong>, d\u2019environ 3000 signes, <strong>sont \u00e0<\/strong> <strong>envoyer<\/strong> <strong>pour le 15 mai 2026<\/strong> \u00e0 <a href=\"mailto:sandra.bella@univ-lorraine.fr\">sandra.bella@univ-lorraine.fr<\/a>, <a href=\"mailto:daniel.fischer@univ-lorraine.fr\">daniel.fischer@univ-lorraine.fr<\/a>, <a href=\"mailto:beatrice.lovis@unil.ch\">beatrice.lovis@unil.ch<\/a>. <\/p>\n\n\n\n<p>Cr\u00e9dit d&rsquo;image : Portrait anonyme de Jean-Pierre de Crousaz, huile sur toile, 1729 (Mus\u00e9e historique Lausanne, inv. I.164CrousazJeanPi.3).<\/p>\n\n\n\n<div data-wp-interactive=\"core\/file\" class=\"wp-block-file\"><object data-wp-bind--hidden=\"!state.hasPdfPreview\" hidden class=\"wp-block-file__embed\" data=\"https:\/\/www.sgeaj.ch\/wp-content\/uploads\/2026\/03\/2026-cfp-colloque-jpc-lausanne-def.pdf\" type=\"application\/pdf\" style=\"width:100%;height:600px\" aria-label=\"Contenu embarqu\u00e9 2026_CfP_Colloque_JPC_Lausanne_DEF.\"><\/object><a id=\"wp-block-file--media-7f350d90-9b9c-40c3-8818-f26c8f9b3cd4\" href=\"https:\/\/www.sgeaj.ch\/wp-content\/uploads\/2026\/03\/2026-cfp-colloque-jpc-lausanne-def.pdf\">2026_CfP_Colloque_JPC_Lausanne_DEF<\/a><a href=\"https:\/\/www.sgeaj.ch\/wp-content\/uploads\/2026\/03\/2026-cfp-colloque-jpc-lausanne-def.pdf\" class=\"wp-block-file__button wp-element-button\" download aria-describedby=\"wp-block-file--media-7f350d90-9b9c-40c3-8818-f26c8f9b3cd4\">Herunterladen<\/a><\/div>\n","protected":false},"excerpt":{"rendered":"<p>Appel \u00e0 communications pour le colloque \u00ab L&rsquo;horizon du travail intellectuel saisi par la correspondance : trajectoires en R\u00e9publique des lettres et fabrique d&rsquo;une \u0153uvre chez Jean-Pierre de Crousaz (1663\u20131750) \u00bb, qui se tiendra \u00e0 l&rsquo;Universit\u00e9 de Lausanne les 20 et 21 novembre 2026. Les propositions sont attendues jusqu&rsquo;au 15 mai 2026. Jean-Pierre de Crousaz, [&hellip;]<\/p>\n","protected":false},"author":9,"featured_media":8359,"comment_status":"closed","ping_status":"open","sticky":false,"template":"","format":"standard","meta":{"footnotes":""},"categories":[42,26,3],"tags":[60,67,68,90,101],"class_list":{"0":"post-8356","1":"post","2":"type-post","3":"status-publish","4":"format-standard","5":"has-post-thumbnail","7":"category-actualite","8":"category-call-for-papers-fr","9":"category-non-classifiee","10":"tag-call-for-papers-fr","11":"tag-enlightenment-fr","12":"tag-knowledge-fr","13":"tag-networks-fr","14":"tag-switzerland-fr","15":"czr-hentry"},"yoast_head":"<!-- This site is optimized with the Yoast SEO plugin v26.9 - https:\/\/yoast.com\/product\/yoast-seo-wordpress\/ -->\n<title>CfP: Jean-Pierre de Crousaz (1663\u20131750) - Schweizerische Gesellschaft f\u00fcr die Erforschung des 18. Jahrhunderts (SGEAJ - SSEDS)<\/title>\n<meta name=\"robots\" content=\"index, follow, max-snippet:-1, max-image-preview:large, max-video-preview:-1\" \/>\n<link rel=\"canonical\" href=\"https:\/\/www.sgeaj.ch\/fr\/non-classifiee\/cfp-jean-pierre-de-crousaz-1663-1750\/\" \/>\n<meta name=\"twitter:label1\" content=\"\u00c9crit par\" \/>\n\t<meta name=\"twitter:data1\" content=\"Mich\u00e8le Steiner\" \/>\n\t<meta name=\"twitter:label2\" content=\"Dur\u00e9e de lecture estim\u00e9e\" \/>\n\t<meta name=\"twitter:data2\" content=\"5 minutes\" \/>\n<script type=\"application\/ld+json\" class=\"yoast-schema-graph\">{\"@context\":\"https:\/\/schema.org\",\"@graph\":[{\"@type\":\"Article\",\"@id\":\"https:\/\/www.sgeaj.ch\/fr\/non-classifiee\/cfp-jean-pierre-de-crousaz-1663-1750\/#article\",\"isPartOf\":{\"@id\":\"https:\/\/www.sgeaj.ch\/fr\/non-classifiee\/cfp-jean-pierre-de-crousaz-1663-1750\/\"},\"author\":{\"name\":\"Mich\u00e8le Steiner\",\"@id\":\"https:\/\/www.sgeaj.ch\/fr\/#\/schema\/person\/f9930dca12b3bd252d469f244e700c60\"},\"headline\":\"CfP: Jean-Pierre de Crousaz (1663\u20131750)\",\"datePublished\":\"2026-03-27T13:45:54+00:00\",\"dateModified\":\"2026-03-27T13:46:20+00:00\",\"mainEntityOfPage\":{\"@id\":\"https:\/\/www.sgeaj.ch\/fr\/non-classifiee\/cfp-jean-pierre-de-crousaz-1663-1750\/\"},\"wordCount\":895,\"publisher\":{\"@id\":\"https:\/\/www.sgeaj.ch\/fr\/#organization\"},\"image\":{\"@id\":\"https:\/\/www.sgeaj.ch\/fr\/non-classifiee\/cfp-jean-pierre-de-crousaz-1663-1750\/#primaryimage\"},\"thumbnailUrl\":\"https:\/\/www.sgeaj.ch\/wp-content\/uploads\/2026\/03\/mhl-invi164crousazjeanpi3-e1774619119806.png\",\"keywords\":[\"Call for Papers\",\"Enlightenment\",\"Knowledge\",\"Networks\",\"Switzerland\"],\"articleSection\":[\"Actualit\u00e9\",\"Call for Papers\",\"Non classifi\u00e9(e)\"],\"inLanguage\":\"fr-FR\"},{\"@type\":\"WebPage\",\"@id\":\"https:\/\/www.sgeaj.ch\/fr\/non-classifiee\/cfp-jean-pierre-de-crousaz-1663-1750\/\",\"url\":\"https:\/\/www.sgeaj.ch\/fr\/non-classifiee\/cfp-jean-pierre-de-crousaz-1663-1750\/\",\"name\":\"CfP: Jean-Pierre de Crousaz (1663\u20131750) - Schweizerische Gesellschaft f\u00fcr die Erforschung des 18. Jahrhunderts (SGEAJ - SSEDS)\",\"isPartOf\":{\"@id\":\"https:\/\/www.sgeaj.ch\/fr\/#website\"},\"primaryImageOfPage\":{\"@id\":\"https:\/\/www.sgeaj.ch\/fr\/non-classifiee\/cfp-jean-pierre-de-crousaz-1663-1750\/#primaryimage\"},\"image\":{\"@id\":\"https:\/\/www.sgeaj.ch\/fr\/non-classifiee\/cfp-jean-pierre-de-crousaz-1663-1750\/#primaryimage\"},\"thumbnailUrl\":\"https:\/\/www.sgeaj.ch\/wp-content\/uploads\/2026\/03\/mhl-invi164crousazjeanpi3-e1774619119806.png\",\"datePublished\":\"2026-03-27T13:45:54+00:00\",\"dateModified\":\"2026-03-27T13:46:20+00:00\",\"inLanguage\":\"fr-FR\",\"potentialAction\":[{\"@type\":\"ReadAction\",\"target\":[\"https:\/\/www.sgeaj.ch\/fr\/non-classifiee\/cfp-jean-pierre-de-crousaz-1663-1750\/\"]}]},{\"@type\":\"ImageObject\",\"inLanguage\":\"fr-FR\",\"@id\":\"https:\/\/www.sgeaj.ch\/fr\/non-classifiee\/cfp-jean-pierre-de-crousaz-1663-1750\/#primaryimage\",\"url\":\"https:\/\/www.sgeaj.ch\/wp-content\/uploads\/2026\/03\/mhl-invi164crousazjeanpi3-e1774619119806.png\",\"contentUrl\":\"https:\/\/www.sgeaj.ch\/wp-content\/uploads\/2026\/03\/mhl-invi164crousazjeanpi3-e1774619119806.png\",\"width\":1104,\"height\":787},{\"@type\":\"WebSite\",\"@id\":\"https:\/\/www.sgeaj.ch\/fr\/#website\",\"url\":\"https:\/\/www.sgeaj.ch\/fr\/\",\"name\":\"Schweizerische Gesellschaft f\u00fcr die Erforschung des 18. Jahrhunderts (SGEAJ - SSEDS)\",\"description\":\"Schweizerische Gesellschaft f\u00fcr die Erforschung des 18. Jahrhunderts\",\"publisher\":{\"@id\":\"https:\/\/www.sgeaj.ch\/fr\/#organization\"},\"potentialAction\":[{\"@type\":\"SearchAction\",\"target\":{\"@type\":\"EntryPoint\",\"urlTemplate\":\"https:\/\/www.sgeaj.ch\/fr\/?s={search_term_string}\"},\"query-input\":{\"@type\":\"PropertyValueSpecification\",\"valueRequired\":true,\"valueName\":\"search_term_string\"}}],\"inLanguage\":\"fr-FR\"},{\"@type\":\"Organization\",\"@id\":\"https:\/\/www.sgeaj.ch\/fr\/#organization\",\"name\":\"Schweizerische Gesellschaft f\u00fcr die Erforschung des 18. Jahrhunderts (SGEAJ - SSEDS)\",\"url\":\"https:\/\/www.sgeaj.ch\/fr\/\",\"logo\":{\"@type\":\"ImageObject\",\"inLanguage\":\"fr-FR\",\"@id\":\"https:\/\/www.sgeaj.ch\/fr\/#\/schema\/logo\/image\/\",\"url\":\"https:\/\/www.sgeaj.ch\/wp-content\/uploads\/2021\/06\/cropped-logo-xviiies-horiz-abreuviations-bleues.png\",\"contentUrl\":\"https:\/\/www.sgeaj.ch\/wp-content\/uploads\/2021\/06\/cropped-logo-xviiies-horiz-abreuviations-bleues.png\",\"width\":659,\"height\":335,\"caption\":\"Schweizerische Gesellschaft f\u00fcr die Erforschung des 18. Jahrhunderts (SGEAJ - SSEDS)\"},\"image\":{\"@id\":\"https:\/\/www.sgeaj.ch\/fr\/#\/schema\/logo\/image\/\"}},{\"@type\":\"Person\",\"@id\":\"https:\/\/www.sgeaj.ch\/fr\/#\/schema\/person\/f9930dca12b3bd252d469f244e700c60\",\"name\":\"Mich\u00e8le Steiner\",\"url\":\"https:\/\/www.sgeaj.ch\/fr\/author\/msteiner\/\"}]}<\/script>\n<!-- \/ Yoast SEO plugin. -->","yoast_head_json":{"title":"CfP: Jean-Pierre de Crousaz (1663\u20131750) - Schweizerische Gesellschaft f\u00fcr die Erforschung des 18. Jahrhunderts (SGEAJ - SSEDS)","robots":{"index":"index","follow":"follow","max-snippet":"max-snippet:-1","max-image-preview":"max-image-preview:large","max-video-preview":"max-video-preview:-1"},"canonical":"https:\/\/www.sgeaj.ch\/fr\/non-classifiee\/cfp-jean-pierre-de-crousaz-1663-1750\/","twitter_misc":{"\u00c9crit par":"Mich\u00e8le Steiner","Dur\u00e9e de lecture estim\u00e9e":"5 minutes"},"schema":{"@context":"https:\/\/schema.org","@graph":[{"@type":"Article","@id":"https:\/\/www.sgeaj.ch\/fr\/non-classifiee\/cfp-jean-pierre-de-crousaz-1663-1750\/#article","isPartOf":{"@id":"https:\/\/www.sgeaj.ch\/fr\/non-classifiee\/cfp-jean-pierre-de-crousaz-1663-1750\/"},"author":{"name":"Mich\u00e8le Steiner","@id":"https:\/\/www.sgeaj.ch\/fr\/#\/schema\/person\/f9930dca12b3bd252d469f244e700c60"},"headline":"CfP: Jean-Pierre de Crousaz (1663\u20131750)","datePublished":"2026-03-27T13:45:54+00:00","dateModified":"2026-03-27T13:46:20+00:00","mainEntityOfPage":{"@id":"https:\/\/www.sgeaj.ch\/fr\/non-classifiee\/cfp-jean-pierre-de-crousaz-1663-1750\/"},"wordCount":895,"publisher":{"@id":"https:\/\/www.sgeaj.ch\/fr\/#organization"},"image":{"@id":"https:\/\/www.sgeaj.ch\/fr\/non-classifiee\/cfp-jean-pierre-de-crousaz-1663-1750\/#primaryimage"},"thumbnailUrl":"https:\/\/www.sgeaj.ch\/wp-content\/uploads\/2026\/03\/mhl-invi164crousazjeanpi3-e1774619119806.png","keywords":["Call for Papers","Enlightenment","Knowledge","Networks","Switzerland"],"articleSection":["Actualit\u00e9","Call for Papers","Non classifi\u00e9(e)"],"inLanguage":"fr-FR"},{"@type":"WebPage","@id":"https:\/\/www.sgeaj.ch\/fr\/non-classifiee\/cfp-jean-pierre-de-crousaz-1663-1750\/","url":"https:\/\/www.sgeaj.ch\/fr\/non-classifiee\/cfp-jean-pierre-de-crousaz-1663-1750\/","name":"CfP: Jean-Pierre de Crousaz (1663\u20131750) - Schweizerische Gesellschaft f\u00fcr die Erforschung des 18. Jahrhunderts (SGEAJ - SSEDS)","isPartOf":{"@id":"https:\/\/www.sgeaj.ch\/fr\/#website"},"primaryImageOfPage":{"@id":"https:\/\/www.sgeaj.ch\/fr\/non-classifiee\/cfp-jean-pierre-de-crousaz-1663-1750\/#primaryimage"},"image":{"@id":"https:\/\/www.sgeaj.ch\/fr\/non-classifiee\/cfp-jean-pierre-de-crousaz-1663-1750\/#primaryimage"},"thumbnailUrl":"https:\/\/www.sgeaj.ch\/wp-content\/uploads\/2026\/03\/mhl-invi164crousazjeanpi3-e1774619119806.png","datePublished":"2026-03-27T13:45:54+00:00","dateModified":"2026-03-27T13:46:20+00:00","inLanguage":"fr-FR","potentialAction":[{"@type":"ReadAction","target":["https:\/\/www.sgeaj.ch\/fr\/non-classifiee\/cfp-jean-pierre-de-crousaz-1663-1750\/"]}]},{"@type":"ImageObject","inLanguage":"fr-FR","@id":"https:\/\/www.sgeaj.ch\/fr\/non-classifiee\/cfp-jean-pierre-de-crousaz-1663-1750\/#primaryimage","url":"https:\/\/www.sgeaj.ch\/wp-content\/uploads\/2026\/03\/mhl-invi164crousazjeanpi3-e1774619119806.png","contentUrl":"https:\/\/www.sgeaj.ch\/wp-content\/uploads\/2026\/03\/mhl-invi164crousazjeanpi3-e1774619119806.png","width":1104,"height":787},{"@type":"WebSite","@id":"https:\/\/www.sgeaj.ch\/fr\/#website","url":"https:\/\/www.sgeaj.ch\/fr\/","name":"Schweizerische Gesellschaft f\u00fcr die Erforschung des 18. Jahrhunderts (SGEAJ - SSEDS)","description":"Schweizerische Gesellschaft f\u00fcr die Erforschung des 18. Jahrhunderts","publisher":{"@id":"https:\/\/www.sgeaj.ch\/fr\/#organization"},"potentialAction":[{"@type":"SearchAction","target":{"@type":"EntryPoint","urlTemplate":"https:\/\/www.sgeaj.ch\/fr\/?s={search_term_string}"},"query-input":{"@type":"PropertyValueSpecification","valueRequired":true,"valueName":"search_term_string"}}],"inLanguage":"fr-FR"},{"@type":"Organization","@id":"https:\/\/www.sgeaj.ch\/fr\/#organization","name":"Schweizerische Gesellschaft f\u00fcr die Erforschung des 18. Jahrhunderts (SGEAJ - SSEDS)","url":"https:\/\/www.sgeaj.ch\/fr\/","logo":{"@type":"ImageObject","inLanguage":"fr-FR","@id":"https:\/\/www.sgeaj.ch\/fr\/#\/schema\/logo\/image\/","url":"https:\/\/www.sgeaj.ch\/wp-content\/uploads\/2021\/06\/cropped-logo-xviiies-horiz-abreuviations-bleues.png","contentUrl":"https:\/\/www.sgeaj.ch\/wp-content\/uploads\/2021\/06\/cropped-logo-xviiies-horiz-abreuviations-bleues.png","width":659,"height":335,"caption":"Schweizerische Gesellschaft f\u00fcr die Erforschung des 18. Jahrhunderts (SGEAJ - SSEDS)"},"image":{"@id":"https:\/\/www.sgeaj.ch\/fr\/#\/schema\/logo\/image\/"}},{"@type":"Person","@id":"https:\/\/www.sgeaj.ch\/fr\/#\/schema\/person\/f9930dca12b3bd252d469f244e700c60","name":"Mich\u00e8le Steiner","url":"https:\/\/www.sgeaj.ch\/fr\/author\/msteiner\/"}]}},"_links":{"self":[{"href":"https:\/\/www.sgeaj.ch\/fr\/wp-json\/wp\/v2\/posts\/8356","targetHints":{"allow":["GET"]}}],"collection":[{"href":"https:\/\/www.sgeaj.ch\/fr\/wp-json\/wp\/v2\/posts"}],"about":[{"href":"https:\/\/www.sgeaj.ch\/fr\/wp-json\/wp\/v2\/types\/post"}],"author":[{"embeddable":true,"href":"https:\/\/www.sgeaj.ch\/fr\/wp-json\/wp\/v2\/users\/9"}],"replies":[{"embeddable":true,"href":"https:\/\/www.sgeaj.ch\/fr\/wp-json\/wp\/v2\/comments?post=8356"}],"version-history":[{"count":2,"href":"https:\/\/www.sgeaj.ch\/fr\/wp-json\/wp\/v2\/posts\/8356\/revisions"}],"predecessor-version":[{"id":8362,"href":"https:\/\/www.sgeaj.ch\/fr\/wp-json\/wp\/v2\/posts\/8356\/revisions\/8362"}],"wp:featuredmedia":[{"embeddable":true,"href":"https:\/\/www.sgeaj.ch\/fr\/wp-json\/wp\/v2\/media\/8359"}],"wp:attachment":[{"href":"https:\/\/www.sgeaj.ch\/fr\/wp-json\/wp\/v2\/media?parent=8356"}],"wp:term":[{"taxonomy":"category","embeddable":true,"href":"https:\/\/www.sgeaj.ch\/fr\/wp-json\/wp\/v2\/categories?post=8356"},{"taxonomy":"post_tag","embeddable":true,"href":"https:\/\/www.sgeaj.ch\/fr\/wp-json\/wp\/v2\/tags?post=8356"}],"curies":[{"name":"wp","href":"https:\/\/api.w.org\/{rel}","templated":true}]}}