{"id":8368,"date":"2026-03-27T15:07:26","date_gmt":"2026-03-27T14:07:26","guid":{"rendered":"https:\/\/www.sgeaj.ch\/?p=8368"},"modified":"2026-03-27T15:07:29","modified_gmt":"2026-03-27T14:07:29","slug":"a-c-chavannes-et-sa-science-generale-de-lhomme","status":"publish","type":"post","link":"https:\/\/www.sgeaj.ch\/fr\/actualite\/a-c-chavannes-et-sa-science-generale-de-lhomme\/","title":{"rendered":"A. C. Chavannes et sa \u00ab Science g\u00e9n\u00e9rale de l&rsquo;homme \u00bb"},"content":{"rendered":"\n<h3 class=\"wp-block-heading\">L&rsquo;\u00e9quipe de Lumi\u00e8res.Lausanne a le grand plaisir d&rsquo;annoncer la mise en ligne de la transcription du septi\u00e8me tome de l&rsquo;<em>Anthropologie<\/em> d&rsquo;Alexandre C\u00e9sar Chavannes, une \u00e9dition qui b\u00e9n\u00e9ficie de la toute derni\u00e8re nouveaut\u00e9 d\u00e9velopp\u00e9e sur Lumi\u00e8res.Lausanne gr\u00e2ce aux bons soins du Service Infrastructure Enseignement et Recherche (SIER), \u00e0 savoir la visualisation du facsimil\u00e9 en face de la transcription.<\/h3>\n\n\n\n<p>La publication de la <a href=\"https:\/\/lumieres.unil.ch\/fiches\/trans\/1288\/\" target=\"_blank\" rel=\"noreferrer noopener\">transcription de <em>La<\/em> <em>Boulologie<\/em><\/a> met un terme au projet \u00e9ditorial de l\u2019<em>Anthropologie ou Science g\u00e9n\u00e9rale de l\u2019homme<\/em> sur Lumi\u00e8res.Lausanne. D\u00e9but\u00e9 en 2015, ce projet avait pour objectif de mettre \u00e0 disposition des chercheurs et du public les trait\u00e9s d\u2019anthropologie r\u00e9dig\u00e9s par <a href=\"https:\/\/lumieres.unil.ch\/fiches\/bio\/34\/\" target=\"_blank\" rel=\"noreferrer noopener\">Alexandre C\u00e9sar Chavannes<\/a> et demeur\u00e9s in\u00e9dits jusqu\u2019\u00e0 aujourd\u2019hui. Il a permis la transcription et la mise en ligne de huit des treize volumes manuscrits qui composent l\u2019<em>Anthropologie, <\/em>\u00e0 savoir<em>L\u2019Anthropologie<\/em> proprement dite (t. I et II), <em>L\u2019Ethnologie<\/em> (t. I, II et III), <em>La Noologie, La Boulologie<\/em> et <em>La Mythologie<\/em>. Ces huit volumes forment le p\u00f4le anthropologique et ethnologique du projet de \u00ab\u00a0Science g\u00e9n\u00e9rale de l\u2019homme\u00a0\u00bb de Chavannes. Les cinq volumes restants (<em>Glossologie<\/em> <em>et<\/em> <em>Etymologie<\/em>, <em>Lexicolologie<\/em> (I, II et II) et <em>Grammatologie<\/em>) constituent un volet coh\u00e9rent et diff\u00e9rent\u00a0: il d\u00e9veloppe une th\u00e9orie compl\u00e8te du langage que nous avons exclu du projet \u00e9ditorial.<\/p>\n\n\n\n<p>La <em>Boulologie<\/em> de Chavannes est la science de l\u2019homme consid\u00e9r\u00e9 comme dou\u00e9 de volont\u00e9, d\u2019activit\u00e9 et de libert\u00e9. Elle constitue, aux c\u00f4t\u00e9s de la <em>Noologie<\/em> (l\u2019\u00e9tude de l\u2019homme intellectuel), la partie proprement philosophique de l\u2019<em>Anthropologie<\/em>. Dans ce volume, Chavannes cherche \u00e0 comprendre l\u2019origine de nos d\u00e9cisions, quels principes doivent guider nos actions et comment l\u2019\u00eatre humain peut tendre vers son bonheur et sa \u00ab perfection \u00bb. La premi\u00e8re partie du volume explore ainsi ce qui influence notre volont\u00e9 : nos penchants naturels et rationnels et nos motivations mixtes, mais aussi les motifs r\u00e9fl\u00e9chis qui nous poussent vers le bien commun. Chavannes affirme que l\u2019homme doit se conformer \u00e0 des r\u00e8gles morales claires \u2013 envers lui-m\u00eame et envers les autres \u00eatres \u2013 et qu\u2019il ne peut saisir pleinement l\u2019\u00e9tendue de ces r\u00e8gles sans r\u00e9fl\u00e9chir \u00e0 son origine et \u00e0 sa destination. La seconde partie expose la morale proprement dite : un ensemble de lois naturelles conduites par la raison, la conscience et le sens moral, destin\u00e9es \u00e0 guider nos actions et nos devoirs \u2013 envers nous-m\u00eames, envers nos semblables et envers Dieu \u2013 et \u00e0 distinguer le bien du mal, le vertueux du vicieux. Bien que l\u2019<em>Anthropologie<\/em> adopte un ton r\u00e9solument philosophique, Chavannes conclut qu\u2019une morale purement philosophique ne suffit pas. Selon lui, pour \u00eatre pleinement efficiente, elle doit \u00eatre compl\u00e9t\u00e9e par une morale chr\u00e9tienne. Il annonce ainsi, en conclusion de la <em>Boulologie<\/em>, un second volume consacr\u00e9 \u00e0 ce sujet, et dissoci\u00e9 de l\u2019<em>Anthropologie<\/em>, possiblement d\u00e9velopp\u00e9 dans son <em>Cours complet de morale chr\u00e9tienne<\/em>, ouvrage en dix volumes rest\u00e9 lui aussi manuscrit. Cette articulation entre philosophie morale et morale r\u00e9v\u00e9l\u00e9e \u00e9claire l\u2019ambition de Chavannes : proposer une vision globale et coh\u00e9rente de l\u2019esprit humain, \u00e0 la fois libre, rationnel et spirituel.<\/p>\n\n\n\n<p>L&rsquo;\u00e9quipe de Lumi\u00e8res.Lausanne tient \u00e0 remercier toutes les personnes qui ont contribu\u00e9 \u00e0 la r\u00e9alisation de ce projet : le professeur Christian Grosse pour la supervision g\u00e9n\u00e9rale et la relecture des diff\u00e9rents volumes\u00a0; Elisabeth Holm, Matthieu Cu\u00e9noud et R\u00e9my Zanardi pour la transcription des manuscrits\u00a0; Ana\u00efs Marchiando, Elio Jaillet, Apolline Thromas, Oc\u00e9ane Pittet et Rebeca S\u00e1nchez Garral\u00f3n pour la transcription et la v\u00e9rification des termes grecs et h\u00e9bra\u00efques\u00a0; et B\u00e9atrice Lovis pour la supervision. Enfin le l&rsquo;\u00e9quipe remercie la Biblioth\u00e8que cantonale et universitaire de Lausanne pour la mise \u00e0 disposition et la num\u00e9risation des treize volumes de l\u2019<em>Anthropologie<\/em>.<\/p>\n\n\n\n<p>Cr\u00e9dit d&rsquo;image: \u00ab\u00a0L&rsquo;Anthropologie\u00a0\u00bb d&rsquo;Alexandre C\u00e9sar Chavannes en 13 volumes, Biblioth\u00e8que cantonale et universitaire, Lausanne (BCUL), photographie d&rsquo;Elisabeth Holm.<\/p>\n","protected":false},"excerpt":{"rendered":"<p>L&rsquo;\u00e9quipe de Lumi\u00e8res.Lausanne a le grand plaisir d&rsquo;annoncer la mise en ligne de la transcription du septi\u00e8me tome de l&rsquo;Anthropologie d&rsquo;Alexandre C\u00e9sar Chavannes, une \u00e9dition qui b\u00e9n\u00e9ficie de la toute derni\u00e8re nouveaut\u00e9 d\u00e9velopp\u00e9e sur Lumi\u00e8res.Lausanne gr\u00e2ce aux bons soins du Service Infrastructure Enseignement et Recherche (SIER), \u00e0 savoir la visualisation du facsimil\u00e9 en face de [&hellip;]<\/p>\n","protected":false},"author":9,"featured_media":8365,"comment_status":"closed","ping_status":"open","sticky":false,"template":"","format":"standard","meta":{"footnotes":""},"categories":[42,44,25],"tags":[95,67,68,91,101],"class_list":{"0":"post-8368","1":"post","2":"type-post","3":"status-publish","4":"format-standard","5":"has-post-thumbnail","7":"category-actualite","8":"category-humanites-digitales","9":"category-nouvelles-publications","10":"tag-digital-humanities-2-fr","11":"tag-enlightenment-fr","12":"tag-knowledge-fr","13":"tag-publication-fr","14":"tag-switzerland-fr","15":"czr-hentry"},"yoast_head":"<!-- This site is optimized with the Yoast SEO plugin v26.9 - https:\/\/yoast.com\/product\/yoast-seo-wordpress\/ -->\n<title>A. C. Chavannes et sa \u00ab Science g\u00e9n\u00e9rale de l&#039;homme \u00bb - Schweizerische Gesellschaft f\u00fcr die Erforschung des 18. Jahrhunderts (SGEAJ - SSEDS)<\/title>\n<meta name=\"robots\" content=\"index, follow, max-snippet:-1, max-image-preview:large, max-video-preview:-1\" \/>\n<link rel=\"canonical\" href=\"https:\/\/www.sgeaj.ch\/fr\/actualite\/a-c-chavannes-et-sa-science-generale-de-lhomme\/\" \/>\n<meta name=\"twitter:label1\" content=\"\u00c9crit par\" \/>\n\t<meta name=\"twitter:data1\" content=\"Mich\u00e8le Steiner\" \/>\n\t<meta name=\"twitter:label2\" content=\"Dur\u00e9e de lecture estim\u00e9e\" \/>\n\t<meta name=\"twitter:data2\" content=\"4 minutes\" \/>\n<script type=\"application\/ld+json\" class=\"yoast-schema-graph\">{\"@context\":\"https:\/\/schema.org\",\"@graph\":[{\"@type\":\"Article\",\"@id\":\"https:\/\/www.sgeaj.ch\/fr\/actualite\/a-c-chavannes-et-sa-science-generale-de-lhomme\/#article\",\"isPartOf\":{\"@id\":\"https:\/\/www.sgeaj.ch\/fr\/actualite\/a-c-chavannes-et-sa-science-generale-de-lhomme\/\"},\"author\":{\"name\":\"Mich\u00e8le Steiner\",\"@id\":\"https:\/\/www.sgeaj.ch\/fr\/#\/schema\/person\/f9930dca12b3bd252d469f244e700c60\"},\"headline\":\"A. C. Chavannes et sa \u00ab Science g\u00e9n\u00e9rale de l&rsquo;homme \u00bb\",\"datePublished\":\"2026-03-27T14:07:26+00:00\",\"dateModified\":\"2026-03-27T14:07:29+00:00\",\"mainEntityOfPage\":{\"@id\":\"https:\/\/www.sgeaj.ch\/fr\/actualite\/a-c-chavannes-et-sa-science-generale-de-lhomme\/\"},\"wordCount\":703,\"publisher\":{\"@id\":\"https:\/\/www.sgeaj.ch\/fr\/#organization\"},\"image\":{\"@id\":\"https:\/\/www.sgeaj.ch\/fr\/actualite\/a-c-chavannes-et-sa-science-generale-de-lhomme\/#primaryimage\"},\"thumbnailUrl\":\"https:\/\/www.sgeaj.ch\/wp-content\/uploads\/2026\/03\/alexandrecesarchavannes-bcul-holm.png\",\"keywords\":[\"Digital Humanities\",\"Enlightenment\",\"Knowledge\",\"Publication\",\"Switzerland\"],\"articleSection\":[\"Actualit\u00e9\",\"Humanit\u00e9s digitales : base de donn\u00e9es\",\"Nouvelles publications\"],\"inLanguage\":\"fr-FR\"},{\"@type\":\"WebPage\",\"@id\":\"https:\/\/www.sgeaj.ch\/fr\/actualite\/a-c-chavannes-et-sa-science-generale-de-lhomme\/\",\"url\":\"https:\/\/www.sgeaj.ch\/fr\/actualite\/a-c-chavannes-et-sa-science-generale-de-lhomme\/\",\"name\":\"A. C. Chavannes et sa \u00ab Science g\u00e9n\u00e9rale de l'homme \u00bb - Schweizerische Gesellschaft f\u00fcr die Erforschung des 18. Jahrhunderts (SGEAJ - SSEDS)\",\"isPartOf\":{\"@id\":\"https:\/\/www.sgeaj.ch\/fr\/#website\"},\"primaryImageOfPage\":{\"@id\":\"https:\/\/www.sgeaj.ch\/fr\/actualite\/a-c-chavannes-et-sa-science-generale-de-lhomme\/#primaryimage\"},\"image\":{\"@id\":\"https:\/\/www.sgeaj.ch\/fr\/actualite\/a-c-chavannes-et-sa-science-generale-de-lhomme\/#primaryimage\"},\"thumbnailUrl\":\"https:\/\/www.sgeaj.ch\/wp-content\/uploads\/2026\/03\/alexandrecesarchavannes-bcul-holm.png\",\"datePublished\":\"2026-03-27T14:07:26+00:00\",\"dateModified\":\"2026-03-27T14:07:29+00:00\",\"inLanguage\":\"fr-FR\",\"potentialAction\":[{\"@type\":\"ReadAction\",\"target\":[\"https:\/\/www.sgeaj.ch\/fr\/actualite\/a-c-chavannes-et-sa-science-generale-de-lhomme\/\"]}]},{\"@type\":\"ImageObject\",\"inLanguage\":\"fr-FR\",\"@id\":\"https:\/\/www.sgeaj.ch\/fr\/actualite\/a-c-chavannes-et-sa-science-generale-de-lhomme\/#primaryimage\",\"url\":\"https:\/\/www.sgeaj.ch\/wp-content\/uploads\/2026\/03\/alexandrecesarchavannes-bcul-holm.png\",\"contentUrl\":\"https:\/\/www.sgeaj.ch\/wp-content\/uploads\/2026\/03\/alexandrecesarchavannes-bcul-holm.png\",\"width\":1504,\"height\":769},{\"@type\":\"WebSite\",\"@id\":\"https:\/\/www.sgeaj.ch\/fr\/#website\",\"url\":\"https:\/\/www.sgeaj.ch\/fr\/\",\"name\":\"Schweizerische Gesellschaft f\u00fcr die Erforschung des 18. Jahrhunderts (SGEAJ - SSEDS)\",\"description\":\"Schweizerische Gesellschaft f\u00fcr die Erforschung des 18. Jahrhunderts\",\"publisher\":{\"@id\":\"https:\/\/www.sgeaj.ch\/fr\/#organization\"},\"potentialAction\":[{\"@type\":\"SearchAction\",\"target\":{\"@type\":\"EntryPoint\",\"urlTemplate\":\"https:\/\/www.sgeaj.ch\/fr\/?s={search_term_string}\"},\"query-input\":{\"@type\":\"PropertyValueSpecification\",\"valueRequired\":true,\"valueName\":\"search_term_string\"}}],\"inLanguage\":\"fr-FR\"},{\"@type\":\"Organization\",\"@id\":\"https:\/\/www.sgeaj.ch\/fr\/#organization\",\"name\":\"Schweizerische Gesellschaft f\u00fcr die Erforschung des 18. Jahrhunderts (SGEAJ - SSEDS)\",\"url\":\"https:\/\/www.sgeaj.ch\/fr\/\",\"logo\":{\"@type\":\"ImageObject\",\"inLanguage\":\"fr-FR\",\"@id\":\"https:\/\/www.sgeaj.ch\/fr\/#\/schema\/logo\/image\/\",\"url\":\"https:\/\/www.sgeaj.ch\/wp-content\/uploads\/2021\/06\/cropped-logo-xviiies-horiz-abreuviations-bleues.png\",\"contentUrl\":\"https:\/\/www.sgeaj.ch\/wp-content\/uploads\/2021\/06\/cropped-logo-xviiies-horiz-abreuviations-bleues.png\",\"width\":659,\"height\":335,\"caption\":\"Schweizerische Gesellschaft f\u00fcr die Erforschung des 18. Jahrhunderts (SGEAJ - SSEDS)\"},\"image\":{\"@id\":\"https:\/\/www.sgeaj.ch\/fr\/#\/schema\/logo\/image\/\"}},{\"@type\":\"Person\",\"@id\":\"https:\/\/www.sgeaj.ch\/fr\/#\/schema\/person\/f9930dca12b3bd252d469f244e700c60\",\"name\":\"Mich\u00e8le Steiner\",\"url\":\"https:\/\/www.sgeaj.ch\/fr\/author\/msteiner\/\"}]}<\/script>\n<!-- \/ Yoast SEO plugin. -->","yoast_head_json":{"title":"A. C. Chavannes et sa \u00ab Science g\u00e9n\u00e9rale de l'homme \u00bb - Schweizerische Gesellschaft f\u00fcr die Erforschung des 18. Jahrhunderts (SGEAJ - SSEDS)","robots":{"index":"index","follow":"follow","max-snippet":"max-snippet:-1","max-image-preview":"max-image-preview:large","max-video-preview":"max-video-preview:-1"},"canonical":"https:\/\/www.sgeaj.ch\/fr\/actualite\/a-c-chavannes-et-sa-science-generale-de-lhomme\/","twitter_misc":{"\u00c9crit par":"Mich\u00e8le Steiner","Dur\u00e9e de lecture estim\u00e9e":"4 minutes"},"schema":{"@context":"https:\/\/schema.org","@graph":[{"@type":"Article","@id":"https:\/\/www.sgeaj.ch\/fr\/actualite\/a-c-chavannes-et-sa-science-generale-de-lhomme\/#article","isPartOf":{"@id":"https:\/\/www.sgeaj.ch\/fr\/actualite\/a-c-chavannes-et-sa-science-generale-de-lhomme\/"},"author":{"name":"Mich\u00e8le Steiner","@id":"https:\/\/www.sgeaj.ch\/fr\/#\/schema\/person\/f9930dca12b3bd252d469f244e700c60"},"headline":"A. C. Chavannes et sa \u00ab Science g\u00e9n\u00e9rale de l&rsquo;homme \u00bb","datePublished":"2026-03-27T14:07:26+00:00","dateModified":"2026-03-27T14:07:29+00:00","mainEntityOfPage":{"@id":"https:\/\/www.sgeaj.ch\/fr\/actualite\/a-c-chavannes-et-sa-science-generale-de-lhomme\/"},"wordCount":703,"publisher":{"@id":"https:\/\/www.sgeaj.ch\/fr\/#organization"},"image":{"@id":"https:\/\/www.sgeaj.ch\/fr\/actualite\/a-c-chavannes-et-sa-science-generale-de-lhomme\/#primaryimage"},"thumbnailUrl":"https:\/\/www.sgeaj.ch\/wp-content\/uploads\/2026\/03\/alexandrecesarchavannes-bcul-holm.png","keywords":["Digital Humanities","Enlightenment","Knowledge","Publication","Switzerland"],"articleSection":["Actualit\u00e9","Humanit\u00e9s digitales : base de donn\u00e9es","Nouvelles publications"],"inLanguage":"fr-FR"},{"@type":"WebPage","@id":"https:\/\/www.sgeaj.ch\/fr\/actualite\/a-c-chavannes-et-sa-science-generale-de-lhomme\/","url":"https:\/\/www.sgeaj.ch\/fr\/actualite\/a-c-chavannes-et-sa-science-generale-de-lhomme\/","name":"A. C. Chavannes et sa \u00ab Science g\u00e9n\u00e9rale de l'homme \u00bb - Schweizerische Gesellschaft f\u00fcr die Erforschung des 18. Jahrhunderts (SGEAJ - SSEDS)","isPartOf":{"@id":"https:\/\/www.sgeaj.ch\/fr\/#website"},"primaryImageOfPage":{"@id":"https:\/\/www.sgeaj.ch\/fr\/actualite\/a-c-chavannes-et-sa-science-generale-de-lhomme\/#primaryimage"},"image":{"@id":"https:\/\/www.sgeaj.ch\/fr\/actualite\/a-c-chavannes-et-sa-science-generale-de-lhomme\/#primaryimage"},"thumbnailUrl":"https:\/\/www.sgeaj.ch\/wp-content\/uploads\/2026\/03\/alexandrecesarchavannes-bcul-holm.png","datePublished":"2026-03-27T14:07:26+00:00","dateModified":"2026-03-27T14:07:29+00:00","inLanguage":"fr-FR","potentialAction":[{"@type":"ReadAction","target":["https:\/\/www.sgeaj.ch\/fr\/actualite\/a-c-chavannes-et-sa-science-generale-de-lhomme\/"]}]},{"@type":"ImageObject","inLanguage":"fr-FR","@id":"https:\/\/www.sgeaj.ch\/fr\/actualite\/a-c-chavannes-et-sa-science-generale-de-lhomme\/#primaryimage","url":"https:\/\/www.sgeaj.ch\/wp-content\/uploads\/2026\/03\/alexandrecesarchavannes-bcul-holm.png","contentUrl":"https:\/\/www.sgeaj.ch\/wp-content\/uploads\/2026\/03\/alexandrecesarchavannes-bcul-holm.png","width":1504,"height":769},{"@type":"WebSite","@id":"https:\/\/www.sgeaj.ch\/fr\/#website","url":"https:\/\/www.sgeaj.ch\/fr\/","name":"Schweizerische Gesellschaft f\u00fcr die Erforschung des 18. Jahrhunderts (SGEAJ - SSEDS)","description":"Schweizerische Gesellschaft f\u00fcr die Erforschung des 18. Jahrhunderts","publisher":{"@id":"https:\/\/www.sgeaj.ch\/fr\/#organization"},"potentialAction":[{"@type":"SearchAction","target":{"@type":"EntryPoint","urlTemplate":"https:\/\/www.sgeaj.ch\/fr\/?s={search_term_string}"},"query-input":{"@type":"PropertyValueSpecification","valueRequired":true,"valueName":"search_term_string"}}],"inLanguage":"fr-FR"},{"@type":"Organization","@id":"https:\/\/www.sgeaj.ch\/fr\/#organization","name":"Schweizerische Gesellschaft f\u00fcr die Erforschung des 18. Jahrhunderts (SGEAJ - SSEDS)","url":"https:\/\/www.sgeaj.ch\/fr\/","logo":{"@type":"ImageObject","inLanguage":"fr-FR","@id":"https:\/\/www.sgeaj.ch\/fr\/#\/schema\/logo\/image\/","url":"https:\/\/www.sgeaj.ch\/wp-content\/uploads\/2021\/06\/cropped-logo-xviiies-horiz-abreuviations-bleues.png","contentUrl":"https:\/\/www.sgeaj.ch\/wp-content\/uploads\/2021\/06\/cropped-logo-xviiies-horiz-abreuviations-bleues.png","width":659,"height":335,"caption":"Schweizerische Gesellschaft f\u00fcr die Erforschung des 18. Jahrhunderts (SGEAJ - SSEDS)"},"image":{"@id":"https:\/\/www.sgeaj.ch\/fr\/#\/schema\/logo\/image\/"}},{"@type":"Person","@id":"https:\/\/www.sgeaj.ch\/fr\/#\/schema\/person\/f9930dca12b3bd252d469f244e700c60","name":"Mich\u00e8le Steiner","url":"https:\/\/www.sgeaj.ch\/fr\/author\/msteiner\/"}]}},"_links":{"self":[{"href":"https:\/\/www.sgeaj.ch\/fr\/wp-json\/wp\/v2\/posts\/8368","targetHints":{"allow":["GET"]}}],"collection":[{"href":"https:\/\/www.sgeaj.ch\/fr\/wp-json\/wp\/v2\/posts"}],"about":[{"href":"https:\/\/www.sgeaj.ch\/fr\/wp-json\/wp\/v2\/types\/post"}],"author":[{"embeddable":true,"href":"https:\/\/www.sgeaj.ch\/fr\/wp-json\/wp\/v2\/users\/9"}],"replies":[{"embeddable":true,"href":"https:\/\/www.sgeaj.ch\/fr\/wp-json\/wp\/v2\/comments?post=8368"}],"version-history":[{"count":3,"href":"https:\/\/www.sgeaj.ch\/fr\/wp-json\/wp\/v2\/posts\/8368\/revisions"}],"predecessor-version":[{"id":8373,"href":"https:\/\/www.sgeaj.ch\/fr\/wp-json\/wp\/v2\/posts\/8368\/revisions\/8373"}],"wp:featuredmedia":[{"embeddable":true,"href":"https:\/\/www.sgeaj.ch\/fr\/wp-json\/wp\/v2\/media\/8365"}],"wp:attachment":[{"href":"https:\/\/www.sgeaj.ch\/fr\/wp-json\/wp\/v2\/media?parent=8368"}],"wp:term":[{"taxonomy":"category","embeddable":true,"href":"https:\/\/www.sgeaj.ch\/fr\/wp-json\/wp\/v2\/categories?post=8368"},{"taxonomy":"post_tag","embeddable":true,"href":"https:\/\/www.sgeaj.ch\/fr\/wp-json\/wp\/v2\/tags?post=8368"}],"curies":[{"name":"wp","href":"https:\/\/api.w.org\/{rel}","templated":true}]}}