{"id":8378,"date":"2026-03-27T15:20:02","date_gmt":"2026-03-27T14:20:02","guid":{"rendered":"https:\/\/www.sgeaj.ch\/?p=8378"},"modified":"2026-03-27T15:20:04","modified_gmt":"2026-03-27T14:20:04","slug":"theatre-dans-le-pays-de-vaud-1757-1798","status":"publish","type":"post","link":"https:\/\/www.sgeaj.ch\/fr\/actualite\/theatre-dans-le-pays-de-vaud-1757-1798\/","title":{"rendered":"Th\u00e9\u00e2tre dans le Pays de Vaud (1757\u20131798)"},"content":{"rendered":"\n<h3 class=\"wp-block-heading\">Le nouveau projet \u00ab Th\u00e9\u00e2tre dans le Pays de Vaud (1757\u20131798) \u00bb de notre membre B\u00e9atrice Lovis (UNIL) r\u00e9v\u00e8le la richesse m\u00e9connue de la vie th\u00e9\u00e2trale vaudoise au XVIIIe si\u00e8cle. Au-del\u00e0 de Voltaire, il met en lumi\u00e8re un r\u00e9seau dynamique, port\u00e9 notamment par l&rsquo;engagement des femmes. Fond\u00e9 sur un vaste corpus d&rsquo;archives in\u00e9dites, il offre un regard neuf sur les pratiques culturelles de l&rsquo;\u00e9poque.<\/h3>\n\n\n\n<p>Le projet\u00a0<a href=\"https:\/\/lumieres.unil.ch\/projets\/theatre\" target=\"_blank\" rel=\"noreferrer noopener\">\u00ab Th\u00e9\u00e2tre dans le Pays de Vaud (1757\u20131798) \u00bb<\/a>\u00a0met en valeur un pan m\u00e9connu de l\u2019histoire culturelle vaudoise, \u00e0 savoir l\u2019intense activit\u00e9 th\u00e9\u00e2trale qui a anim\u00e9 Lausanne et le Pays de Vaud dans la seconde moiti\u00e9 du XVIIIe si\u00e8cle. Longtemps r\u00e9duite aux spectacles organis\u00e9s par Voltaire \u00e0 Mon\u2011Repos en 1757\u20131758, cette histoire s\u2019av\u00e8re bien plus riche et diversifi\u00e9e. Les recherches men\u00e9es par B\u00e9atrice Lovis (UNIL) r\u00e9v\u00e8lent l\u2019existence d\u2019un v\u00e9ritable tissu th\u00e9\u00e2tral \u2013 amateur et professionnel \u2013 principalement soutenu par la noblesse locale et \u00e9trang\u00e8re et port\u00e9 en grande partie par l\u2019engagement actif des femmes. Gr\u00e2ce aux \u00e9crits personnels, il a \u00e9t\u00e9 possible de mettre en \u00e9vidence que les Vaudoises sont souvent \u00e0 l&rsquo;origine de l&rsquo;initiative,\u00a0choisissent &#8211; voire \u00e9crivent elles m\u00eames &#8211; les pi\u00e8ces, distribuent les r\u00f4les, organisent les r\u00e9p\u00e9titions, accueillent les spectacles dans leurs salons.<\/p>\n\n\n\n<p>Le projet met \u00e0 disposition l&rsquo;important <a href=\"https:\/\/lumieres.unil.ch\/fiches\/biblio\/9494\/\">corpus d\u2019archives publiques et priv\u00e9es<\/a>&nbsp;issu du travail de th\u00e8se de la chercheuse et qui permet de documenter les pratiques th\u00e9\u00e2trales de l\u2019\u00e9poque. Il publie \u00e9galement des transcriptions de pi\u00e8ces de th\u00e9\u00e2tre in\u00e9dites, dont l\u2019\u00e9dition de <em>Fanime<\/em>, une r\u00e9\u00e9criture de la trag\u00e9die <em>Zulime<\/em> de Voltaire, conserv\u00e9e aux Archives nationales de La Haye. Ces sources offrent un \u00e9clairage renouvel\u00e9 sur l\u2019offre culturelle lausannoise du XVIII\u1d49 si\u00e8cle ainsi que sur&nbsp;les enjeux sociaux, litt\u00e9raires, \u00e9conomiques, politiques et religieux du th\u00e9\u00e2tre en terre protestante.<\/p>\n\n\n\n<p>En compl\u00e9ment, le projet Lumi\u00e8res.Lausanne met \u00e0 disposition une bibliographie de r\u00e9f\u00e9rence et s\u2019inscrit aux c\u00f4t\u00e9s de la plateforme <a href=\"https:\/\/wp.unil.ch\/theatromand\/\">Th\u00e9\u00e2tRomand<\/a>, qui recense les ressources li\u00e9es aux arts du spectacle en Suisse romande, du Moyen \u00c2ge au XXe si\u00e8cle. Ces initiatives contribuent \u00e0 restituer toute la richesse d\u2019un patrimoine th\u00e9\u00e2tral longtemps sous-estim\u00e9 et encouragent de nouvelles recherches sur l\u2019histoire culturelle romande.<\/p>\n\n\n\n<p>Cr\u00e9dit d&rsquo;image: Repr\u00e9sentation de la trag\u00e9die \u00ab Za\u00efre \u00bb au th\u00e9\u00e2tre de Mon-Repos en 1757, d\u00e9tail du salon peint du ch\u00e2teau de M\u00e9zery (Vaud), v. 1762, photo MHL.<\/p>\n","protected":false},"excerpt":{"rendered":"<p>Le nouveau projet \u00ab Th\u00e9\u00e2tre dans le Pays de Vaud (1757\u20131798) \u00bb de notre membre B\u00e9atrice Lovis (UNIL) r\u00e9v\u00e8le la richesse m\u00e9connue de la vie th\u00e9\u00e2trale vaudoise au XVIIIe si\u00e8cle. Au-del\u00e0 de Voltaire, il met en lumi\u00e8re un r\u00e9seau dynamique, port\u00e9 notamment par l&rsquo;engagement des femmes. Fond\u00e9 sur un vaste corpus d&rsquo;archives in\u00e9dites, il offre [&hellip;]<\/p>\n","protected":false},"author":9,"featured_media":8381,"comment_status":"closed","ping_status":"open","sticky":false,"template":"","format":"standard","meta":{"footnotes":""},"categories":[42,43,45,53],"tags":[95,67,83,101,213],"class_list":{"0":"post-8378","1":"post","2":"type-post","3":"status-publish","4":"format-standard","5":"has-post-thumbnail","7":"category-actualite","8":"category-communication","9":"category-projets-recherche","10":"category-recherches-actuelles","11":"tag-digital-humanities-2-fr","12":"tag-enlightenment-fr","13":"tag-gender-fr","14":"tag-switzerland-fr","15":"tag-theater","16":"czr-hentry"},"yoast_head":"<!-- This site is optimized with the Yoast SEO plugin v26.9 - https:\/\/yoast.com\/product\/yoast-seo-wordpress\/ -->\n<title>Th\u00e9\u00e2tre dans le Pays de Vaud (1757\u20131798) - Schweizerische Gesellschaft f\u00fcr die Erforschung des 18. Jahrhunderts (SGEAJ - SSEDS)<\/title>\n<meta name=\"robots\" content=\"index, follow, max-snippet:-1, max-image-preview:large, max-video-preview:-1\" \/>\n<link rel=\"canonical\" href=\"https:\/\/www.sgeaj.ch\/fr\/actualite\/theatre-dans-le-pays-de-vaud-1757-1798\/\" \/>\n<meta name=\"twitter:label1\" content=\"\u00c9crit par\" \/>\n\t<meta name=\"twitter:data1\" content=\"Mich\u00e8le Steiner\" \/>\n\t<meta name=\"twitter:label2\" content=\"Dur\u00e9e de lecture estim\u00e9e\" \/>\n\t<meta name=\"twitter:data2\" content=\"3 minutes\" \/>\n<script type=\"application\/ld+json\" class=\"yoast-schema-graph\">{\"@context\":\"https:\/\/schema.org\",\"@graph\":[{\"@type\":\"Article\",\"@id\":\"https:\/\/www.sgeaj.ch\/fr\/actualite\/theatre-dans-le-pays-de-vaud-1757-1798\/#article\",\"isPartOf\":{\"@id\":\"https:\/\/www.sgeaj.ch\/fr\/actualite\/theatre-dans-le-pays-de-vaud-1757-1798\/\"},\"author\":{\"name\":\"Mich\u00e8le Steiner\",\"@id\":\"https:\/\/www.sgeaj.ch\/fr\/#\/schema\/person\/f9930dca12b3bd252d469f244e700c60\"},\"headline\":\"Th\u00e9\u00e2tre dans le Pays de Vaud (1757\u20131798)\",\"datePublished\":\"2026-03-27T14:20:02+00:00\",\"dateModified\":\"2026-03-27T14:20:04+00:00\",\"mainEntityOfPage\":{\"@id\":\"https:\/\/www.sgeaj.ch\/fr\/actualite\/theatre-dans-le-pays-de-vaud-1757-1798\/\"},\"wordCount\":451,\"publisher\":{\"@id\":\"https:\/\/www.sgeaj.ch\/fr\/#organization\"},\"image\":{\"@id\":\"https:\/\/www.sgeaj.ch\/fr\/actualite\/theatre-dans-le-pays-de-vaud-1757-1798\/#primaryimage\"},\"thumbnailUrl\":\"https:\/\/www.sgeaj.ch\/wp-content\/uploads\/2026\/03\/zaire-1757-chateaudemezery-mhl-e1774621173934.png\",\"keywords\":[\"Digital Humanities\",\"Enlightenment\",\"Gender\",\"Switzerland\",\"Theater\"],\"articleSection\":[\"Actualit\u00e9\",\"Communication\",\"Projets de recherche\",\"Recherches actuelles\"],\"inLanguage\":\"fr-FR\"},{\"@type\":\"WebPage\",\"@id\":\"https:\/\/www.sgeaj.ch\/fr\/actualite\/theatre-dans-le-pays-de-vaud-1757-1798\/\",\"url\":\"https:\/\/www.sgeaj.ch\/fr\/actualite\/theatre-dans-le-pays-de-vaud-1757-1798\/\",\"name\":\"Th\u00e9\u00e2tre dans le Pays de Vaud (1757\u20131798) - Schweizerische Gesellschaft f\u00fcr die Erforschung des 18. Jahrhunderts (SGEAJ - SSEDS)\",\"isPartOf\":{\"@id\":\"https:\/\/www.sgeaj.ch\/fr\/#website\"},\"primaryImageOfPage\":{\"@id\":\"https:\/\/www.sgeaj.ch\/fr\/actualite\/theatre-dans-le-pays-de-vaud-1757-1798\/#primaryimage\"},\"image\":{\"@id\":\"https:\/\/www.sgeaj.ch\/fr\/actualite\/theatre-dans-le-pays-de-vaud-1757-1798\/#primaryimage\"},\"thumbnailUrl\":\"https:\/\/www.sgeaj.ch\/wp-content\/uploads\/2026\/03\/zaire-1757-chateaudemezery-mhl-e1774621173934.png\",\"datePublished\":\"2026-03-27T14:20:02+00:00\",\"dateModified\":\"2026-03-27T14:20:04+00:00\",\"inLanguage\":\"fr-FR\",\"potentialAction\":[{\"@type\":\"ReadAction\",\"target\":[\"https:\/\/www.sgeaj.ch\/fr\/actualite\/theatre-dans-le-pays-de-vaud-1757-1798\/\"]}]},{\"@type\":\"ImageObject\",\"inLanguage\":\"fr-FR\",\"@id\":\"https:\/\/www.sgeaj.ch\/fr\/actualite\/theatre-dans-le-pays-de-vaud-1757-1798\/#primaryimage\",\"url\":\"https:\/\/www.sgeaj.ch\/wp-content\/uploads\/2026\/03\/zaire-1757-chateaudemezery-mhl-e1774621173934.png\",\"contentUrl\":\"https:\/\/www.sgeaj.ch\/wp-content\/uploads\/2026\/03\/zaire-1757-chateaudemezery-mhl-e1774621173934.png\",\"width\":750,\"height\":648},{\"@type\":\"WebSite\",\"@id\":\"https:\/\/www.sgeaj.ch\/fr\/#website\",\"url\":\"https:\/\/www.sgeaj.ch\/fr\/\",\"name\":\"Schweizerische Gesellschaft f\u00fcr die Erforschung des 18. Jahrhunderts (SGEAJ - SSEDS)\",\"description\":\"Schweizerische Gesellschaft f\u00fcr die Erforschung des 18. Jahrhunderts\",\"publisher\":{\"@id\":\"https:\/\/www.sgeaj.ch\/fr\/#organization\"},\"potentialAction\":[{\"@type\":\"SearchAction\",\"target\":{\"@type\":\"EntryPoint\",\"urlTemplate\":\"https:\/\/www.sgeaj.ch\/fr\/?s={search_term_string}\"},\"query-input\":{\"@type\":\"PropertyValueSpecification\",\"valueRequired\":true,\"valueName\":\"search_term_string\"}}],\"inLanguage\":\"fr-FR\"},{\"@type\":\"Organization\",\"@id\":\"https:\/\/www.sgeaj.ch\/fr\/#organization\",\"name\":\"Schweizerische Gesellschaft f\u00fcr die Erforschung des 18. Jahrhunderts (SGEAJ - SSEDS)\",\"url\":\"https:\/\/www.sgeaj.ch\/fr\/\",\"logo\":{\"@type\":\"ImageObject\",\"inLanguage\":\"fr-FR\",\"@id\":\"https:\/\/www.sgeaj.ch\/fr\/#\/schema\/logo\/image\/\",\"url\":\"https:\/\/www.sgeaj.ch\/wp-content\/uploads\/2021\/06\/cropped-logo-xviiies-horiz-abreuviations-bleues.png\",\"contentUrl\":\"https:\/\/www.sgeaj.ch\/wp-content\/uploads\/2021\/06\/cropped-logo-xviiies-horiz-abreuviations-bleues.png\",\"width\":659,\"height\":335,\"caption\":\"Schweizerische Gesellschaft f\u00fcr die Erforschung des 18. Jahrhunderts (SGEAJ - SSEDS)\"},\"image\":{\"@id\":\"https:\/\/www.sgeaj.ch\/fr\/#\/schema\/logo\/image\/\"}},{\"@type\":\"Person\",\"@id\":\"https:\/\/www.sgeaj.ch\/fr\/#\/schema\/person\/f9930dca12b3bd252d469f244e700c60\",\"name\":\"Mich\u00e8le Steiner\",\"url\":\"https:\/\/www.sgeaj.ch\/fr\/author\/msteiner\/\"}]}<\/script>\n<!-- \/ Yoast SEO plugin. -->","yoast_head_json":{"title":"Th\u00e9\u00e2tre dans le Pays de Vaud (1757\u20131798) - Schweizerische Gesellschaft f\u00fcr die Erforschung des 18. Jahrhunderts (SGEAJ - SSEDS)","robots":{"index":"index","follow":"follow","max-snippet":"max-snippet:-1","max-image-preview":"max-image-preview:large","max-video-preview":"max-video-preview:-1"},"canonical":"https:\/\/www.sgeaj.ch\/fr\/actualite\/theatre-dans-le-pays-de-vaud-1757-1798\/","twitter_misc":{"\u00c9crit par":"Mich\u00e8le Steiner","Dur\u00e9e de lecture estim\u00e9e":"3 minutes"},"schema":{"@context":"https:\/\/schema.org","@graph":[{"@type":"Article","@id":"https:\/\/www.sgeaj.ch\/fr\/actualite\/theatre-dans-le-pays-de-vaud-1757-1798\/#article","isPartOf":{"@id":"https:\/\/www.sgeaj.ch\/fr\/actualite\/theatre-dans-le-pays-de-vaud-1757-1798\/"},"author":{"name":"Mich\u00e8le Steiner","@id":"https:\/\/www.sgeaj.ch\/fr\/#\/schema\/person\/f9930dca12b3bd252d469f244e700c60"},"headline":"Th\u00e9\u00e2tre dans le Pays de Vaud (1757\u20131798)","datePublished":"2026-03-27T14:20:02+00:00","dateModified":"2026-03-27T14:20:04+00:00","mainEntityOfPage":{"@id":"https:\/\/www.sgeaj.ch\/fr\/actualite\/theatre-dans-le-pays-de-vaud-1757-1798\/"},"wordCount":451,"publisher":{"@id":"https:\/\/www.sgeaj.ch\/fr\/#organization"},"image":{"@id":"https:\/\/www.sgeaj.ch\/fr\/actualite\/theatre-dans-le-pays-de-vaud-1757-1798\/#primaryimage"},"thumbnailUrl":"https:\/\/www.sgeaj.ch\/wp-content\/uploads\/2026\/03\/zaire-1757-chateaudemezery-mhl-e1774621173934.png","keywords":["Digital Humanities","Enlightenment","Gender","Switzerland","Theater"],"articleSection":["Actualit\u00e9","Communication","Projets de recherche","Recherches actuelles"],"inLanguage":"fr-FR"},{"@type":"WebPage","@id":"https:\/\/www.sgeaj.ch\/fr\/actualite\/theatre-dans-le-pays-de-vaud-1757-1798\/","url":"https:\/\/www.sgeaj.ch\/fr\/actualite\/theatre-dans-le-pays-de-vaud-1757-1798\/","name":"Th\u00e9\u00e2tre dans le Pays de Vaud (1757\u20131798) - Schweizerische Gesellschaft f\u00fcr die Erforschung des 18. Jahrhunderts (SGEAJ - SSEDS)","isPartOf":{"@id":"https:\/\/www.sgeaj.ch\/fr\/#website"},"primaryImageOfPage":{"@id":"https:\/\/www.sgeaj.ch\/fr\/actualite\/theatre-dans-le-pays-de-vaud-1757-1798\/#primaryimage"},"image":{"@id":"https:\/\/www.sgeaj.ch\/fr\/actualite\/theatre-dans-le-pays-de-vaud-1757-1798\/#primaryimage"},"thumbnailUrl":"https:\/\/www.sgeaj.ch\/wp-content\/uploads\/2026\/03\/zaire-1757-chateaudemezery-mhl-e1774621173934.png","datePublished":"2026-03-27T14:20:02+00:00","dateModified":"2026-03-27T14:20:04+00:00","inLanguage":"fr-FR","potentialAction":[{"@type":"ReadAction","target":["https:\/\/www.sgeaj.ch\/fr\/actualite\/theatre-dans-le-pays-de-vaud-1757-1798\/"]}]},{"@type":"ImageObject","inLanguage":"fr-FR","@id":"https:\/\/www.sgeaj.ch\/fr\/actualite\/theatre-dans-le-pays-de-vaud-1757-1798\/#primaryimage","url":"https:\/\/www.sgeaj.ch\/wp-content\/uploads\/2026\/03\/zaire-1757-chateaudemezery-mhl-e1774621173934.png","contentUrl":"https:\/\/www.sgeaj.ch\/wp-content\/uploads\/2026\/03\/zaire-1757-chateaudemezery-mhl-e1774621173934.png","width":750,"height":648},{"@type":"WebSite","@id":"https:\/\/www.sgeaj.ch\/fr\/#website","url":"https:\/\/www.sgeaj.ch\/fr\/","name":"Schweizerische Gesellschaft f\u00fcr die Erforschung des 18. Jahrhunderts (SGEAJ - SSEDS)","description":"Schweizerische Gesellschaft f\u00fcr die Erforschung des 18. Jahrhunderts","publisher":{"@id":"https:\/\/www.sgeaj.ch\/fr\/#organization"},"potentialAction":[{"@type":"SearchAction","target":{"@type":"EntryPoint","urlTemplate":"https:\/\/www.sgeaj.ch\/fr\/?s={search_term_string}"},"query-input":{"@type":"PropertyValueSpecification","valueRequired":true,"valueName":"search_term_string"}}],"inLanguage":"fr-FR"},{"@type":"Organization","@id":"https:\/\/www.sgeaj.ch\/fr\/#organization","name":"Schweizerische Gesellschaft f\u00fcr die Erforschung des 18. Jahrhunderts (SGEAJ - SSEDS)","url":"https:\/\/www.sgeaj.ch\/fr\/","logo":{"@type":"ImageObject","inLanguage":"fr-FR","@id":"https:\/\/www.sgeaj.ch\/fr\/#\/schema\/logo\/image\/","url":"https:\/\/www.sgeaj.ch\/wp-content\/uploads\/2021\/06\/cropped-logo-xviiies-horiz-abreuviations-bleues.png","contentUrl":"https:\/\/www.sgeaj.ch\/wp-content\/uploads\/2021\/06\/cropped-logo-xviiies-horiz-abreuviations-bleues.png","width":659,"height":335,"caption":"Schweizerische Gesellschaft f\u00fcr die Erforschung des 18. Jahrhunderts (SGEAJ - SSEDS)"},"image":{"@id":"https:\/\/www.sgeaj.ch\/fr\/#\/schema\/logo\/image\/"}},{"@type":"Person","@id":"https:\/\/www.sgeaj.ch\/fr\/#\/schema\/person\/f9930dca12b3bd252d469f244e700c60","name":"Mich\u00e8le Steiner","url":"https:\/\/www.sgeaj.ch\/fr\/author\/msteiner\/"}]}},"_links":{"self":[{"href":"https:\/\/www.sgeaj.ch\/fr\/wp-json\/wp\/v2\/posts\/8378","targetHints":{"allow":["GET"]}}],"collection":[{"href":"https:\/\/www.sgeaj.ch\/fr\/wp-json\/wp\/v2\/posts"}],"about":[{"href":"https:\/\/www.sgeaj.ch\/fr\/wp-json\/wp\/v2\/types\/post"}],"author":[{"embeddable":true,"href":"https:\/\/www.sgeaj.ch\/fr\/wp-json\/wp\/v2\/users\/9"}],"replies":[{"embeddable":true,"href":"https:\/\/www.sgeaj.ch\/fr\/wp-json\/wp\/v2\/comments?post=8378"}],"version-history":[{"count":1,"href":"https:\/\/www.sgeaj.ch\/fr\/wp-json\/wp\/v2\/posts\/8378\/revisions"}],"predecessor-version":[{"id":8379,"href":"https:\/\/www.sgeaj.ch\/fr\/wp-json\/wp\/v2\/posts\/8378\/revisions\/8379"}],"wp:featuredmedia":[{"embeddable":true,"href":"https:\/\/www.sgeaj.ch\/fr\/wp-json\/wp\/v2\/media\/8381"}],"wp:attachment":[{"href":"https:\/\/www.sgeaj.ch\/fr\/wp-json\/wp\/v2\/media?parent=8378"}],"wp:term":[{"taxonomy":"category","embeddable":true,"href":"https:\/\/www.sgeaj.ch\/fr\/wp-json\/wp\/v2\/categories?post=8378"},{"taxonomy":"post_tag","embeddable":true,"href":"https:\/\/www.sgeaj.ch\/fr\/wp-json\/wp\/v2\/tags?post=8378"}],"curies":[{"name":"wp","href":"https:\/\/api.w.org\/{rel}","templated":true}]}}