{"id":8452,"date":"2026-05-22T09:55:30","date_gmt":"2026-05-22T07:55:30","guid":{"rendered":"https:\/\/www.sgeaj.ch\/?p=8452"},"modified":"2026-05-22T09:55:32","modified_gmt":"2026-05-22T07:55:32","slug":"cfp-needs-justice-and-the-wealth-of-nations-summer-school","status":"publish","type":"post","link":"https:\/\/www.sgeaj.ch\/fr\/actualite\/cfp-needs-justice-and-the-wealth-of-nations-summer-school\/","title":{"rendered":"CfP: Needs, Justice, and the Wealth of Nations (Summer School)"},"content":{"rendered":"\n<h3 class=\"wp-block-heading\">From 17\u201319 September 2026, the Turin Humanities Programme will host its Postgraduate Summer School at Palazzo D\u2019Azeglio in Turin, bringing together doctoral students and early-career researchers to explore <em>Needs, Justice, and the Wealth of Nations: The Moral and Material Foundations of Political Economy in the European World (1500\u20131800).<\/em> Deadline for submissions: 15 June 2026.<\/h3>\n\n\n\n<p>This Summer School explores the historical emergence of political economy in early modern Europe through the interconnected themes of needs, justice, and wealth creation. Bringing together perspectives from intellectual history, economic history, and the history of science, the programme examines how early modern societies understood and governed questions of scarcity, production, trade, inequality, and social order. Discussions will focus on three thematic axes: the relationship between subsistence, sociability, and political stability; the links between production, state power, and international competition; and the moral and legal foundations through which economic life was justified and contested. Rather than treating political economy as a linear precursor to modern economics, the Summer School approaches it as a historically situated and plural field of practices, arguments, and institutional experiments. Through lectures, seminars, and collaborative exchange, participants will engage critically with debates that continue to resonate in contemporary discussions on inequality, governance, and global economic relations.<\/p>\n\n\n\n<p>To apply for the Summer School, prospective participants should submit a brief academic CV (max. 2 pages), an abstract of the research they wish to present (max. 400 words) and a short essay on why they would like to attend the Summer School (max. 200 words). Please, upload these materials within the application form that can be found on the website of Fondazione 1563 (<a href=\"http:\/\/www.fondazione1563.it\/application-form-thp-summer-school\/\" target=\"_blank\" rel=\"noreferrer noopener\">here<\/a>) by 10.00 PM (Italian\/CET time) of June 15, 2026.<\/p>\n\n\n\n<div data-wp-interactive=\"core\/file\" class=\"wp-block-file\"><object data-wp-bind--hidden=\"!state.hasPdfPreview\" hidden class=\"wp-block-file__embed\" data=\"https:\/\/www.sgeaj.ch\/wp-content\/uploads\/2026\/05\/2026-thp-summer-school.pdf\" type=\"application\/pdf\" style=\"width:100%;height:600px\" aria-label=\"Contenu embarqu\u00e9 2026_THP_Summer School.\"><\/object><a id=\"wp-block-file--media-8fa90468-a2d1-42aa-a54a-1e158aeec967\" href=\"https:\/\/www.sgeaj.ch\/wp-content\/uploads\/2026\/05\/2026-thp-summer-school.pdf\">2026_THP_Summer School<\/a><a href=\"https:\/\/www.sgeaj.ch\/wp-content\/uploads\/2026\/05\/2026-thp-summer-school.pdf\" class=\"wp-block-file__button wp-element-button\" download aria-describedby=\"wp-block-file--media-8fa90468-a2d1-42aa-a54a-1e158aeec967\">Herunterladen<\/a><\/div>\n","protected":false},"excerpt":{"rendered":"<p>From 17\u201319 September 2026, the Turin Humanities Programme will host its Postgraduate Summer School at Palazzo D\u2019Azeglio in Turin, bringing together doctoral students and early-career researchers to explore Needs, Justice, and the Wealth of Nations: The Moral and Material Foundations of Political Economy in the European World (1500\u20131800). Deadline for submissions: 15 June 2026. This [&hellip;]<\/p>\n","protected":false},"author":9,"featured_media":8455,"comment_status":"closed","ping_status":"open","sticky":false,"template":"","format":"standard","meta":{"footnotes":""},"categories":[42,26],"tags":[61,147,187,217],"class_list":{"0":"post-8452","1":"post","2":"type-post","3":"status-publish","4":"format-standard","5":"has-post-thumbnail","7":"category-actualite","8":"category-call-for-papers-fr","9":"tag-early-modern-period-fr","10":"tag-economy-fr","11":"tag-politics-fr","12":"tag-summer-school","13":"czr-hentry"},"yoast_head":"<!-- This site is optimized with the Yoast SEO plugin v26.9 - https:\/\/yoast.com\/product\/yoast-seo-wordpress\/ -->\n<title>CfP: Needs, Justice, and the Wealth of Nations (Summer School) - Schweizerische Gesellschaft f\u00fcr die Erforschung des 18. Jahrhunderts (SGEAJ - SSEDS)<\/title>\n<meta name=\"robots\" content=\"index, follow, max-snippet:-1, max-image-preview:large, max-video-preview:-1\" \/>\n<link rel=\"canonical\" href=\"https:\/\/www.sgeaj.ch\/fr\/actualite\/cfp-needs-justice-and-the-wealth-of-nations-summer-school\/\" \/>\n<meta name=\"twitter:label1\" content=\"\u00c9crit par\" \/>\n\t<meta name=\"twitter:data1\" content=\"Mich\u00e8le Steiner\" \/>\n\t<meta name=\"twitter:label2\" content=\"Dur\u00e9e de lecture estim\u00e9e\" \/>\n\t<meta name=\"twitter:data2\" content=\"2 minutes\" \/>\n<script type=\"application\/ld+json\" class=\"yoast-schema-graph\">{\"@context\":\"https:\/\/schema.org\",\"@graph\":[{\"@type\":\"Article\",\"@id\":\"https:\/\/www.sgeaj.ch\/fr\/actualite\/cfp-needs-justice-and-the-wealth-of-nations-summer-school\/#article\",\"isPartOf\":{\"@id\":\"https:\/\/www.sgeaj.ch\/fr\/actualite\/cfp-needs-justice-and-the-wealth-of-nations-summer-school\/\"},\"author\":{\"name\":\"Mich\u00e8le Steiner\",\"@id\":\"https:\/\/www.sgeaj.ch\/fr\/#\/schema\/person\/f9930dca12b3bd252d469f244e700c60\"},\"headline\":\"CfP: Needs, Justice, and the Wealth of Nations (Summer School)\",\"datePublished\":\"2026-05-22T07:55:30+00:00\",\"dateModified\":\"2026-05-22T07:55:32+00:00\",\"mainEntityOfPage\":{\"@id\":\"https:\/\/www.sgeaj.ch\/fr\/actualite\/cfp-needs-justice-and-the-wealth-of-nations-summer-school\/\"},\"wordCount\":282,\"publisher\":{\"@id\":\"https:\/\/www.sgeaj.ch\/fr\/#organization\"},\"image\":{\"@id\":\"https:\/\/www.sgeaj.ch\/fr\/actualite\/cfp-needs-justice-and-the-wealth-of-nations-summer-school\/#primaryimage\"},\"thumbnailUrl\":\"https:\/\/www.sgeaj.ch\/wp-content\/uploads\/2026\/05\/2026-thp-summer-school-2.png\",\"keywords\":[\"Early Modern Period\",\"Economy\",\"Politics\",\"Summer School\"],\"articleSection\":[\"Actualit\u00e9\",\"Call for Papers\"],\"inLanguage\":\"fr-FR\"},{\"@type\":\"WebPage\",\"@id\":\"https:\/\/www.sgeaj.ch\/fr\/actualite\/cfp-needs-justice-and-the-wealth-of-nations-summer-school\/\",\"url\":\"https:\/\/www.sgeaj.ch\/fr\/actualite\/cfp-needs-justice-and-the-wealth-of-nations-summer-school\/\",\"name\":\"CfP: Needs, Justice, and the Wealth of Nations (Summer School) - Schweizerische Gesellschaft f\u00fcr die Erforschung des 18. Jahrhunderts (SGEAJ - SSEDS)\",\"isPartOf\":{\"@id\":\"https:\/\/www.sgeaj.ch\/fr\/#website\"},\"primaryImageOfPage\":{\"@id\":\"https:\/\/www.sgeaj.ch\/fr\/actualite\/cfp-needs-justice-and-the-wealth-of-nations-summer-school\/#primaryimage\"},\"image\":{\"@id\":\"https:\/\/www.sgeaj.ch\/fr\/actualite\/cfp-needs-justice-and-the-wealth-of-nations-summer-school\/#primaryimage\"},\"thumbnailUrl\":\"https:\/\/www.sgeaj.ch\/wp-content\/uploads\/2026\/05\/2026-thp-summer-school-2.png\",\"datePublished\":\"2026-05-22T07:55:30+00:00\",\"dateModified\":\"2026-05-22T07:55:32+00:00\",\"inLanguage\":\"fr-FR\",\"potentialAction\":[{\"@type\":\"ReadAction\",\"target\":[\"https:\/\/www.sgeaj.ch\/fr\/actualite\/cfp-needs-justice-and-the-wealth-of-nations-summer-school\/\"]}]},{\"@type\":\"ImageObject\",\"inLanguage\":\"fr-FR\",\"@id\":\"https:\/\/www.sgeaj.ch\/fr\/actualite\/cfp-needs-justice-and-the-wealth-of-nations-summer-school\/#primaryimage\",\"url\":\"https:\/\/www.sgeaj.ch\/wp-content\/uploads\/2026\/05\/2026-thp-summer-school-2.png\",\"contentUrl\":\"https:\/\/www.sgeaj.ch\/wp-content\/uploads\/2026\/05\/2026-thp-summer-school-2.png\",\"width\":1069,\"height\":522},{\"@type\":\"WebSite\",\"@id\":\"https:\/\/www.sgeaj.ch\/fr\/#website\",\"url\":\"https:\/\/www.sgeaj.ch\/fr\/\",\"name\":\"Schweizerische Gesellschaft f\u00fcr die Erforschung des 18. Jahrhunderts (SGEAJ - SSEDS)\",\"description\":\"Schweizerische Gesellschaft f\u00fcr die Erforschung des 18. Jahrhunderts\",\"publisher\":{\"@id\":\"https:\/\/www.sgeaj.ch\/fr\/#organization\"},\"potentialAction\":[{\"@type\":\"SearchAction\",\"target\":{\"@type\":\"EntryPoint\",\"urlTemplate\":\"https:\/\/www.sgeaj.ch\/fr\/?s={search_term_string}\"},\"query-input\":{\"@type\":\"PropertyValueSpecification\",\"valueRequired\":true,\"valueName\":\"search_term_string\"}}],\"inLanguage\":\"fr-FR\"},{\"@type\":\"Organization\",\"@id\":\"https:\/\/www.sgeaj.ch\/fr\/#organization\",\"name\":\"Schweizerische Gesellschaft f\u00fcr die Erforschung des 18. Jahrhunderts (SGEAJ - SSEDS)\",\"url\":\"https:\/\/www.sgeaj.ch\/fr\/\",\"logo\":{\"@type\":\"ImageObject\",\"inLanguage\":\"fr-FR\",\"@id\":\"https:\/\/www.sgeaj.ch\/fr\/#\/schema\/logo\/image\/\",\"url\":\"https:\/\/www.sgeaj.ch\/wp-content\/uploads\/2021\/06\/cropped-logo-xviiies-horiz-abreuviations-bleues.png\",\"contentUrl\":\"https:\/\/www.sgeaj.ch\/wp-content\/uploads\/2021\/06\/cropped-logo-xviiies-horiz-abreuviations-bleues.png\",\"width\":659,\"height\":335,\"caption\":\"Schweizerische Gesellschaft f\u00fcr die Erforschung des 18. Jahrhunderts (SGEAJ - SSEDS)\"},\"image\":{\"@id\":\"https:\/\/www.sgeaj.ch\/fr\/#\/schema\/logo\/image\/\"}},{\"@type\":\"Person\",\"@id\":\"https:\/\/www.sgeaj.ch\/fr\/#\/schema\/person\/f9930dca12b3bd252d469f244e700c60\",\"name\":\"Mich\u00e8le Steiner\",\"url\":\"https:\/\/www.sgeaj.ch\/fr\/author\/msteiner\/\"}]}<\/script>\n<!-- \/ Yoast SEO plugin. -->","yoast_head_json":{"title":"CfP: Needs, Justice, and the Wealth of Nations (Summer School) - Schweizerische Gesellschaft f\u00fcr die Erforschung des 18. Jahrhunderts (SGEAJ - SSEDS)","robots":{"index":"index","follow":"follow","max-snippet":"max-snippet:-1","max-image-preview":"max-image-preview:large","max-video-preview":"max-video-preview:-1"},"canonical":"https:\/\/www.sgeaj.ch\/fr\/actualite\/cfp-needs-justice-and-the-wealth-of-nations-summer-school\/","twitter_misc":{"\u00c9crit par":"Mich\u00e8le Steiner","Dur\u00e9e de lecture estim\u00e9e":"2 minutes"},"schema":{"@context":"https:\/\/schema.org","@graph":[{"@type":"Article","@id":"https:\/\/www.sgeaj.ch\/fr\/actualite\/cfp-needs-justice-and-the-wealth-of-nations-summer-school\/#article","isPartOf":{"@id":"https:\/\/www.sgeaj.ch\/fr\/actualite\/cfp-needs-justice-and-the-wealth-of-nations-summer-school\/"},"author":{"name":"Mich\u00e8le Steiner","@id":"https:\/\/www.sgeaj.ch\/fr\/#\/schema\/person\/f9930dca12b3bd252d469f244e700c60"},"headline":"CfP: Needs, Justice, and the Wealth of Nations (Summer School)","datePublished":"2026-05-22T07:55:30+00:00","dateModified":"2026-05-22T07:55:32+00:00","mainEntityOfPage":{"@id":"https:\/\/www.sgeaj.ch\/fr\/actualite\/cfp-needs-justice-and-the-wealth-of-nations-summer-school\/"},"wordCount":282,"publisher":{"@id":"https:\/\/www.sgeaj.ch\/fr\/#organization"},"image":{"@id":"https:\/\/www.sgeaj.ch\/fr\/actualite\/cfp-needs-justice-and-the-wealth-of-nations-summer-school\/#primaryimage"},"thumbnailUrl":"https:\/\/www.sgeaj.ch\/wp-content\/uploads\/2026\/05\/2026-thp-summer-school-2.png","keywords":["Early Modern Period","Economy","Politics","Summer School"],"articleSection":["Actualit\u00e9","Call for Papers"],"inLanguage":"fr-FR"},{"@type":"WebPage","@id":"https:\/\/www.sgeaj.ch\/fr\/actualite\/cfp-needs-justice-and-the-wealth-of-nations-summer-school\/","url":"https:\/\/www.sgeaj.ch\/fr\/actualite\/cfp-needs-justice-and-the-wealth-of-nations-summer-school\/","name":"CfP: Needs, Justice, and the Wealth of Nations (Summer School) - Schweizerische Gesellschaft f\u00fcr die Erforschung des 18. Jahrhunderts (SGEAJ - SSEDS)","isPartOf":{"@id":"https:\/\/www.sgeaj.ch\/fr\/#website"},"primaryImageOfPage":{"@id":"https:\/\/www.sgeaj.ch\/fr\/actualite\/cfp-needs-justice-and-the-wealth-of-nations-summer-school\/#primaryimage"},"image":{"@id":"https:\/\/www.sgeaj.ch\/fr\/actualite\/cfp-needs-justice-and-the-wealth-of-nations-summer-school\/#primaryimage"},"thumbnailUrl":"https:\/\/www.sgeaj.ch\/wp-content\/uploads\/2026\/05\/2026-thp-summer-school-2.png","datePublished":"2026-05-22T07:55:30+00:00","dateModified":"2026-05-22T07:55:32+00:00","inLanguage":"fr-FR","potentialAction":[{"@type":"ReadAction","target":["https:\/\/www.sgeaj.ch\/fr\/actualite\/cfp-needs-justice-and-the-wealth-of-nations-summer-school\/"]}]},{"@type":"ImageObject","inLanguage":"fr-FR","@id":"https:\/\/www.sgeaj.ch\/fr\/actualite\/cfp-needs-justice-and-the-wealth-of-nations-summer-school\/#primaryimage","url":"https:\/\/www.sgeaj.ch\/wp-content\/uploads\/2026\/05\/2026-thp-summer-school-2.png","contentUrl":"https:\/\/www.sgeaj.ch\/wp-content\/uploads\/2026\/05\/2026-thp-summer-school-2.png","width":1069,"height":522},{"@type":"WebSite","@id":"https:\/\/www.sgeaj.ch\/fr\/#website","url":"https:\/\/www.sgeaj.ch\/fr\/","name":"Schweizerische Gesellschaft f\u00fcr die Erforschung des 18. Jahrhunderts (SGEAJ - SSEDS)","description":"Schweizerische Gesellschaft f\u00fcr die Erforschung des 18. Jahrhunderts","publisher":{"@id":"https:\/\/www.sgeaj.ch\/fr\/#organization"},"potentialAction":[{"@type":"SearchAction","target":{"@type":"EntryPoint","urlTemplate":"https:\/\/www.sgeaj.ch\/fr\/?s={search_term_string}"},"query-input":{"@type":"PropertyValueSpecification","valueRequired":true,"valueName":"search_term_string"}}],"inLanguage":"fr-FR"},{"@type":"Organization","@id":"https:\/\/www.sgeaj.ch\/fr\/#organization","name":"Schweizerische Gesellschaft f\u00fcr die Erforschung des 18. Jahrhunderts (SGEAJ - SSEDS)","url":"https:\/\/www.sgeaj.ch\/fr\/","logo":{"@type":"ImageObject","inLanguage":"fr-FR","@id":"https:\/\/www.sgeaj.ch\/fr\/#\/schema\/logo\/image\/","url":"https:\/\/www.sgeaj.ch\/wp-content\/uploads\/2021\/06\/cropped-logo-xviiies-horiz-abreuviations-bleues.png","contentUrl":"https:\/\/www.sgeaj.ch\/wp-content\/uploads\/2021\/06\/cropped-logo-xviiies-horiz-abreuviations-bleues.png","width":659,"height":335,"caption":"Schweizerische Gesellschaft f\u00fcr die Erforschung des 18. Jahrhunderts (SGEAJ - SSEDS)"},"image":{"@id":"https:\/\/www.sgeaj.ch\/fr\/#\/schema\/logo\/image\/"}},{"@type":"Person","@id":"https:\/\/www.sgeaj.ch\/fr\/#\/schema\/person\/f9930dca12b3bd252d469f244e700c60","name":"Mich\u00e8le Steiner","url":"https:\/\/www.sgeaj.ch\/fr\/author\/msteiner\/"}]}},"_links":{"self":[{"href":"https:\/\/www.sgeaj.ch\/fr\/wp-json\/wp\/v2\/posts\/8452","targetHints":{"allow":["GET"]}}],"collection":[{"href":"https:\/\/www.sgeaj.ch\/fr\/wp-json\/wp\/v2\/posts"}],"about":[{"href":"https:\/\/www.sgeaj.ch\/fr\/wp-json\/wp\/v2\/types\/post"}],"author":[{"embeddable":true,"href":"https:\/\/www.sgeaj.ch\/fr\/wp-json\/wp\/v2\/users\/9"}],"replies":[{"embeddable":true,"href":"https:\/\/www.sgeaj.ch\/fr\/wp-json\/wp\/v2\/comments?post=8452"}],"version-history":[{"count":1,"href":"https:\/\/www.sgeaj.ch\/fr\/wp-json\/wp\/v2\/posts\/8452\/revisions"}],"predecessor-version":[{"id":8453,"href":"https:\/\/www.sgeaj.ch\/fr\/wp-json\/wp\/v2\/posts\/8452\/revisions\/8453"}],"wp:featuredmedia":[{"embeddable":true,"href":"https:\/\/www.sgeaj.ch\/fr\/wp-json\/wp\/v2\/media\/8455"}],"wp:attachment":[{"href":"https:\/\/www.sgeaj.ch\/fr\/wp-json\/wp\/v2\/media?parent=8452"}],"wp:term":[{"taxonomy":"category","embeddable":true,"href":"https:\/\/www.sgeaj.ch\/fr\/wp-json\/wp\/v2\/categories?post=8452"},{"taxonomy":"post_tag","embeddable":true,"href":"https:\/\/www.sgeaj.ch\/fr\/wp-json\/wp\/v2\/tags?post=8452"}],"curies":[{"name":"wp","href":"https:\/\/api.w.org\/{rel}","templated":true}]}}