{"id":8468,"date":"2026-05-22T10:25:22","date_gmt":"2026-05-22T08:25:22","guid":{"rendered":"https:\/\/www.sgeaj.ch\/non-classifiee\/jean-jacques-rousseau-et-le-mercure-de-france\/"},"modified":"2026-05-26T10:43:32","modified_gmt":"2026-05-26T08:43:32","slug":"jean-jacques-rousseau-et-le-mercure-de-france","status":"publish","type":"post","link":"https:\/\/www.sgeaj.ch\/fr\/actualite\/jean-jacques-rousseau-et-le-mercure-de-france\/","title":{"rendered":"Jean-Jacques Rousseau et le Mercure de France"},"content":{"rendered":"\n<h3 class=\"wp-block-heading\"><strong>Les 28 et 29 mai 2026, deux journ\u00e9es d\u2019\u00e9tude sur \u00ab&nbsp;Jean-Jacques Rousseau et le <em>Mercure de France<\/em>&nbsp;\u00bb se tiendront \u00e0 l\u2019Universit\u00e9 de Neuch\u00e2tel, organis\u00e9es \u00e0 l\u2019occasion des septante ans de l\u2019Association Jean-Jacques Rousseau et dans le cadre du projet de recherche \u00ab&nbsp;Le <em>Mercure de France<\/em> et l\u2019institution litt\u00e9raire&nbsp;\u00bb (Universit\u00e9 de Fribourg), en partenariat avec l\u2019Institut d\u2019histoire des repr\u00e9sentations et des id\u00e9es dans les modernit\u00e9s (Universit\u00e9 Lumi\u00e8re Lyon 2). La participation est gratuite et sans inscription.<\/strong><\/h3>\n\n\n\n<p>P\u00e9riodique litt\u00e9raire de grande diffusion, publi\u00e9 sous la protection et le contr\u00f4le du gouvernement, le <em>Mercure<\/em> accueille dans la section des pi\u00e8ces fugitives les textes de tout ce que le XVIII<sup>e<\/sup> si\u00e8cle compte d\u2019\u00e9crivains, qu\u2019ils soient d\u00e9j\u00e0 connus ou qu\u2019ils aspirent \u00e0 une meilleure visibilit\u00e9. Rousseau ne fait pas exception. Lecteur du <em>Mercure<\/em>, il consulte ce p\u00e9riodique au moins \u00e0 partir de 1735, avec une intensit\u00e9 et une r\u00e9gularit\u00e9 qui varient probablement au fil des d\u00e9cennies. Po\u00e8te et philosophe, il confie au&nbsp;<em>Mercure<\/em> des r\u00e9flexions sur son syst\u00e8me de notation musicale (\u00ab&nbsp;Lettre de M. Rousseau \u00e0 M. D.&nbsp;\u00bb, f\u00e9vrier 1743) ou des vers comme \u00ab&nbsp;L\u2019All\u00e9e de Silvie&nbsp;\u00bb (septembre 1750) \u00e0 la demande de son directeur l\u2019abb\u00e9 Raynal. Le <em>Mercure<\/em> joue un r\u00f4le d\u00e9terminant lorsque, sur le chemin de Vincennes, Rousseau parcourt la livraison d\u2019octobre 1749 et tombe sur l\u2019annonce du concours de l\u2019Acad\u00e9mie de Dijon. L\u2019illumination qui en r\u00e9sulte ne pose pas seulement les fondements du <em>Discours sur les sciences et les arts<\/em>, mais elle constitue encore le t\u00e9moignage d\u2019une exp\u00e9rience de lecture extatique d\u2019un p\u00e9riodique litt\u00e9raire.<\/p>\n\n\n\n<p>D\u2019autres moments forts ponctuent les rapports de Rousseau au\u00a0<em>Mercure<\/em>. En 1755, par exemple, le p\u00e9riodique publie la lettre pol\u00e9mique de Voltaire sur le <em>Discours sur l\u2019origine et les fondements de l\u2019in\u00e9galit\u00e9 parmi les hommes<\/em> et la r\u00e9ponse de Rousseau. Celui-ci se plaint vivement du traitement que Louis de Boissy, alors responsable du <em>Mercure<\/em>, r\u00e9serve \u00e0 sa missive devenue m\u00e9connaissable. Trois ans plus tard, il se brouille cette fois-ci avec Jean-Fran\u00e7ois Marmontel, successeur de Boissy, au moment de lui adresser sa <em>Lettre \u00e0 D\u2019Alembert sur les spectacles<\/em>. Il avait en effet pris le soin d\u2019\u00e9crire sur l\u2019exemplaire qu\u2019un tel pr\u00e9sent n\u2019\u00e9tait \u00ab\u00a0point pour l\u2019auteur du <em>Mercure<\/em>, mais pour M. Marmontel\u00a0\u00bb. Cette distinction ambigu\u00eb f\u00e2che le journaliste qui devient un farouche adversaire de Rousseau et qui critique longuement sa <em>Lettre<\/em> dans le <em>Mercure<\/em>. Apr\u00e8s la publication de <em>La Nouvelle H\u00e9lo\u00efse<\/em>, c\u2019est par le biais du <em>Mercure<\/em> que Rousseau choisit de s\u2019adresser \u00e0 ses lecteurs pour les prier de ne plus lui communiquer leurs ouvrages ou lettres de compliment (avril 1762). Dans les ann\u00e9es 1760, sans commenter les pamphlets les plus virulents, le <em>Mercure<\/em> de Pierre-Antoine de La Place \u00e9voque \u00e0 diff\u00e9rentes reprises les querelles qui opposent Rousseau \u00e0 Voltaire, Jacob Vernes et David Hume. Toujours \u00e0 la recherche d\u2019in\u00e9dits concernant les auteurs de renom, le <em>Mercure<\/em> donne encore la premi\u00e8re version imprim\u00e9e du texte de <em>Pygmalion<\/em> en janvier 1771 (vol.\u00a02), \u00e0 une \u00e9poque o\u00f9 tout Paris s\u2019int\u00e9resse \u00e0 cette \u0153uvre th\u00e9\u00e2trale et musicale d\u2019un go\u00fbt nouveau. Enfin, Rousseau conserve une pr\u00e9sence durable dans le <em>Mercure<\/em> apr\u00e8s sa mort, entretenue notamment par la parution de ses <em>\u0152uvres compl\u00e8tes<\/em> entre 1780 et 1789 et par sa panth\u00e9onisation en 1794.<\/p>\n\n\n\n<p>En premier lieu, nous explorerons la pr\u00e9sence de textes de Rousseau dans le\u00a0<em>Mercure<\/em>. Rousseau est-il \u00e0 l\u2019initiative de ces publications et quelles fonctions remplissent-elles \u00e0 diff\u00e9rents moments de son parcours\u00a0? Quel rapport entretient-il avec les directeurs successifs du p\u00e9riodique\u00a0? Observe-t-on la mise en place de strat\u00e9gies \u00e9ditoriales impliquant le <em>Mercure<\/em> aux c\u00f4t\u00e9s d\u2019autres p\u00e9riodiques ou par pr\u00e9f\u00e9rence \u00e0 d\u2019autres p\u00e9riodiques\u00a0? Ensuite, nous voudrions comprendre quand et comment Rousseau lit le <em>Mercure<\/em>. Quel degr\u00e9 d\u2019utilit\u00e9 et de fiabilit\u00e9 accorde-t-il au p\u00e9riodique et quelle place lui conf\u00e8re-t-il dans un paysage \u00e9ditorial et m\u00e9diatique global\u00a0? Enfin, le <em>Mercure<\/em> constitue une source abondante pour \u00e9valuer la r\u00e9ception tant\u00f4t critique, tant\u00f4t laudative des \u0153uvres de Rousseau. Quelles formes prend cette r\u00e9ception\u00a0? Dans quelle mesure est-elle polaris\u00e9e\u00a0? Peut-on identifier des moments rousseauistes dans le <em>Mercure\u00a0<\/em>? Rousseau r\u00e9agit-il aux r\u00e9futations publi\u00e9es de ses \u00e9crits et par quels biais\u00a0?<\/p>\n\n\n\n<div data-wp-interactive=\"core\/file\" class=\"wp-block-file\"><object data-wp-bind--hidden=\"!state.hasPdfPreview\" hidden class=\"wp-block-file__embed\" data=\"https:\/\/www.sgeaj.ch\/wp-content\/uploads\/2026\/05\/jean-jacques-rousseau-et-le-mercure-de-france-programme.pdf\" type=\"application\/pdf\" style=\"width:100%;height:600px\" aria-label=\"Contenu embarqu\u00e9 Jean-Jacques Rousseau et le Mercure de France (programme).\"><\/object><a id=\"wp-block-file--media-8ceab102-26b3-4774-a8c4-1416c9226cc8\" href=\"https:\/\/www.sgeaj.ch\/wp-content\/uploads\/2026\/05\/jean-jacques-rousseau-et-le-mercure-de-france-programme.pdf\">Jean-Jacques Rousseau et le Mercure de France (programme)<\/a><a href=\"https:\/\/www.sgeaj.ch\/wp-content\/uploads\/2026\/05\/jean-jacques-rousseau-et-le-mercure-de-france-programme.pdf\" class=\"wp-block-file__button wp-element-button\" download aria-describedby=\"wp-block-file--media-8ceab102-26b3-4774-a8c4-1416c9226cc8\">Herunterladen<\/a><\/div>\n","protected":false},"excerpt":{"rendered":"<p>Les 28 et 29 mai 2026, deux journ\u00e9es d\u2019\u00e9tude sur \u00ab&nbsp;Jean-Jacques Rousseau et le Mercure de France&nbsp;\u00bb se tiendront \u00e0 l\u2019Universit\u00e9 de Neuch\u00e2tel, organis\u00e9es \u00e0 l\u2019occasion des septante ans de l\u2019Association Jean-Jacques Rousseau et dans le cadre du projet de recherche \u00ab&nbsp;Le Mercure de France et l\u2019institution litt\u00e9raire&nbsp;\u00bb (Universit\u00e9 de Fribourg), en partenariat avec l\u2019Institut [&hellip;]<\/p>\n","protected":false},"author":9,"featured_media":8466,"comment_status":"closed","ping_status":"open","sticky":false,"template":"","format":"standard","meta":{"footnotes":""},"categories":[42,27],"tags":[61,67,221,222,101],"class_list":{"0":"post-8468","1":"post","2":"type-post","3":"status-publish","4":"format-standard","5":"has-post-thumbnail","7":"category-actualite","8":"category-colloques","9":"tag-early-modern-period-fr","10":"tag-enlightenment-fr","11":"tag-jean-jacques-rousseau","12":"tag-media","13":"tag-switzerland-fr","14":"czr-hentry"},"yoast_head":"<!-- This site is optimized with the Yoast SEO plugin v26.9 - https:\/\/yoast.com\/product\/yoast-seo-wordpress\/ -->\n<title>Jean-Jacques Rousseau et le Mercure de France - Schweizerische Gesellschaft f\u00fcr die Erforschung des 18. Jahrhunderts (SGEAJ - SSEDS)<\/title>\n<meta name=\"robots\" content=\"index, follow, max-snippet:-1, max-image-preview:large, max-video-preview:-1\" \/>\n<link rel=\"canonical\" href=\"https:\/\/www.sgeaj.ch\/fr\/actualite\/jean-jacques-rousseau-et-le-mercure-de-france\/\" \/>\n<meta name=\"twitter:label1\" content=\"\u00c9crit par\" \/>\n\t<meta name=\"twitter:data1\" content=\"Mich\u00e8le Steiner\" \/>\n\t<meta name=\"twitter:label2\" content=\"Dur\u00e9e de lecture estim\u00e9e\" \/>\n\t<meta name=\"twitter:data2\" content=\"5 minutes\" \/>\n<script type=\"application\/ld+json\" class=\"yoast-schema-graph\">{\"@context\":\"https:\/\/schema.org\",\"@graph\":[{\"@type\":\"Article\",\"@id\":\"https:\/\/www.sgeaj.ch\/fr\/actualite\/jean-jacques-rousseau-et-le-mercure-de-france\/#article\",\"isPartOf\":{\"@id\":\"https:\/\/www.sgeaj.ch\/fr\/actualite\/jean-jacques-rousseau-et-le-mercure-de-france\/\"},\"author\":{\"name\":\"Mich\u00e8le Steiner\",\"@id\":\"https:\/\/www.sgeaj.ch\/fr\/#\/schema\/person\/f9930dca12b3bd252d469f244e700c60\"},\"headline\":\"Jean-Jacques Rousseau et le Mercure de France\",\"datePublished\":\"2026-05-22T08:25:22+00:00\",\"dateModified\":\"2026-05-26T08:43:32+00:00\",\"mainEntityOfPage\":{\"@id\":\"https:\/\/www.sgeaj.ch\/fr\/actualite\/jean-jacques-rousseau-et-le-mercure-de-france\/\"},\"wordCount\":774,\"publisher\":{\"@id\":\"https:\/\/www.sgeaj.ch\/fr\/#organization\"},\"image\":{\"@id\":\"https:\/\/www.sgeaj.ch\/fr\/actualite\/jean-jacques-rousseau-et-le-mercure-de-france\/#primaryimage\"},\"thumbnailUrl\":\"https:\/\/www.sgeaj.ch\/wp-content\/uploads\/2026\/05\/jean-jacques-rousseau-et-le-mercure-de-france-affiche-scaled-e1779438008892.jpg\",\"keywords\":[\"Early Modern Period\",\"Enlightenment\",\"Jean-Jacques Rousseau\",\"Media\",\"Switzerland\"],\"articleSection\":[\"Actualit\u00e9\",\"Colloques\"],\"inLanguage\":\"fr-FR\"},{\"@type\":\"WebPage\",\"@id\":\"https:\/\/www.sgeaj.ch\/fr\/actualite\/jean-jacques-rousseau-et-le-mercure-de-france\/\",\"url\":\"https:\/\/www.sgeaj.ch\/fr\/actualite\/jean-jacques-rousseau-et-le-mercure-de-france\/\",\"name\":\"Jean-Jacques Rousseau et le Mercure de France - Schweizerische Gesellschaft f\u00fcr die Erforschung des 18. Jahrhunderts (SGEAJ - SSEDS)\",\"isPartOf\":{\"@id\":\"https:\/\/www.sgeaj.ch\/fr\/#website\"},\"primaryImageOfPage\":{\"@id\":\"https:\/\/www.sgeaj.ch\/fr\/actualite\/jean-jacques-rousseau-et-le-mercure-de-france\/#primaryimage\"},\"image\":{\"@id\":\"https:\/\/www.sgeaj.ch\/fr\/actualite\/jean-jacques-rousseau-et-le-mercure-de-france\/#primaryimage\"},\"thumbnailUrl\":\"https:\/\/www.sgeaj.ch\/wp-content\/uploads\/2026\/05\/jean-jacques-rousseau-et-le-mercure-de-france-affiche-scaled-e1779438008892.jpg\",\"datePublished\":\"2026-05-22T08:25:22+00:00\",\"dateModified\":\"2026-05-26T08:43:32+00:00\",\"inLanguage\":\"fr-FR\",\"potentialAction\":[{\"@type\":\"ReadAction\",\"target\":[\"https:\/\/www.sgeaj.ch\/fr\/actualite\/jean-jacques-rousseau-et-le-mercure-de-france\/\"]}]},{\"@type\":\"ImageObject\",\"inLanguage\":\"fr-FR\",\"@id\":\"https:\/\/www.sgeaj.ch\/fr\/actualite\/jean-jacques-rousseau-et-le-mercure-de-france\/#primaryimage\",\"url\":\"https:\/\/www.sgeaj.ch\/wp-content\/uploads\/2026\/05\/jean-jacques-rousseau-et-le-mercure-de-france-affiche-scaled-e1779438008892.jpg\",\"contentUrl\":\"https:\/\/www.sgeaj.ch\/wp-content\/uploads\/2026\/05\/jean-jacques-rousseau-et-le-mercure-de-france-affiche-scaled-e1779438008892.jpg\",\"width\":1810,\"height\":2560},{\"@type\":\"WebSite\",\"@id\":\"https:\/\/www.sgeaj.ch\/fr\/#website\",\"url\":\"https:\/\/www.sgeaj.ch\/fr\/\",\"name\":\"Schweizerische Gesellschaft f\u00fcr die Erforschung des 18. Jahrhunderts (SGEAJ - SSEDS)\",\"description\":\"Schweizerische Gesellschaft f\u00fcr die Erforschung des 18. Jahrhunderts\",\"publisher\":{\"@id\":\"https:\/\/www.sgeaj.ch\/fr\/#organization\"},\"potentialAction\":[{\"@type\":\"SearchAction\",\"target\":{\"@type\":\"EntryPoint\",\"urlTemplate\":\"https:\/\/www.sgeaj.ch\/fr\/?s={search_term_string}\"},\"query-input\":{\"@type\":\"PropertyValueSpecification\",\"valueRequired\":true,\"valueName\":\"search_term_string\"}}],\"inLanguage\":\"fr-FR\"},{\"@type\":\"Organization\",\"@id\":\"https:\/\/www.sgeaj.ch\/fr\/#organization\",\"name\":\"Schweizerische Gesellschaft f\u00fcr die Erforschung des 18. Jahrhunderts (SGEAJ - SSEDS)\",\"url\":\"https:\/\/www.sgeaj.ch\/fr\/\",\"logo\":{\"@type\":\"ImageObject\",\"inLanguage\":\"fr-FR\",\"@id\":\"https:\/\/www.sgeaj.ch\/fr\/#\/schema\/logo\/image\/\",\"url\":\"https:\/\/www.sgeaj.ch\/wp-content\/uploads\/2021\/06\/cropped-logo-xviiies-horiz-abreuviations-bleues.png\",\"contentUrl\":\"https:\/\/www.sgeaj.ch\/wp-content\/uploads\/2021\/06\/cropped-logo-xviiies-horiz-abreuviations-bleues.png\",\"width\":659,\"height\":335,\"caption\":\"Schweizerische Gesellschaft f\u00fcr die Erforschung des 18. Jahrhunderts (SGEAJ - SSEDS)\"},\"image\":{\"@id\":\"https:\/\/www.sgeaj.ch\/fr\/#\/schema\/logo\/image\/\"}},{\"@type\":\"Person\",\"@id\":\"https:\/\/www.sgeaj.ch\/fr\/#\/schema\/person\/f9930dca12b3bd252d469f244e700c60\",\"name\":\"Mich\u00e8le Steiner\",\"url\":\"https:\/\/www.sgeaj.ch\/fr\/author\/msteiner\/\"}]}<\/script>\n<!-- \/ Yoast SEO plugin. -->","yoast_head_json":{"title":"Jean-Jacques Rousseau et le Mercure de France - Schweizerische Gesellschaft f\u00fcr die Erforschung des 18. Jahrhunderts (SGEAJ - SSEDS)","robots":{"index":"index","follow":"follow","max-snippet":"max-snippet:-1","max-image-preview":"max-image-preview:large","max-video-preview":"max-video-preview:-1"},"canonical":"https:\/\/www.sgeaj.ch\/fr\/actualite\/jean-jacques-rousseau-et-le-mercure-de-france\/","twitter_misc":{"\u00c9crit par":"Mich\u00e8le Steiner","Dur\u00e9e de lecture estim\u00e9e":"5 minutes"},"schema":{"@context":"https:\/\/schema.org","@graph":[{"@type":"Article","@id":"https:\/\/www.sgeaj.ch\/fr\/actualite\/jean-jacques-rousseau-et-le-mercure-de-france\/#article","isPartOf":{"@id":"https:\/\/www.sgeaj.ch\/fr\/actualite\/jean-jacques-rousseau-et-le-mercure-de-france\/"},"author":{"name":"Mich\u00e8le Steiner","@id":"https:\/\/www.sgeaj.ch\/fr\/#\/schema\/person\/f9930dca12b3bd252d469f244e700c60"},"headline":"Jean-Jacques Rousseau et le Mercure de France","datePublished":"2026-05-22T08:25:22+00:00","dateModified":"2026-05-26T08:43:32+00:00","mainEntityOfPage":{"@id":"https:\/\/www.sgeaj.ch\/fr\/actualite\/jean-jacques-rousseau-et-le-mercure-de-france\/"},"wordCount":774,"publisher":{"@id":"https:\/\/www.sgeaj.ch\/fr\/#organization"},"image":{"@id":"https:\/\/www.sgeaj.ch\/fr\/actualite\/jean-jacques-rousseau-et-le-mercure-de-france\/#primaryimage"},"thumbnailUrl":"https:\/\/www.sgeaj.ch\/wp-content\/uploads\/2026\/05\/jean-jacques-rousseau-et-le-mercure-de-france-affiche-scaled-e1779438008892.jpg","keywords":["Early Modern Period","Enlightenment","Jean-Jacques Rousseau","Media","Switzerland"],"articleSection":["Actualit\u00e9","Colloques"],"inLanguage":"fr-FR"},{"@type":"WebPage","@id":"https:\/\/www.sgeaj.ch\/fr\/actualite\/jean-jacques-rousseau-et-le-mercure-de-france\/","url":"https:\/\/www.sgeaj.ch\/fr\/actualite\/jean-jacques-rousseau-et-le-mercure-de-france\/","name":"Jean-Jacques Rousseau et le Mercure de France - Schweizerische Gesellschaft f\u00fcr die Erforschung des 18. Jahrhunderts (SGEAJ - SSEDS)","isPartOf":{"@id":"https:\/\/www.sgeaj.ch\/fr\/#website"},"primaryImageOfPage":{"@id":"https:\/\/www.sgeaj.ch\/fr\/actualite\/jean-jacques-rousseau-et-le-mercure-de-france\/#primaryimage"},"image":{"@id":"https:\/\/www.sgeaj.ch\/fr\/actualite\/jean-jacques-rousseau-et-le-mercure-de-france\/#primaryimage"},"thumbnailUrl":"https:\/\/www.sgeaj.ch\/wp-content\/uploads\/2026\/05\/jean-jacques-rousseau-et-le-mercure-de-france-affiche-scaled-e1779438008892.jpg","datePublished":"2026-05-22T08:25:22+00:00","dateModified":"2026-05-26T08:43:32+00:00","inLanguage":"fr-FR","potentialAction":[{"@type":"ReadAction","target":["https:\/\/www.sgeaj.ch\/fr\/actualite\/jean-jacques-rousseau-et-le-mercure-de-france\/"]}]},{"@type":"ImageObject","inLanguage":"fr-FR","@id":"https:\/\/www.sgeaj.ch\/fr\/actualite\/jean-jacques-rousseau-et-le-mercure-de-france\/#primaryimage","url":"https:\/\/www.sgeaj.ch\/wp-content\/uploads\/2026\/05\/jean-jacques-rousseau-et-le-mercure-de-france-affiche-scaled-e1779438008892.jpg","contentUrl":"https:\/\/www.sgeaj.ch\/wp-content\/uploads\/2026\/05\/jean-jacques-rousseau-et-le-mercure-de-france-affiche-scaled-e1779438008892.jpg","width":1810,"height":2560},{"@type":"WebSite","@id":"https:\/\/www.sgeaj.ch\/fr\/#website","url":"https:\/\/www.sgeaj.ch\/fr\/","name":"Schweizerische Gesellschaft f\u00fcr die Erforschung des 18. Jahrhunderts (SGEAJ - SSEDS)","description":"Schweizerische Gesellschaft f\u00fcr die Erforschung des 18. Jahrhunderts","publisher":{"@id":"https:\/\/www.sgeaj.ch\/fr\/#organization"},"potentialAction":[{"@type":"SearchAction","target":{"@type":"EntryPoint","urlTemplate":"https:\/\/www.sgeaj.ch\/fr\/?s={search_term_string}"},"query-input":{"@type":"PropertyValueSpecification","valueRequired":true,"valueName":"search_term_string"}}],"inLanguage":"fr-FR"},{"@type":"Organization","@id":"https:\/\/www.sgeaj.ch\/fr\/#organization","name":"Schweizerische Gesellschaft f\u00fcr die Erforschung des 18. Jahrhunderts (SGEAJ - SSEDS)","url":"https:\/\/www.sgeaj.ch\/fr\/","logo":{"@type":"ImageObject","inLanguage":"fr-FR","@id":"https:\/\/www.sgeaj.ch\/fr\/#\/schema\/logo\/image\/","url":"https:\/\/www.sgeaj.ch\/wp-content\/uploads\/2021\/06\/cropped-logo-xviiies-horiz-abreuviations-bleues.png","contentUrl":"https:\/\/www.sgeaj.ch\/wp-content\/uploads\/2021\/06\/cropped-logo-xviiies-horiz-abreuviations-bleues.png","width":659,"height":335,"caption":"Schweizerische Gesellschaft f\u00fcr die Erforschung des 18. Jahrhunderts (SGEAJ - SSEDS)"},"image":{"@id":"https:\/\/www.sgeaj.ch\/fr\/#\/schema\/logo\/image\/"}},{"@type":"Person","@id":"https:\/\/www.sgeaj.ch\/fr\/#\/schema\/person\/f9930dca12b3bd252d469f244e700c60","name":"Mich\u00e8le Steiner","url":"https:\/\/www.sgeaj.ch\/fr\/author\/msteiner\/"}]}},"_links":{"self":[{"href":"https:\/\/www.sgeaj.ch\/fr\/wp-json\/wp\/v2\/posts\/8468","targetHints":{"allow":["GET"]}}],"collection":[{"href":"https:\/\/www.sgeaj.ch\/fr\/wp-json\/wp\/v2\/posts"}],"about":[{"href":"https:\/\/www.sgeaj.ch\/fr\/wp-json\/wp\/v2\/types\/post"}],"author":[{"embeddable":true,"href":"https:\/\/www.sgeaj.ch\/fr\/wp-json\/wp\/v2\/users\/9"}],"replies":[{"embeddable":true,"href":"https:\/\/www.sgeaj.ch\/fr\/wp-json\/wp\/v2\/comments?post=8468"}],"version-history":[{"count":2,"href":"https:\/\/www.sgeaj.ch\/fr\/wp-json\/wp\/v2\/posts\/8468\/revisions"}],"predecessor-version":[{"id":8495,"href":"https:\/\/www.sgeaj.ch\/fr\/wp-json\/wp\/v2\/posts\/8468\/revisions\/8495"}],"wp:featuredmedia":[{"embeddable":true,"href":"https:\/\/www.sgeaj.ch\/fr\/wp-json\/wp\/v2\/media\/8466"}],"wp:attachment":[{"href":"https:\/\/www.sgeaj.ch\/fr\/wp-json\/wp\/v2\/media?parent=8468"}],"wp:term":[{"taxonomy":"category","embeddable":true,"href":"https:\/\/www.sgeaj.ch\/fr\/wp-json\/wp\/v2\/categories?post=8468"},{"taxonomy":"post_tag","embeddable":true,"href":"https:\/\/www.sgeaj.ch\/fr\/wp-json\/wp\/v2\/tags?post=8468"}],"curies":[{"name":"wp","href":"https:\/\/api.w.org\/{rel}","templated":true}]}}