{"id":8522,"date":"2026-06-02T08:35:05","date_gmt":"2026-06-02T06:35:05","guid":{"rendered":"https:\/\/www.sgeaj.ch\/non-classifiee\/cfp-enlightenment-and-inequality\/"},"modified":"2026-06-02T08:52:35","modified_gmt":"2026-06-02T06:52:35","slug":"cfp-enlightenment-and-inequality","status":"publish","type":"post","link":"https:\/\/www.sgeaj.ch\/fr\/actualite\/cfp-enlightenment-and-inequality\/","title":{"rendered":"CfP: Enlightenment and (In)equality"},"content":{"rendered":"\n<h3 class=\"wp-block-heading\">The Spanish Society for Eighteenth-Century Studies and the University of Zaragoza are delighted to welcome scholars from around the globe to the 17th International Society for Eighteenth-Century Studies (ISECS) Congress. The congress will take place in Zaragoza (Spain) from Monday 12 to Friday 16 July 2027. <\/h3>\n\n\n\n<p>The International Society for Eighteenth-Century Studies (ISECS) four-yearly Congress is the largest academic meeting to focus on the study of all aspects of the \u201clong\u201d eighteenth century. Sixteen Congresses have been organised since 1963, with the most recent taking place in Graz (2011), Rotterdam (2015), Edinburgh (2019) and Rome (2023). The next Congress will be held in Zaragoza (Spain) from Monday 12 July to Friday 16 July 2027 and is organised by the <a href=\"https:\/\/siglo18.org\/\" target=\"_blank\" rel=\"noreferrer noopener\">Spanish Society for Eighteenth-Century Studies<\/a> (SEESXVIII). The event will be hosted by the University of Zaragoza. <\/p>\n\n\n\n<p>The theme of the 17th Congress is \u201cEnlightenment and (In)equality\u201d. Throughout the eighteenth century, the development of Enlightenment thought, the circulation of ideas and cultural, artistic and literary currents fostered an interest in equality, which permeated all the academic disciplines that flourished in the Enlightenment tree. At the same time, technological advances, developments in trade and the globalisation of markets brought about profound changes in social structures during that century. The equality proclaimed by Enlightenment thinkers could be defined in legal terms, in terms of wealth, social class, gender, origin, race, caste, education or religious affiliation. Beyond the individual sphere and social class, the problem of equality also affected slave-owning and colonial societies, as well as what were then known as underdeveloped nations. The theme of the Congress thus addresses some of the main intersections of current research into the Enlightenment. We aim to bring together contributions that embrace a multidisciplinary and international approach to the different notions of equality that emerged in the eighteenth century. At the same time, the theme also builds bridges to the turbulent 21st century, presenting a set of interpretative keys for better understanding this inescapable challenge in today\u2019s world. <\/p>\n\n\n\n<p>The Congress Scientific Committee is responsible for organising panels, plenary sessions and dialogues on the theme of \u201cEnlightenment and (In)equality\u201d. We invite Congress participants to propose thematic sessions, roundtables, individual presentations and posters (early career scholars) on the main thematic strand or any other aspect related to the \u201clong\u201d eighteenth century (1670-1830). These forms of participation all lend themselves to a Digital Humanities (DH) approach. Sessions and roundtables on initiatives concerning the future of ISECS and the undertaking of future research on the eighteenth century are also welcome and will be included in the Growing as a Scientific Community (GSC) programme.<\/p>\n\n\n\n<p>Please complete the forms available at <a href=\"http:\/\/www.isecs-zaragoza2027.net\" target=\"_blank\" rel=\"noreferrer noopener\">www.isecs-zaragoza2027.net<\/a> to submit your proposal of thematic sessions, roundtables and individual presentations. If you are an early career scholar, submit your poster to <a href=\"mailto:posters@isecs-zaragoza2027.net\" target=\"_blank\" rel=\"noreferrer noopener\">posters@isecs-zaragoza2027.net<\/a>. The Congress will use three languages: English, French and Spanish.<\/p>\n\n\n\n<p>Calendar:<\/p>\n\n\n\n<ul class=\"wp-block-list\">\n<li>15 May 2026 \/ 30 September 2026. Submission of proposals for thematic sessions and roundtables.<\/li>\n\n\n\n<li>30 October 2026. Publication of accepted proposals for thematic sessions and roundtables.<\/li>\n\n\n\n<li>30 October 2026 \/ 31 January 2027. Submission of full content for accepted sessions and roundtables.<\/li>\n\n\n\n<li>30 October 2026 \/ 31 January 2027. Submission of proposals for individual contributions. These can be sent or included in accepted thematic sessions (with fewer than four 4 participants) or could also give rise to new sessions.<\/li>\n\n\n\n<li>1 December 2026\/ 28 February 2027. Submission of early career scholar posters.<\/li>\n\n\n\n<li>Spring 2027. Publication of provisional programme.<\/li>\n<\/ul>\n\n\n\n<p>For more information please visit the official website of the conference: <a href=\"https:\/\/www.isecs-zaragoza2027.net\" target=\"_blank\" rel=\"noreferrer noopener\">https:\/\/www.isecs-zaragoza2027.net<\/a>. <\/p>\n\n\n\n<div data-wp-interactive=\"core\/file\" class=\"wp-block-file\"><object data-wp-bind--hidden=\"!state.hasPdfPreview\" hidden class=\"wp-block-file__embed\" data=\"https:\/\/www.sgeaj.ch\/wp-content\/uploads\/2026\/06\/programa-plantilla-corporativa-eng.pdf\" type=\"application\/pdf\" style=\"width:100%;height:600px\" aria-label=\"Contenu embarqu\u00e9 Programa-plantilla-corporativa-ENG.\"><\/object><a id=\"wp-block-file--media-7fa04c47-e1a2-42b0-9352-5bc321283692\" href=\"https:\/\/www.sgeaj.ch\/wp-content\/uploads\/2026\/06\/programa-plantilla-corporativa-eng.pdf\">Programa-plantilla-corporativa-ENG<\/a><a href=\"https:\/\/www.sgeaj.ch\/wp-content\/uploads\/2026\/06\/programa-plantilla-corporativa-eng.pdf\" class=\"wp-block-file__button wp-element-button\" download aria-describedby=\"wp-block-file--media-7fa04c47-e1a2-42b0-9352-5bc321283692\">Herunterladen<\/a><\/div>\n","protected":false},"excerpt":{"rendered":"<p>The Spanish Society for Eighteenth-Century Studies and the University of Zaragoza are delighted to welcome scholars from around the globe to the 17th International Society for Eighteenth-Century Studies (ISECS) Congress. The congress will take place in Zaragoza (Spain) from Monday 12 to Friday 16 July 2027. The International Society for Eighteenth-Century Studies (ISECS) four-yearly Congress [&hellip;]<\/p>\n","protected":false},"author":9,"featured_media":8512,"comment_status":"closed","ping_status":"open","sticky":false,"template":"","format":"standard","meta":{"footnotes":""},"categories":[42,26],"tags":[60,175,67,197,68],"class_list":{"0":"post-8522","1":"post","2":"type-post","3":"status-publish","4":"format-standard","5":"has-post-thumbnail","7":"category-actualite","8":"category-call-for-papers-fr","9":"tag-call-for-papers-fr","10":"tag-conference-fr","11":"tag-enlightenment-fr","12":"tag-isecs-fr","13":"tag-knowledge-fr","14":"czr-hentry"},"yoast_head":"<!-- This site is optimized with the Yoast SEO plugin v26.9 - https:\/\/yoast.com\/product\/yoast-seo-wordpress\/ -->\n<title>CfP: Enlightenment and (In)equality - Schweizerische Gesellschaft f\u00fcr die Erforschung des 18. Jahrhunderts (SGEAJ - SSEDS)<\/title>\n<meta name=\"robots\" content=\"index, follow, max-snippet:-1, max-image-preview:large, max-video-preview:-1\" \/>\n<link rel=\"canonical\" href=\"https:\/\/www.sgeaj.ch\/fr\/actualite\/cfp-enlightenment-and-inequality\/\" \/>\n<meta name=\"twitter:label1\" content=\"\u00c9crit par\" \/>\n\t<meta name=\"twitter:data1\" content=\"Mich\u00e8le Steiner\" \/>\n\t<meta name=\"twitter:label2\" content=\"Dur\u00e9e de lecture estim\u00e9e\" \/>\n\t<meta name=\"twitter:data2\" content=\"4 minutes\" \/>\n<script type=\"application\/ld+json\" class=\"yoast-schema-graph\">{\"@context\":\"https:\/\/schema.org\",\"@graph\":[{\"@type\":\"Article\",\"@id\":\"https:\/\/www.sgeaj.ch\/fr\/actualite\/cfp-enlightenment-and-inequality\/#article\",\"isPartOf\":{\"@id\":\"https:\/\/www.sgeaj.ch\/fr\/actualite\/cfp-enlightenment-and-inequality\/\"},\"author\":{\"name\":\"Mich\u00e8le Steiner\",\"@id\":\"https:\/\/www.sgeaj.ch\/fr\/#\/schema\/person\/f9930dca12b3bd252d469f244e700c60\"},\"headline\":\"CfP: Enlightenment and (In)equality\",\"datePublished\":\"2026-06-02T06:35:05+00:00\",\"dateModified\":\"2026-06-02T06:52:35+00:00\",\"mainEntityOfPage\":{\"@id\":\"https:\/\/www.sgeaj.ch\/fr\/actualite\/cfp-enlightenment-and-inequality\/\"},\"wordCount\":565,\"publisher\":{\"@id\":\"https:\/\/www.sgeaj.ch\/fr\/#organization\"},\"image\":{\"@id\":\"https:\/\/www.sgeaj.ch\/fr\/actualite\/cfp-enlightenment-and-inequality\/#primaryimage\"},\"thumbnailUrl\":\"https:\/\/www.sgeaj.ch\/wp-content\/uploads\/2026\/06\/cartel-congreso-english-compressed.png\",\"keywords\":[\"Call for Papers\",\"Conference\",\"Enlightenment\",\"ISECS\",\"Knowledge\"],\"articleSection\":[\"Actualit\u00e9\",\"Call for Papers\"],\"inLanguage\":\"fr-FR\"},{\"@type\":\"WebPage\",\"@id\":\"https:\/\/www.sgeaj.ch\/fr\/actualite\/cfp-enlightenment-and-inequality\/\",\"url\":\"https:\/\/www.sgeaj.ch\/fr\/actualite\/cfp-enlightenment-and-inequality\/\",\"name\":\"CfP: Enlightenment and (In)equality - Schweizerische Gesellschaft f\u00fcr die Erforschung des 18. Jahrhunderts (SGEAJ - SSEDS)\",\"isPartOf\":{\"@id\":\"https:\/\/www.sgeaj.ch\/fr\/#website\"},\"primaryImageOfPage\":{\"@id\":\"https:\/\/www.sgeaj.ch\/fr\/actualite\/cfp-enlightenment-and-inequality\/#primaryimage\"},\"image\":{\"@id\":\"https:\/\/www.sgeaj.ch\/fr\/actualite\/cfp-enlightenment-and-inequality\/#primaryimage\"},\"thumbnailUrl\":\"https:\/\/www.sgeaj.ch\/wp-content\/uploads\/2026\/06\/cartel-congreso-english-compressed.png\",\"datePublished\":\"2026-06-02T06:35:05+00:00\",\"dateModified\":\"2026-06-02T06:52:35+00:00\",\"inLanguage\":\"fr-FR\",\"potentialAction\":[{\"@type\":\"ReadAction\",\"target\":[\"https:\/\/www.sgeaj.ch\/fr\/actualite\/cfp-enlightenment-and-inequality\/\"]}]},{\"@type\":\"ImageObject\",\"inLanguage\":\"fr-FR\",\"@id\":\"https:\/\/www.sgeaj.ch\/fr\/actualite\/cfp-enlightenment-and-inequality\/#primaryimage\",\"url\":\"https:\/\/www.sgeaj.ch\/wp-content\/uploads\/2026\/06\/cartel-congreso-english-compressed.png\",\"contentUrl\":\"https:\/\/www.sgeaj.ch\/wp-content\/uploads\/2026\/06\/cartel-congreso-english-compressed.png\",\"width\":1417,\"height\":1984},{\"@type\":\"WebSite\",\"@id\":\"https:\/\/www.sgeaj.ch\/fr\/#website\",\"url\":\"https:\/\/www.sgeaj.ch\/fr\/\",\"name\":\"Schweizerische Gesellschaft f\u00fcr die Erforschung des 18. Jahrhunderts (SGEAJ - SSEDS)\",\"description\":\"Schweizerische Gesellschaft f\u00fcr die Erforschung des 18. Jahrhunderts\",\"publisher\":{\"@id\":\"https:\/\/www.sgeaj.ch\/fr\/#organization\"},\"potentialAction\":[{\"@type\":\"SearchAction\",\"target\":{\"@type\":\"EntryPoint\",\"urlTemplate\":\"https:\/\/www.sgeaj.ch\/fr\/?s={search_term_string}\"},\"query-input\":{\"@type\":\"PropertyValueSpecification\",\"valueRequired\":true,\"valueName\":\"search_term_string\"}}],\"inLanguage\":\"fr-FR\"},{\"@type\":\"Organization\",\"@id\":\"https:\/\/www.sgeaj.ch\/fr\/#organization\",\"name\":\"Schweizerische Gesellschaft f\u00fcr die Erforschung des 18. Jahrhunderts (SGEAJ - SSEDS)\",\"url\":\"https:\/\/www.sgeaj.ch\/fr\/\",\"logo\":{\"@type\":\"ImageObject\",\"inLanguage\":\"fr-FR\",\"@id\":\"https:\/\/www.sgeaj.ch\/fr\/#\/schema\/logo\/image\/\",\"url\":\"https:\/\/www.sgeaj.ch\/wp-content\/uploads\/2021\/06\/cropped-logo-xviiies-horiz-abreuviations-bleues.png\",\"contentUrl\":\"https:\/\/www.sgeaj.ch\/wp-content\/uploads\/2021\/06\/cropped-logo-xviiies-horiz-abreuviations-bleues.png\",\"width\":659,\"height\":335,\"caption\":\"Schweizerische Gesellschaft f\u00fcr die Erforschung des 18. Jahrhunderts (SGEAJ - SSEDS)\"},\"image\":{\"@id\":\"https:\/\/www.sgeaj.ch\/fr\/#\/schema\/logo\/image\/\"}},{\"@type\":\"Person\",\"@id\":\"https:\/\/www.sgeaj.ch\/fr\/#\/schema\/person\/f9930dca12b3bd252d469f244e700c60\",\"name\":\"Mich\u00e8le Steiner\",\"url\":\"https:\/\/www.sgeaj.ch\/fr\/author\/msteiner\/\"}]}<\/script>\n<!-- \/ Yoast SEO plugin. -->","yoast_head_json":{"title":"CfP: Enlightenment and (In)equality - Schweizerische Gesellschaft f\u00fcr die Erforschung des 18. Jahrhunderts (SGEAJ - SSEDS)","robots":{"index":"index","follow":"follow","max-snippet":"max-snippet:-1","max-image-preview":"max-image-preview:large","max-video-preview":"max-video-preview:-1"},"canonical":"https:\/\/www.sgeaj.ch\/fr\/actualite\/cfp-enlightenment-and-inequality\/","twitter_misc":{"\u00c9crit par":"Mich\u00e8le Steiner","Dur\u00e9e de lecture estim\u00e9e":"4 minutes"},"schema":{"@context":"https:\/\/schema.org","@graph":[{"@type":"Article","@id":"https:\/\/www.sgeaj.ch\/fr\/actualite\/cfp-enlightenment-and-inequality\/#article","isPartOf":{"@id":"https:\/\/www.sgeaj.ch\/fr\/actualite\/cfp-enlightenment-and-inequality\/"},"author":{"name":"Mich\u00e8le Steiner","@id":"https:\/\/www.sgeaj.ch\/fr\/#\/schema\/person\/f9930dca12b3bd252d469f244e700c60"},"headline":"CfP: Enlightenment and (In)equality","datePublished":"2026-06-02T06:35:05+00:00","dateModified":"2026-06-02T06:52:35+00:00","mainEntityOfPage":{"@id":"https:\/\/www.sgeaj.ch\/fr\/actualite\/cfp-enlightenment-and-inequality\/"},"wordCount":565,"publisher":{"@id":"https:\/\/www.sgeaj.ch\/fr\/#organization"},"image":{"@id":"https:\/\/www.sgeaj.ch\/fr\/actualite\/cfp-enlightenment-and-inequality\/#primaryimage"},"thumbnailUrl":"https:\/\/www.sgeaj.ch\/wp-content\/uploads\/2026\/06\/cartel-congreso-english-compressed.png","keywords":["Call for Papers","Conference","Enlightenment","ISECS","Knowledge"],"articleSection":["Actualit\u00e9","Call for Papers"],"inLanguage":"fr-FR"},{"@type":"WebPage","@id":"https:\/\/www.sgeaj.ch\/fr\/actualite\/cfp-enlightenment-and-inequality\/","url":"https:\/\/www.sgeaj.ch\/fr\/actualite\/cfp-enlightenment-and-inequality\/","name":"CfP: Enlightenment and (In)equality - Schweizerische Gesellschaft f\u00fcr die Erforschung des 18. Jahrhunderts (SGEAJ - SSEDS)","isPartOf":{"@id":"https:\/\/www.sgeaj.ch\/fr\/#website"},"primaryImageOfPage":{"@id":"https:\/\/www.sgeaj.ch\/fr\/actualite\/cfp-enlightenment-and-inequality\/#primaryimage"},"image":{"@id":"https:\/\/www.sgeaj.ch\/fr\/actualite\/cfp-enlightenment-and-inequality\/#primaryimage"},"thumbnailUrl":"https:\/\/www.sgeaj.ch\/wp-content\/uploads\/2026\/06\/cartel-congreso-english-compressed.png","datePublished":"2026-06-02T06:35:05+00:00","dateModified":"2026-06-02T06:52:35+00:00","inLanguage":"fr-FR","potentialAction":[{"@type":"ReadAction","target":["https:\/\/www.sgeaj.ch\/fr\/actualite\/cfp-enlightenment-and-inequality\/"]}]},{"@type":"ImageObject","inLanguage":"fr-FR","@id":"https:\/\/www.sgeaj.ch\/fr\/actualite\/cfp-enlightenment-and-inequality\/#primaryimage","url":"https:\/\/www.sgeaj.ch\/wp-content\/uploads\/2026\/06\/cartel-congreso-english-compressed.png","contentUrl":"https:\/\/www.sgeaj.ch\/wp-content\/uploads\/2026\/06\/cartel-congreso-english-compressed.png","width":1417,"height":1984},{"@type":"WebSite","@id":"https:\/\/www.sgeaj.ch\/fr\/#website","url":"https:\/\/www.sgeaj.ch\/fr\/","name":"Schweizerische Gesellschaft f\u00fcr die Erforschung des 18. Jahrhunderts (SGEAJ - SSEDS)","description":"Schweizerische Gesellschaft f\u00fcr die Erforschung des 18. Jahrhunderts","publisher":{"@id":"https:\/\/www.sgeaj.ch\/fr\/#organization"},"potentialAction":[{"@type":"SearchAction","target":{"@type":"EntryPoint","urlTemplate":"https:\/\/www.sgeaj.ch\/fr\/?s={search_term_string}"},"query-input":{"@type":"PropertyValueSpecification","valueRequired":true,"valueName":"search_term_string"}}],"inLanguage":"fr-FR"},{"@type":"Organization","@id":"https:\/\/www.sgeaj.ch\/fr\/#organization","name":"Schweizerische Gesellschaft f\u00fcr die Erforschung des 18. Jahrhunderts (SGEAJ - SSEDS)","url":"https:\/\/www.sgeaj.ch\/fr\/","logo":{"@type":"ImageObject","inLanguage":"fr-FR","@id":"https:\/\/www.sgeaj.ch\/fr\/#\/schema\/logo\/image\/","url":"https:\/\/www.sgeaj.ch\/wp-content\/uploads\/2021\/06\/cropped-logo-xviiies-horiz-abreuviations-bleues.png","contentUrl":"https:\/\/www.sgeaj.ch\/wp-content\/uploads\/2021\/06\/cropped-logo-xviiies-horiz-abreuviations-bleues.png","width":659,"height":335,"caption":"Schweizerische Gesellschaft f\u00fcr die Erforschung des 18. Jahrhunderts (SGEAJ - SSEDS)"},"image":{"@id":"https:\/\/www.sgeaj.ch\/fr\/#\/schema\/logo\/image\/"}},{"@type":"Person","@id":"https:\/\/www.sgeaj.ch\/fr\/#\/schema\/person\/f9930dca12b3bd252d469f244e700c60","name":"Mich\u00e8le Steiner","url":"https:\/\/www.sgeaj.ch\/fr\/author\/msteiner\/"}]}},"_links":{"self":[{"href":"https:\/\/www.sgeaj.ch\/fr\/wp-json\/wp\/v2\/posts\/8522","targetHints":{"allow":["GET"]}}],"collection":[{"href":"https:\/\/www.sgeaj.ch\/fr\/wp-json\/wp\/v2\/posts"}],"about":[{"href":"https:\/\/www.sgeaj.ch\/fr\/wp-json\/wp\/v2\/types\/post"}],"author":[{"embeddable":true,"href":"https:\/\/www.sgeaj.ch\/fr\/wp-json\/wp\/v2\/users\/9"}],"replies":[{"embeddable":true,"href":"https:\/\/www.sgeaj.ch\/fr\/wp-json\/wp\/v2\/comments?post=8522"}],"version-history":[{"count":1,"href":"https:\/\/www.sgeaj.ch\/fr\/wp-json\/wp\/v2\/posts\/8522\/revisions"}],"predecessor-version":[{"id":8523,"href":"https:\/\/www.sgeaj.ch\/fr\/wp-json\/wp\/v2\/posts\/8522\/revisions\/8523"}],"wp:featuredmedia":[{"embeddable":true,"href":"https:\/\/www.sgeaj.ch\/fr\/wp-json\/wp\/v2\/media\/8512"}],"wp:attachment":[{"href":"https:\/\/www.sgeaj.ch\/fr\/wp-json\/wp\/v2\/media?parent=8522"}],"wp:term":[{"taxonomy":"category","embeddable":true,"href":"https:\/\/www.sgeaj.ch\/fr\/wp-json\/wp\/v2\/categories?post=8522"},{"taxonomy":"post_tag","embeddable":true,"href":"https:\/\/www.sgeaj.ch\/fr\/wp-json\/wp\/v2\/tags?post=8522"}],"curies":[{"name":"wp","href":"https:\/\/api.w.org\/{rel}","templated":true}]}}