{"id":8538,"date":"2026-08-12T09:07:26","date_gmt":"2026-08-12T07:07:26","guid":{"rendered":"https:\/\/www.sgeaj.ch\/?p=8538"},"modified":"2026-08-12T09:17:24","modified_gmt":"2026-08-12T07:17:24","slug":"cfp-demeler-les-lumieres-regards-croises-sur-le-xviiie-siecle","status":"publish","type":"post","link":"https:\/\/www.sgeaj.ch\/fr\/actualite\/cfp-demeler-les-lumieres-regards-croises-sur-le-xviiie-siecle\/","title":{"rendered":"CfP: D\u00e9m\u00ealer les Lumi\u00e8res\u00a0: Regards crois\u00e9s sur le XVIIIe si\u00e8cle"},"content":{"rendered":"\n<h3 class=\"wp-block-heading\">Le Ier Colloque international \u00ab D\u00e9m\u00ealer les Lumi\u00e8res : regards crois\u00e9s sur le XVIII\u1d49 si\u00e8cle \u00bb propose une r\u00e9flexion interdisciplinaire sur les savoirs, pratiques, repr\u00e9sentations et h\u00e9ritages des Lumi\u00e8res. Il se tiendra les 5 et 6 octobre 2026 \u00e0 la Facult\u00e9 des Lettres de l\u2019Universit\u00e9 du Pays Basque (EHU), \u00e0 Vitoria-Gasteiz. Les propositions de communication sont \u00e0 soumettre avant le 30 ao\u00fbt 2026.<\/h3>\n\n\n\n<p>Longtemps consid\u00e9r\u00e9es comme le fondement intellectuel de la modernit\u00e9 occidentale, les Lumi\u00e8res font aujourd\u2019hui l\u2019objet d\u2019une profonde relecture historiographique. Les approches issues notamment de l\u2019histoire culturelle et des savoirs, des \u00e9tudes litt\u00e9raires et de genre, des \u00e9tudes postcoloniales, de l\u2019histoire globale et des humanit\u00e9s environnementales ont contribu\u00e9 \u00e0 remettre en question une conception unitaire des Lumi\u00e8res fond\u00e9e sur la raison, le progr\u00e8s et l\u2019\u00e9mancipation. Celles-ci apparaissent d\u00e9sormais comme une constellation plurielle, travers\u00e9e par des circulations, des tensions, des appropriations et des contradictions, dont il convient d\u2019interroger la diversit\u00e9 des expressions, des temporalit\u00e9s et des espaces. Leur \u00e9tude ne se limite ainsi plus aux \u0153uvres canoniques et aux grandes figures philosophiques, mais englobe \u00e9galement les r\u00e9seaux \u00e9ditoriaux, les pratiques de sociabilit\u00e9, les traductions, les p\u00e9riodiques, les correspondances, les formes spectaculaires, les objets mat\u00e9riels et les cultures populaires. L\u2019attention port\u00e9e aux conditions concr\u00e8tes de production, de circulation et d\u2019appropriation des savoirs permet d\u00e8s lors d\u2019envisager le XVIIIe si\u00e8cle comme un espace d\u2019\u00e9changes, de m\u00e9diations et de transferts. Dans cette perspective, \u00ab d\u00e9m\u00ealer les Lumi\u00e8res \u00bb signifie en restituer aussi bien les lignes de force que les points de fracture, les continuit\u00e9s que les ruptures, en tenant compte des conditions historiques, sociales, mat\u00e9rielles et esth\u00e9tiques de leur \u00e9laboration. Il s\u2019agit \u00e9galement d\u2019interroger les cat\u00e9gories historiographiques, les r\u00e9seaux, les pratiques, les repr\u00e9sentations et les h\u00e9ritages qui ont fa\u00e7onn\u00e9 les Lumi\u00e8res et leurs usages. Une telle d\u00e9marche implique de croiser les \u00e9chelles, les corpus et les m\u00e9thodes, notamment pour saisir la coexistence entre discours universalistes et logiques de domination, d\u2019exclusion ou de r\u00e9sistance. C\u2019est dans cette perspective interdisciplinaire que s\u2019inscrit le colloque <em>D\u00e9m\u00ealer les Lumi\u00e8res : regards crois\u00e9s sur le XVIIIe si\u00e8cle<\/em>, qui entend favoriser le dialogue entre diff\u00e9rentes disciplines autour des formes de production, de circulation, d\u2019appropriation et de r\u00e9\u00e9laboration des savoirs, des pratiques et des repr\u00e9sentations du XVIIIe si\u00e8cle.<\/p>\n\n\n\n<h5 class=\"wp-block-heading\">Modalit\u00e9s pratiques et soumission<\/h5>\n\n\n\n<p>Le colloque se tiendra les 5 et 6 octobre 2026 \u00e0 la Facult\u00e9 des Lettres de l\u2019Universit\u00e9 du Pays Basque (EHU), \u00e0 Vitoria-Gasteiz. Les communications pourront \u00eatre pr\u00e9sent\u00e9es en fran\u00e7ais, espagnol, anglais ou basque. Les propositions, d\u2019une longueur de 300 \u00e0 500 mots, devront \u00eatre accompagn\u00e9es d\u2019une br\u00e8ve notice bio-bibliographique et envoy\u00e9es au plus tard le 30 ao\u00fbt 2026 aux trois adresses suivantes : <a href=\"ane.fernandez@ehu.eus\">ane.fernandez@ehu.eus<\/a>, <a href=\"eduardo.sanmartin@ehu.eus\" rel=\"nofollow\">eduardo.sanmartin@ehu.eus<\/a> et <a href=\"estibalizania.valle@ehu.eus\">estibalizania.valle@ehu.eus<\/a>. Les auteur\u00b7es seront inform\u00e9\u00b7es de l\u2019acceptation de leur proposition le 25 septembre 2026. Chaque communication disposera de 20 minutes, suivies d\u2019un temps de discussion. Enfin, la publication des actes du colloque est envisag\u00e9e.<\/p>\n\n\n\n<div data-wp-interactive=\"core\/file\" class=\"wp-block-file\"><object data-wp-bind--hidden=\"!state.hasPdfPreview\" hidden class=\"wp-block-file__embed\" data=\"https:\/\/www.sgeaj.ch\/wp-content\/uploads\/2026\/08\/2026-appel-a-communications-i-colloque-international-demeler-les-lumieres-regards-croises-sur-le-xviiie-siecle.pdf\" type=\"application\/pdf\" style=\"width:100%;height:600px\" aria-label=\"Contenu embarqu\u00e9 2026_APPEL A\u0300 COMMUNICATIONS - I Colloque International De\u0301me\u0302ler les Lumie\u0300res - regards croise\u0301s sur le XVIIIe sie\u0300cle.\"><\/object><a id=\"wp-block-file--media-1eb13125-e262-4719-8ec9-713ce0aafea6\" href=\"https:\/\/www.sgeaj.ch\/wp-content\/uploads\/2026\/08\/2026-appel-a-communications-i-colloque-international-demeler-les-lumieres-regards-croises-sur-le-xviiie-siecle.pdf\">2026_APPEL A\u0300 COMMUNICATIONS &#8211; I Colloque International De\u0301me\u0302ler les Lumie\u0300res &#8211; regards croise\u0301s sur le XVIIIe sie\u0300cle<\/a><a href=\"https:\/\/www.sgeaj.ch\/wp-content\/uploads\/2026\/08\/2026-appel-a-communications-i-colloque-international-demeler-les-lumieres-regards-croises-sur-le-xviiie-siecle.pdf\" class=\"wp-block-file__button wp-element-button\" download aria-describedby=\"wp-block-file--media-1eb13125-e262-4719-8ec9-713ce0aafea6\">Herunterladen<\/a><\/div>\n","protected":false},"excerpt":{"rendered":"<p>Le Ier Colloque international \u00ab D\u00e9m\u00ealer les Lumi\u00e8res : regards crois\u00e9s sur le XVIII\u1d49 si\u00e8cle \u00bb propose une r\u00e9flexion interdisciplinaire sur les savoirs, pratiques, repr\u00e9sentations et h\u00e9ritages des Lumi\u00e8res. Il se tiendra les 5 et 6 octobre 2026 \u00e0 la Facult\u00e9 des Lettres de l\u2019Universit\u00e9 du Pays Basque (EHU), \u00e0 Vitoria-Gasteiz. Les propositions de communication [&hellip;]<\/p>\n","protected":false},"author":9,"featured_media":8541,"comment_status":"closed","ping_status":"open","sticky":false,"template":"","format":"standard","meta":{"footnotes":""},"categories":[42,26],"tags":[60,67,161,137],"class_list":{"0":"post-8538","1":"post","2":"type-post","3":"status-publish","4":"format-standard","5":"has-post-thumbnail","7":"category-actualite","8":"category-call-for-papers-fr","9":"tag-call-for-papers-fr","10":"tag-enlightenment-fr","11":"tag-historiography-fr","12":"tag-science-fr","13":"czr-hentry"},"yoast_head":"<!-- This site is optimized with the Yoast SEO plugin v26.9 - https:\/\/yoast.com\/product\/yoast-seo-wordpress\/ -->\n<title>CfP: D\u00e9m\u00ealer les Lumi\u00e8res\u00a0: Regards crois\u00e9s sur le XVIIIe si\u00e8cle - Schweizerische Gesellschaft f\u00fcr die Erforschung des 18. Jahrhunderts (SGEAJ - SSEDS)<\/title>\n<meta name=\"robots\" content=\"index, follow, max-snippet:-1, max-image-preview:large, max-video-preview:-1\" \/>\n<link rel=\"canonical\" href=\"https:\/\/www.sgeaj.ch\/fr\/actualite\/cfp-demeler-les-lumieres-regards-croises-sur-le-xviiie-siecle\/\" \/>\n<meta name=\"twitter:label1\" content=\"\u00c9crit par\" \/>\n\t<meta name=\"twitter:data1\" content=\"Mich\u00e8le Steiner\" \/>\n\t<meta name=\"twitter:label2\" content=\"Dur\u00e9e de lecture estim\u00e9e\" \/>\n\t<meta name=\"twitter:data2\" content=\"3 minutes\" \/>\n<script type=\"application\/ld+json\" class=\"yoast-schema-graph\">{\"@context\":\"https:\/\/schema.org\",\"@graph\":[{\"@type\":\"Article\",\"@id\":\"https:\/\/www.sgeaj.ch\/fr\/actualite\/cfp-demeler-les-lumieres-regards-croises-sur-le-xviiie-siecle\/#article\",\"isPartOf\":{\"@id\":\"https:\/\/www.sgeaj.ch\/fr\/actualite\/cfp-demeler-les-lumieres-regards-croises-sur-le-xviiie-siecle\/\"},\"author\":{\"name\":\"Mich\u00e8le Steiner\",\"@id\":\"https:\/\/www.sgeaj.ch\/fr\/#\/schema\/person\/f9930dca12b3bd252d469f244e700c60\"},\"headline\":\"CfP: D\u00e9m\u00ealer les Lumi\u00e8res\u00a0: Regards crois\u00e9s sur le XVIIIe si\u00e8cle\",\"datePublished\":\"2026-08-12T07:07:26+00:00\",\"dateModified\":\"2026-08-12T07:17:24+00:00\",\"mainEntityOfPage\":{\"@id\":\"https:\/\/www.sgeaj.ch\/fr\/actualite\/cfp-demeler-les-lumieres-regards-croises-sur-le-xviiie-siecle\/\"},\"wordCount\":579,\"publisher\":{\"@id\":\"https:\/\/www.sgeaj.ch\/fr\/#organization\"},\"image\":{\"@id\":\"https:\/\/www.sgeaj.ch\/fr\/actualite\/cfp-demeler-les-lumieres-regards-croises-sur-le-xviiie-siecle\/#primaryimage\"},\"thumbnailUrl\":\"https:\/\/www.sgeaj.ch\/wp-content\/uploads\/2026\/08\/2026-cartel-demelerleslumieres-e1786517920836.jpg\",\"keywords\":[\"Call for Papers\",\"Enlightenment\",\"Historiography\",\"Science\"],\"articleSection\":[\"Actualit\u00e9\",\"Call for Papers\"],\"inLanguage\":\"fr-FR\"},{\"@type\":\"WebPage\",\"@id\":\"https:\/\/www.sgeaj.ch\/fr\/actualite\/cfp-demeler-les-lumieres-regards-croises-sur-le-xviiie-siecle\/\",\"url\":\"https:\/\/www.sgeaj.ch\/fr\/actualite\/cfp-demeler-les-lumieres-regards-croises-sur-le-xviiie-siecle\/\",\"name\":\"CfP: D\u00e9m\u00ealer les Lumi\u00e8res\u00a0: Regards crois\u00e9s sur le XVIIIe si\u00e8cle - Schweizerische Gesellschaft f\u00fcr die Erforschung des 18. Jahrhunderts (SGEAJ - SSEDS)\",\"isPartOf\":{\"@id\":\"https:\/\/www.sgeaj.ch\/fr\/#website\"},\"primaryImageOfPage\":{\"@id\":\"https:\/\/www.sgeaj.ch\/fr\/actualite\/cfp-demeler-les-lumieres-regards-croises-sur-le-xviiie-siecle\/#primaryimage\"},\"image\":{\"@id\":\"https:\/\/www.sgeaj.ch\/fr\/actualite\/cfp-demeler-les-lumieres-regards-croises-sur-le-xviiie-siecle\/#primaryimage\"},\"thumbnailUrl\":\"https:\/\/www.sgeaj.ch\/wp-content\/uploads\/2026\/08\/2026-cartel-demelerleslumieres-e1786517920836.jpg\",\"datePublished\":\"2026-08-12T07:07:26+00:00\",\"dateModified\":\"2026-08-12T07:17:24+00:00\",\"inLanguage\":\"fr-FR\",\"potentialAction\":[{\"@type\":\"ReadAction\",\"target\":[\"https:\/\/www.sgeaj.ch\/fr\/actualite\/cfp-demeler-les-lumieres-regards-croises-sur-le-xviiie-siecle\/\"]}]},{\"@type\":\"ImageObject\",\"inLanguage\":\"fr-FR\",\"@id\":\"https:\/\/www.sgeaj.ch\/fr\/actualite\/cfp-demeler-les-lumieres-regards-croises-sur-le-xviiie-siecle\/#primaryimage\",\"url\":\"https:\/\/www.sgeaj.ch\/wp-content\/uploads\/2026\/08\/2026-cartel-demelerleslumieres-e1786517920836.jpg\",\"contentUrl\":\"https:\/\/www.sgeaj.ch\/wp-content\/uploads\/2026\/08\/2026-cartel-demelerleslumieres-e1786517920836.jpg\",\"width\":1024,\"height\":1536},{\"@type\":\"WebSite\",\"@id\":\"https:\/\/www.sgeaj.ch\/fr\/#website\",\"url\":\"https:\/\/www.sgeaj.ch\/fr\/\",\"name\":\"Schweizerische Gesellschaft f\u00fcr die Erforschung des 18. Jahrhunderts (SGEAJ - SSEDS)\",\"description\":\"Schweizerische Gesellschaft f\u00fcr die Erforschung des 18. Jahrhunderts\",\"publisher\":{\"@id\":\"https:\/\/www.sgeaj.ch\/fr\/#organization\"},\"potentialAction\":[{\"@type\":\"SearchAction\",\"target\":{\"@type\":\"EntryPoint\",\"urlTemplate\":\"https:\/\/www.sgeaj.ch\/fr\/?s={search_term_string}\"},\"query-input\":{\"@type\":\"PropertyValueSpecification\",\"valueRequired\":true,\"valueName\":\"search_term_string\"}}],\"inLanguage\":\"fr-FR\"},{\"@type\":\"Organization\",\"@id\":\"https:\/\/www.sgeaj.ch\/fr\/#organization\",\"name\":\"Schweizerische Gesellschaft f\u00fcr die Erforschung des 18. Jahrhunderts (SGEAJ - SSEDS)\",\"url\":\"https:\/\/www.sgeaj.ch\/fr\/\",\"logo\":{\"@type\":\"ImageObject\",\"inLanguage\":\"fr-FR\",\"@id\":\"https:\/\/www.sgeaj.ch\/fr\/#\/schema\/logo\/image\/\",\"url\":\"https:\/\/www.sgeaj.ch\/wp-content\/uploads\/2021\/06\/cropped-logo-xviiies-horiz-abreuviations-bleues.png\",\"contentUrl\":\"https:\/\/www.sgeaj.ch\/wp-content\/uploads\/2021\/06\/cropped-logo-xviiies-horiz-abreuviations-bleues.png\",\"width\":659,\"height\":335,\"caption\":\"Schweizerische Gesellschaft f\u00fcr die Erforschung des 18. Jahrhunderts (SGEAJ - SSEDS)\"},\"image\":{\"@id\":\"https:\/\/www.sgeaj.ch\/fr\/#\/schema\/logo\/image\/\"}},{\"@type\":\"Person\",\"@id\":\"https:\/\/www.sgeaj.ch\/fr\/#\/schema\/person\/f9930dca12b3bd252d469f244e700c60\",\"name\":\"Mich\u00e8le Steiner\",\"url\":\"https:\/\/www.sgeaj.ch\/fr\/author\/msteiner\/\"}]}<\/script>\n<!-- \/ Yoast SEO plugin. -->","yoast_head_json":{"title":"CfP: D\u00e9m\u00ealer les Lumi\u00e8res\u00a0: Regards crois\u00e9s sur le XVIIIe si\u00e8cle - Schweizerische Gesellschaft f\u00fcr die Erforschung des 18. Jahrhunderts (SGEAJ - SSEDS)","robots":{"index":"index","follow":"follow","max-snippet":"max-snippet:-1","max-image-preview":"max-image-preview:large","max-video-preview":"max-video-preview:-1"},"canonical":"https:\/\/www.sgeaj.ch\/fr\/actualite\/cfp-demeler-les-lumieres-regards-croises-sur-le-xviiie-siecle\/","twitter_misc":{"\u00c9crit par":"Mich\u00e8le Steiner","Dur\u00e9e de lecture estim\u00e9e":"3 minutes"},"schema":{"@context":"https:\/\/schema.org","@graph":[{"@type":"Article","@id":"https:\/\/www.sgeaj.ch\/fr\/actualite\/cfp-demeler-les-lumieres-regards-croises-sur-le-xviiie-siecle\/#article","isPartOf":{"@id":"https:\/\/www.sgeaj.ch\/fr\/actualite\/cfp-demeler-les-lumieres-regards-croises-sur-le-xviiie-siecle\/"},"author":{"name":"Mich\u00e8le Steiner","@id":"https:\/\/www.sgeaj.ch\/fr\/#\/schema\/person\/f9930dca12b3bd252d469f244e700c60"},"headline":"CfP: D\u00e9m\u00ealer les Lumi\u00e8res\u00a0: Regards crois\u00e9s sur le XVIIIe si\u00e8cle","datePublished":"2026-08-12T07:07:26+00:00","dateModified":"2026-08-12T07:17:24+00:00","mainEntityOfPage":{"@id":"https:\/\/www.sgeaj.ch\/fr\/actualite\/cfp-demeler-les-lumieres-regards-croises-sur-le-xviiie-siecle\/"},"wordCount":579,"publisher":{"@id":"https:\/\/www.sgeaj.ch\/fr\/#organization"},"image":{"@id":"https:\/\/www.sgeaj.ch\/fr\/actualite\/cfp-demeler-les-lumieres-regards-croises-sur-le-xviiie-siecle\/#primaryimage"},"thumbnailUrl":"https:\/\/www.sgeaj.ch\/wp-content\/uploads\/2026\/08\/2026-cartel-demelerleslumieres-e1786517920836.jpg","keywords":["Call for Papers","Enlightenment","Historiography","Science"],"articleSection":["Actualit\u00e9","Call for Papers"],"inLanguage":"fr-FR"},{"@type":"WebPage","@id":"https:\/\/www.sgeaj.ch\/fr\/actualite\/cfp-demeler-les-lumieres-regards-croises-sur-le-xviiie-siecle\/","url":"https:\/\/www.sgeaj.ch\/fr\/actualite\/cfp-demeler-les-lumieres-regards-croises-sur-le-xviiie-siecle\/","name":"CfP: D\u00e9m\u00ealer les Lumi\u00e8res\u00a0: Regards crois\u00e9s sur le XVIIIe si\u00e8cle - Schweizerische Gesellschaft f\u00fcr die Erforschung des 18. Jahrhunderts (SGEAJ - SSEDS)","isPartOf":{"@id":"https:\/\/www.sgeaj.ch\/fr\/#website"},"primaryImageOfPage":{"@id":"https:\/\/www.sgeaj.ch\/fr\/actualite\/cfp-demeler-les-lumieres-regards-croises-sur-le-xviiie-siecle\/#primaryimage"},"image":{"@id":"https:\/\/www.sgeaj.ch\/fr\/actualite\/cfp-demeler-les-lumieres-regards-croises-sur-le-xviiie-siecle\/#primaryimage"},"thumbnailUrl":"https:\/\/www.sgeaj.ch\/wp-content\/uploads\/2026\/08\/2026-cartel-demelerleslumieres-e1786517920836.jpg","datePublished":"2026-08-12T07:07:26+00:00","dateModified":"2026-08-12T07:17:24+00:00","inLanguage":"fr-FR","potentialAction":[{"@type":"ReadAction","target":["https:\/\/www.sgeaj.ch\/fr\/actualite\/cfp-demeler-les-lumieres-regards-croises-sur-le-xviiie-siecle\/"]}]},{"@type":"ImageObject","inLanguage":"fr-FR","@id":"https:\/\/www.sgeaj.ch\/fr\/actualite\/cfp-demeler-les-lumieres-regards-croises-sur-le-xviiie-siecle\/#primaryimage","url":"https:\/\/www.sgeaj.ch\/wp-content\/uploads\/2026\/08\/2026-cartel-demelerleslumieres-e1786517920836.jpg","contentUrl":"https:\/\/www.sgeaj.ch\/wp-content\/uploads\/2026\/08\/2026-cartel-demelerleslumieres-e1786517920836.jpg","width":1024,"height":1536},{"@type":"WebSite","@id":"https:\/\/www.sgeaj.ch\/fr\/#website","url":"https:\/\/www.sgeaj.ch\/fr\/","name":"Schweizerische Gesellschaft f\u00fcr die Erforschung des 18. Jahrhunderts (SGEAJ - SSEDS)","description":"Schweizerische Gesellschaft f\u00fcr die Erforschung des 18. Jahrhunderts","publisher":{"@id":"https:\/\/www.sgeaj.ch\/fr\/#organization"},"potentialAction":[{"@type":"SearchAction","target":{"@type":"EntryPoint","urlTemplate":"https:\/\/www.sgeaj.ch\/fr\/?s={search_term_string}"},"query-input":{"@type":"PropertyValueSpecification","valueRequired":true,"valueName":"search_term_string"}}],"inLanguage":"fr-FR"},{"@type":"Organization","@id":"https:\/\/www.sgeaj.ch\/fr\/#organization","name":"Schweizerische Gesellschaft f\u00fcr die Erforschung des 18. Jahrhunderts (SGEAJ - SSEDS)","url":"https:\/\/www.sgeaj.ch\/fr\/","logo":{"@type":"ImageObject","inLanguage":"fr-FR","@id":"https:\/\/www.sgeaj.ch\/fr\/#\/schema\/logo\/image\/","url":"https:\/\/www.sgeaj.ch\/wp-content\/uploads\/2021\/06\/cropped-logo-xviiies-horiz-abreuviations-bleues.png","contentUrl":"https:\/\/www.sgeaj.ch\/wp-content\/uploads\/2021\/06\/cropped-logo-xviiies-horiz-abreuviations-bleues.png","width":659,"height":335,"caption":"Schweizerische Gesellschaft f\u00fcr die Erforschung des 18. Jahrhunderts (SGEAJ - SSEDS)"},"image":{"@id":"https:\/\/www.sgeaj.ch\/fr\/#\/schema\/logo\/image\/"}},{"@type":"Person","@id":"https:\/\/www.sgeaj.ch\/fr\/#\/schema\/person\/f9930dca12b3bd252d469f244e700c60","name":"Mich\u00e8le Steiner","url":"https:\/\/www.sgeaj.ch\/fr\/author\/msteiner\/"}]}},"_links":{"self":[{"href":"https:\/\/www.sgeaj.ch\/fr\/wp-json\/wp\/v2\/posts\/8538","targetHints":{"allow":["GET"]}}],"collection":[{"href":"https:\/\/www.sgeaj.ch\/fr\/wp-json\/wp\/v2\/posts"}],"about":[{"href":"https:\/\/www.sgeaj.ch\/fr\/wp-json\/wp\/v2\/types\/post"}],"author":[{"embeddable":true,"href":"https:\/\/www.sgeaj.ch\/fr\/wp-json\/wp\/v2\/users\/9"}],"replies":[{"embeddable":true,"href":"https:\/\/www.sgeaj.ch\/fr\/wp-json\/wp\/v2\/comments?post=8538"}],"version-history":[{"count":2,"href":"https:\/\/www.sgeaj.ch\/fr\/wp-json\/wp\/v2\/posts\/8538\/revisions"}],"predecessor-version":[{"id":8545,"href":"https:\/\/www.sgeaj.ch\/fr\/wp-json\/wp\/v2\/posts\/8538\/revisions\/8545"}],"wp:featuredmedia":[{"embeddable":true,"href":"https:\/\/www.sgeaj.ch\/fr\/wp-json\/wp\/v2\/media\/8541"}],"wp:attachment":[{"href":"https:\/\/www.sgeaj.ch\/fr\/wp-json\/wp\/v2\/media?parent=8538"}],"wp:term":[{"taxonomy":"category","embeddable":true,"href":"https:\/\/www.sgeaj.ch\/fr\/wp-json\/wp\/v2\/categories?post=8538"},{"taxonomy":"post_tag","embeddable":true,"href":"https:\/\/www.sgeaj.ch\/fr\/wp-json\/wp\/v2\/tags?post=8538"}],"curies":[{"name":"wp","href":"https:\/\/api.w.org\/{rel}","templated":true}]}}