{"id":8550,"date":"2026-08-12T09:14:15","date_gmt":"2026-08-12T07:14:15","guid":{"rendered":"https:\/\/www.sgeaj.ch\/?p=8550"},"modified":"2026-08-12T09:14:19","modified_gmt":"2026-08-12T07:14:19","slug":"von-der-wunderkammer-zum-passepartout","status":"publish","type":"post","link":"https:\/\/www.sgeaj.ch\/fr\/actualite\/von-der-wunderkammer-zum-passepartout\/","title":{"rendered":"Von der Wunderkammer zum Passepartout"},"content":{"rendered":"\n<h3 class=\"wp-block-heading\">Claudia Engler (Hrsg.), Von der Wunderkammer zum Archiv. Die Burgerbibliothek Bern (Passepartout, Bd. 13), Bern: St\u00e4mpfli Verlag, 2026.<\/h3>\n\n\n\n<p>Die Burgerbibliothek Bern besass seit dem 17. Jahrhundert eine Wunderkammer. Die Sammlungen umfassten antike Fundst\u00fccke, Kunst- und kunsthandwerkliche Objekte sowie ein Naturalienkabinett. Die Wunderkammer sollte die Welt in ihrer Gesamtheit veranschaulichen, diente aber ebenso der Inszenierung von Wissen wie der obrigkeitlichen Repr\u00e4sentation. Im 19. Jahrhundert l\u00f6ste sich die Sammlung auf und ging an spezialisierte museale Institutionen \u00fcber. &nbsp;<\/p>\n\n\n\n<p>Der vorliegende Band der Reihe \u00abPassepartout\u00bb entstand in Zusammenarbeit mit den Lehrst\u00fchlen f\u00fcr Kunstgeschichte der Fr\u00fchen Neuzeit der Universit\u00e4ten Bern und Neuch\u00e2tel. Er schildert die Urspr\u00fcnge und Wandlungen der Berner Wunderkammer und kontextualisiert exemplarisch einzelne Sammlungsobjekte neu.&nbsp;<\/p>\n\n\n\n<p><br>Das Passepartout ist ab September im Buchhandel oder direkt beim <a href=\"https:\/\/staempflirecht.ch\/von-der-wunderkammer-zum-archiv\/ean-9783727227950\" target=\"_blank\" rel=\"noreferrer noopener\">Verlag St\u00e4mpfli<\/a> erh\u00e4ltlich.<\/p>\n","protected":false},"excerpt":{"rendered":"<p>Claudia Engler (Hrsg.), Von der Wunderkammer zum Archiv. Die Burgerbibliothek Bern (Passepartout, Bd. 13), Bern: St\u00e4mpfli Verlag, 2026. Die Burgerbibliothek Bern besass seit dem 17. Jahrhundert eine Wunderkammer. Die Sammlungen umfassten antike Fundst\u00fccke, Kunst- und kunsthandwerkliche Objekte sowie ein Naturalienkabinett. Die Wunderkammer sollte die Welt in ihrer Gesamtheit veranschaulichen, diente aber ebenso der Inszenierung von [&hellip;]<\/p>\n","protected":false},"author":9,"featured_media":8548,"comment_status":"closed","ping_status":"open","sticky":false,"template":"","format":"standard","meta":{"footnotes":""},"categories":[42,25],"tags":[61,73,68,91],"class_list":{"0":"post-8550","1":"post","2":"type-post","3":"status-publish","4":"format-standard","5":"has-post-thumbnail","7":"category-actualite","8":"category-nouvelles-publications","9":"tag-early-modern-period-fr","10":"tag-exhibition-fr","11":"tag-knowledge-fr","12":"tag-publication-fr","13":"czr-hentry"},"yoast_head":"<!-- This site is optimized with the Yoast SEO plugin v26.9 - https:\/\/yoast.com\/product\/yoast-seo-wordpress\/ -->\n<title>Von der Wunderkammer zum Passepartout - Schweizerische Gesellschaft f\u00fcr die Erforschung des 18. Jahrhunderts (SGEAJ - SSEDS)<\/title>\n<meta name=\"robots\" content=\"index, follow, max-snippet:-1, max-image-preview:large, max-video-preview:-1\" \/>\n<link rel=\"canonical\" href=\"https:\/\/www.sgeaj.ch\/fr\/actualite\/von-der-wunderkammer-zum-passepartout\/\" \/>\n<meta name=\"twitter:label1\" content=\"\u00c9crit par\" \/>\n\t<meta name=\"twitter:data1\" content=\"Mich\u00e8le Steiner\" \/>\n\t<meta name=\"twitter:label2\" content=\"Dur\u00e9e de lecture estim\u00e9e\" \/>\n\t<meta name=\"twitter:data2\" content=\"1 minute\" \/>\n<script type=\"application\/ld+json\" class=\"yoast-schema-graph\">{\"@context\":\"https:\/\/schema.org\",\"@graph\":[{\"@type\":\"Article\",\"@id\":\"https:\/\/www.sgeaj.ch\/fr\/actualite\/von-der-wunderkammer-zum-passepartout\/#article\",\"isPartOf\":{\"@id\":\"https:\/\/www.sgeaj.ch\/fr\/actualite\/von-der-wunderkammer-zum-passepartout\/\"},\"author\":{\"name\":\"Mich\u00e8le Steiner\",\"@id\":\"https:\/\/www.sgeaj.ch\/fr\/#\/schema\/person\/f9930dca12b3bd252d469f244e700c60\"},\"headline\":\"Von der Wunderkammer zum Passepartout\",\"datePublished\":\"2026-08-12T07:14:15+00:00\",\"dateModified\":\"2026-08-12T07:14:19+00:00\",\"mainEntityOfPage\":{\"@id\":\"https:\/\/www.sgeaj.ch\/fr\/actualite\/von-der-wunderkammer-zum-passepartout\/\"},\"wordCount\":140,\"publisher\":{\"@id\":\"https:\/\/www.sgeaj.ch\/fr\/#organization\"},\"image\":{\"@id\":\"https:\/\/www.sgeaj.ch\/fr\/actualite\/von-der-wunderkammer-zum-passepartout\/#primaryimage\"},\"thumbnailUrl\":\"https:\/\/www.sgeaj.ch\/wp-content\/uploads\/2026\/08\/passepartout-burgerbibliothek.png\",\"keywords\":[\"Early Modern Period\",\"Exhibition\",\"Knowledge\",\"Publication\"],\"articleSection\":[\"Actualit\u00e9\",\"Nouvelles publications\"],\"inLanguage\":\"fr-FR\"},{\"@type\":\"WebPage\",\"@id\":\"https:\/\/www.sgeaj.ch\/fr\/actualite\/von-der-wunderkammer-zum-passepartout\/\",\"url\":\"https:\/\/www.sgeaj.ch\/fr\/actualite\/von-der-wunderkammer-zum-passepartout\/\",\"name\":\"Von der Wunderkammer zum Passepartout - Schweizerische Gesellschaft f\u00fcr die Erforschung des 18. Jahrhunderts (SGEAJ - SSEDS)\",\"isPartOf\":{\"@id\":\"https:\/\/www.sgeaj.ch\/fr\/#website\"},\"primaryImageOfPage\":{\"@id\":\"https:\/\/www.sgeaj.ch\/fr\/actualite\/von-der-wunderkammer-zum-passepartout\/#primaryimage\"},\"image\":{\"@id\":\"https:\/\/www.sgeaj.ch\/fr\/actualite\/von-der-wunderkammer-zum-passepartout\/#primaryimage\"},\"thumbnailUrl\":\"https:\/\/www.sgeaj.ch\/wp-content\/uploads\/2026\/08\/passepartout-burgerbibliothek.png\",\"datePublished\":\"2026-08-12T07:14:15+00:00\",\"dateModified\":\"2026-08-12T07:14:19+00:00\",\"inLanguage\":\"fr-FR\",\"potentialAction\":[{\"@type\":\"ReadAction\",\"target\":[\"https:\/\/www.sgeaj.ch\/fr\/actualite\/von-der-wunderkammer-zum-passepartout\/\"]}]},{\"@type\":\"ImageObject\",\"inLanguage\":\"fr-FR\",\"@id\":\"https:\/\/www.sgeaj.ch\/fr\/actualite\/von-der-wunderkammer-zum-passepartout\/#primaryimage\",\"url\":\"https:\/\/www.sgeaj.ch\/wp-content\/uploads\/2026\/08\/passepartout-burgerbibliothek.png\",\"contentUrl\":\"https:\/\/www.sgeaj.ch\/wp-content\/uploads\/2026\/08\/passepartout-burgerbibliothek.png\",\"width\":912,\"height\":986},{\"@type\":\"WebSite\",\"@id\":\"https:\/\/www.sgeaj.ch\/fr\/#website\",\"url\":\"https:\/\/www.sgeaj.ch\/fr\/\",\"name\":\"Schweizerische Gesellschaft f\u00fcr die Erforschung des 18. Jahrhunderts (SGEAJ - SSEDS)\",\"description\":\"Schweizerische Gesellschaft f\u00fcr die Erforschung des 18. Jahrhunderts\",\"publisher\":{\"@id\":\"https:\/\/www.sgeaj.ch\/fr\/#organization\"},\"potentialAction\":[{\"@type\":\"SearchAction\",\"target\":{\"@type\":\"EntryPoint\",\"urlTemplate\":\"https:\/\/www.sgeaj.ch\/fr\/?s={search_term_string}\"},\"query-input\":{\"@type\":\"PropertyValueSpecification\",\"valueRequired\":true,\"valueName\":\"search_term_string\"}}],\"inLanguage\":\"fr-FR\"},{\"@type\":\"Organization\",\"@id\":\"https:\/\/www.sgeaj.ch\/fr\/#organization\",\"name\":\"Schweizerische Gesellschaft f\u00fcr die Erforschung des 18. Jahrhunderts (SGEAJ - SSEDS)\",\"url\":\"https:\/\/www.sgeaj.ch\/fr\/\",\"logo\":{\"@type\":\"ImageObject\",\"inLanguage\":\"fr-FR\",\"@id\":\"https:\/\/www.sgeaj.ch\/fr\/#\/schema\/logo\/image\/\",\"url\":\"https:\/\/www.sgeaj.ch\/wp-content\/uploads\/2021\/06\/cropped-logo-xviiies-horiz-abreuviations-bleues.png\",\"contentUrl\":\"https:\/\/www.sgeaj.ch\/wp-content\/uploads\/2021\/06\/cropped-logo-xviiies-horiz-abreuviations-bleues.png\",\"width\":659,\"height\":335,\"caption\":\"Schweizerische Gesellschaft f\u00fcr die Erforschung des 18. Jahrhunderts (SGEAJ - SSEDS)\"},\"image\":{\"@id\":\"https:\/\/www.sgeaj.ch\/fr\/#\/schema\/logo\/image\/\"}},{\"@type\":\"Person\",\"@id\":\"https:\/\/www.sgeaj.ch\/fr\/#\/schema\/person\/f9930dca12b3bd252d469f244e700c60\",\"name\":\"Mich\u00e8le Steiner\",\"url\":\"https:\/\/www.sgeaj.ch\/fr\/author\/msteiner\/\"}]}<\/script>\n<!-- \/ Yoast SEO plugin. -->","yoast_head_json":{"title":"Von der Wunderkammer zum Passepartout - Schweizerische Gesellschaft f\u00fcr die Erforschung des 18. Jahrhunderts (SGEAJ - SSEDS)","robots":{"index":"index","follow":"follow","max-snippet":"max-snippet:-1","max-image-preview":"max-image-preview:large","max-video-preview":"max-video-preview:-1"},"canonical":"https:\/\/www.sgeaj.ch\/fr\/actualite\/von-der-wunderkammer-zum-passepartout\/","twitter_misc":{"\u00c9crit par":"Mich\u00e8le Steiner","Dur\u00e9e de lecture estim\u00e9e":"1 minute"},"schema":{"@context":"https:\/\/schema.org","@graph":[{"@type":"Article","@id":"https:\/\/www.sgeaj.ch\/fr\/actualite\/von-der-wunderkammer-zum-passepartout\/#article","isPartOf":{"@id":"https:\/\/www.sgeaj.ch\/fr\/actualite\/von-der-wunderkammer-zum-passepartout\/"},"author":{"name":"Mich\u00e8le Steiner","@id":"https:\/\/www.sgeaj.ch\/fr\/#\/schema\/person\/f9930dca12b3bd252d469f244e700c60"},"headline":"Von der Wunderkammer zum Passepartout","datePublished":"2026-08-12T07:14:15+00:00","dateModified":"2026-08-12T07:14:19+00:00","mainEntityOfPage":{"@id":"https:\/\/www.sgeaj.ch\/fr\/actualite\/von-der-wunderkammer-zum-passepartout\/"},"wordCount":140,"publisher":{"@id":"https:\/\/www.sgeaj.ch\/fr\/#organization"},"image":{"@id":"https:\/\/www.sgeaj.ch\/fr\/actualite\/von-der-wunderkammer-zum-passepartout\/#primaryimage"},"thumbnailUrl":"https:\/\/www.sgeaj.ch\/wp-content\/uploads\/2026\/08\/passepartout-burgerbibliothek.png","keywords":["Early Modern Period","Exhibition","Knowledge","Publication"],"articleSection":["Actualit\u00e9","Nouvelles publications"],"inLanguage":"fr-FR"},{"@type":"WebPage","@id":"https:\/\/www.sgeaj.ch\/fr\/actualite\/von-der-wunderkammer-zum-passepartout\/","url":"https:\/\/www.sgeaj.ch\/fr\/actualite\/von-der-wunderkammer-zum-passepartout\/","name":"Von der Wunderkammer zum Passepartout - Schweizerische Gesellschaft f\u00fcr die Erforschung des 18. Jahrhunderts (SGEAJ - SSEDS)","isPartOf":{"@id":"https:\/\/www.sgeaj.ch\/fr\/#website"},"primaryImageOfPage":{"@id":"https:\/\/www.sgeaj.ch\/fr\/actualite\/von-der-wunderkammer-zum-passepartout\/#primaryimage"},"image":{"@id":"https:\/\/www.sgeaj.ch\/fr\/actualite\/von-der-wunderkammer-zum-passepartout\/#primaryimage"},"thumbnailUrl":"https:\/\/www.sgeaj.ch\/wp-content\/uploads\/2026\/08\/passepartout-burgerbibliothek.png","datePublished":"2026-08-12T07:14:15+00:00","dateModified":"2026-08-12T07:14:19+00:00","inLanguage":"fr-FR","potentialAction":[{"@type":"ReadAction","target":["https:\/\/www.sgeaj.ch\/fr\/actualite\/von-der-wunderkammer-zum-passepartout\/"]}]},{"@type":"ImageObject","inLanguage":"fr-FR","@id":"https:\/\/www.sgeaj.ch\/fr\/actualite\/von-der-wunderkammer-zum-passepartout\/#primaryimage","url":"https:\/\/www.sgeaj.ch\/wp-content\/uploads\/2026\/08\/passepartout-burgerbibliothek.png","contentUrl":"https:\/\/www.sgeaj.ch\/wp-content\/uploads\/2026\/08\/passepartout-burgerbibliothek.png","width":912,"height":986},{"@type":"WebSite","@id":"https:\/\/www.sgeaj.ch\/fr\/#website","url":"https:\/\/www.sgeaj.ch\/fr\/","name":"Schweizerische Gesellschaft f\u00fcr die Erforschung des 18. Jahrhunderts (SGEAJ - SSEDS)","description":"Schweizerische Gesellschaft f\u00fcr die Erforschung des 18. Jahrhunderts","publisher":{"@id":"https:\/\/www.sgeaj.ch\/fr\/#organization"},"potentialAction":[{"@type":"SearchAction","target":{"@type":"EntryPoint","urlTemplate":"https:\/\/www.sgeaj.ch\/fr\/?s={search_term_string}"},"query-input":{"@type":"PropertyValueSpecification","valueRequired":true,"valueName":"search_term_string"}}],"inLanguage":"fr-FR"},{"@type":"Organization","@id":"https:\/\/www.sgeaj.ch\/fr\/#organization","name":"Schweizerische Gesellschaft f\u00fcr die Erforschung des 18. Jahrhunderts (SGEAJ - SSEDS)","url":"https:\/\/www.sgeaj.ch\/fr\/","logo":{"@type":"ImageObject","inLanguage":"fr-FR","@id":"https:\/\/www.sgeaj.ch\/fr\/#\/schema\/logo\/image\/","url":"https:\/\/www.sgeaj.ch\/wp-content\/uploads\/2021\/06\/cropped-logo-xviiies-horiz-abreuviations-bleues.png","contentUrl":"https:\/\/www.sgeaj.ch\/wp-content\/uploads\/2021\/06\/cropped-logo-xviiies-horiz-abreuviations-bleues.png","width":659,"height":335,"caption":"Schweizerische Gesellschaft f\u00fcr die Erforschung des 18. Jahrhunderts (SGEAJ - SSEDS)"},"image":{"@id":"https:\/\/www.sgeaj.ch\/fr\/#\/schema\/logo\/image\/"}},{"@type":"Person","@id":"https:\/\/www.sgeaj.ch\/fr\/#\/schema\/person\/f9930dca12b3bd252d469f244e700c60","name":"Mich\u00e8le Steiner","url":"https:\/\/www.sgeaj.ch\/fr\/author\/msteiner\/"}]}},"_links":{"self":[{"href":"https:\/\/www.sgeaj.ch\/fr\/wp-json\/wp\/v2\/posts\/8550","targetHints":{"allow":["GET"]}}],"collection":[{"href":"https:\/\/www.sgeaj.ch\/fr\/wp-json\/wp\/v2\/posts"}],"about":[{"href":"https:\/\/www.sgeaj.ch\/fr\/wp-json\/wp\/v2\/types\/post"}],"author":[{"embeddable":true,"href":"https:\/\/www.sgeaj.ch\/fr\/wp-json\/wp\/v2\/users\/9"}],"replies":[{"embeddable":true,"href":"https:\/\/www.sgeaj.ch\/fr\/wp-json\/wp\/v2\/comments?post=8550"}],"version-history":[{"count":1,"href":"https:\/\/www.sgeaj.ch\/fr\/wp-json\/wp\/v2\/posts\/8550\/revisions"}],"predecessor-version":[{"id":8551,"href":"https:\/\/www.sgeaj.ch\/fr\/wp-json\/wp\/v2\/posts\/8550\/revisions\/8551"}],"wp:featuredmedia":[{"embeddable":true,"href":"https:\/\/www.sgeaj.ch\/fr\/wp-json\/wp\/v2\/media\/8548"}],"wp:attachment":[{"href":"https:\/\/www.sgeaj.ch\/fr\/wp-json\/wp\/v2\/media?parent=8550"}],"wp:term":[{"taxonomy":"category","embeddable":true,"href":"https:\/\/www.sgeaj.ch\/fr\/wp-json\/wp\/v2\/categories?post=8550"},{"taxonomy":"post_tag","embeddable":true,"href":"https:\/\/www.sgeaj.ch\/fr\/wp-json\/wp\/v2\/tags?post=8550"}],"curies":[{"name":"wp","href":"https:\/\/api.w.org\/{rel}","templated":true}]}}