{"id":8561,"date":"2026-08-25T08:57:58","date_gmt":"2026-08-25T06:57:58","guid":{"rendered":"https:\/\/www.sgeaj.ch\/?p=8561"},"modified":"2026-08-25T08:58:01","modified_gmt":"2026-08-25T06:58:01","slug":"cfp-jean-jacques-rousseau-the-250th-anniversary-of-his-death","status":"publish","type":"post","link":"https:\/\/www.sgeaj.ch\/fr\/actualite\/cfp-jean-jacques-rousseau-the-250th-anniversary-of-his-death\/","title":{"rendered":"CfP: Jean-Jacques Rousseau \u2013 The 250th Anniversary of His Death"},"content":{"rendered":"\n<h3 class=\"wp-block-heading\">Marking the 250th anniversary of Jean-Jacques Rousseau\u2019s death in 2028, this special issue of <em>conexus<\/em> explores the remarkable breadth of his thought and work. Moving beyond his contributions to political philosophy, it invites interdisciplinary perspectives on lesser-known aspects of his engagement with culture, education, music, literature, religion, science, and beyond.<\/h3>\n\n\n\n<p>On 2 July 2028, it will be 250 years since the death of Jean-Jacques Rousseau, citizen of the Republic of Geneva and later of the Principality of Neuch\u00e2tel. Rousseau is regarded as one of the most important figures of the European Enlightenment. As a social and state philosopher, he had a lasting impact on modern political thought; in particular, his reflections on freedom and democracy exerted an influence far beyond his own time. His writings had a considerable influence on the French Revolution.<\/p>\n\n\n\n<p>However, Rousseau, who was frequently attacked and persecuted and led a restless life, was far more than a political thinker. He was a critic of culture and civilisation, an educational theorist and pedagogue, a music theorist and opera composer, as well as the author of novels and theatre plays. Furthermore, he explored questions of the philosophy of religion, as well as the role and education of women. He received training in mathematics and geometry, pursued botanical studies and, at certain times, also engaged with chemistry.<\/p>\n\n\n\n<p>Rousseau\u2019s reputation as a philosopher has, to some extent, overshadowed the diversity of his work. The <a href=\"https:\/\/www.hope.uzh.ch\/conexus\" target=\"_blank\" rel=\"noreferrer noopener\">journal <em>conexus<\/em><\/a>, whose name \u2013 connections and interrelationships \u2013 is programmatic of its interdisciplinary approach, would like its issue devoted to Rousseau to focus in particular on lesser-known aspects of his thought and work. We therefore invite contributions not only from researchers in the fields of philosophy and political theory, but also from musicology, pedagogy, literary studies, religious studies and theology, as well as the history of science. Historical and biographical studies, as well as those examining the history of Rousseau\u2019s influence, are also expressly welcome.<\/p>\n\n\n\n<p>The early publication of this call for papers is intended to give interested researchers the opportunity to gather new results for their contributions. Colleagues from all disciplines are invited to participate. Manuscripts may be submitted in the national languages German or French, or in English.<\/p>\n\n\n\n<div class=\"wp-block-columns is-layout-flex wp-container-core-columns-is-layout-9d6595d7 wp-block-columns-is-layout-flex\">\n<div class=\"wp-block-column is-layout-flow wp-block-column-is-layout-flow\" style=\"flex-basis:33.33%\">\n<p><strong>Title Submission<\/strong><\/p>\n\n\n\n<p><strong>Submission Deadline<\/strong><\/p>\n\n\n\n<p><strong>Manuscript Submission<\/strong><\/p>\n\n\n\n<p><strong>Peer Review<\/strong><\/p>\n\n\n\n<p><strong>Scope<\/strong><\/p>\n\n\n\n<p><strong>Abstract<\/strong><\/p>\n\n\n\n<p><strong>Publication<\/strong><\/p>\n<\/div>\n\n\n\n<div class=\"wp-block-column is-layout-flow wp-block-column-is-layout-flow\" style=\"flex-basis:66.66%\">\n<p>31 December 2026<\/p>\n\n\n\n<p>31 August 2027<\/p>\n\n\n\n<p>Prof. Dr. Wolfgang Rother (<a href=\"mailto:wolfgang.rother@philos.uzh.ch\">wolfgang.rother@philos.uzh.ch<\/a>)<\/p>\n\n\n\n<p>Contributions will be reviewed in a double-blind procedure<\/p>\n\n\n\n<p><strong> <\/strong>20.000\u201335.000 characters (incl. spaces and footnotes)<\/p>\n\n\n\n<p>1200\u20131500 characters (incl. spaces), in the language of the contribution<\/p>\n\n\n\n<p>Spring 2028<\/p>\n<\/div>\n<\/div>\n\n\n\n<p>The guidelines and a template can be found here: <a href=\"https:\/\/www.hope.uzh.ch\/conexus\/about\/submissions\">https:\/\/www.hope.uzh.ch\/conexus\/about\/submissions<\/a>.<\/p>\n\n\n\n<div data-wp-interactive=\"core\/file\" class=\"wp-block-file\"><object data-wp-bind--hidden=\"!state.hasPdfPreview\" hidden class=\"wp-block-file__embed\" data=\"https:\/\/www.sgeaj.ch\/wp-content\/uploads\/2026\/08\/cfp-conexus11-rousseau.pdf\" type=\"application\/pdf\" style=\"width:100%;height:600px\" aria-label=\"Contenu embarqu\u00e9 CfP_conexus11_Rousseau.\"><\/object><a id=\"wp-block-file--media-5cfee8de-bf8f-43f8-b88c-17805e2f4b51\" href=\"https:\/\/www.sgeaj.ch\/wp-content\/uploads\/2026\/08\/cfp-conexus11-rousseau.pdf\">CfP_conexus11_Rousseau<\/a><a href=\"https:\/\/www.sgeaj.ch\/wp-content\/uploads\/2026\/08\/cfp-conexus11-rousseau.pdf\" class=\"wp-block-file__button wp-element-button\" download aria-describedby=\"wp-block-file--media-5cfee8de-bf8f-43f8-b88c-17805e2f4b51\">Herunterladen<\/a><\/div>\n\n\n\n<p>Image credit: Jean-Jacques Rousseau in Ermenonville, June 1778, engraving after a drawing by Georg Friedrich Meyer (Wikimedia Commons).<\/p>\n","protected":false},"excerpt":{"rendered":"<p>Marking the 250th anniversary of Jean-Jacques Rousseau\u2019s death in 2028, this special issue of conexus explores the remarkable breadth of his thought and work. Moving beyond his contributions to political philosophy, it invites interdisciplinary perspectives on lesser-known aspects of his engagement with culture, education, music, literature, religion, science, and beyond. On 2 July 2028, it [&hellip;]<\/p>\n","protected":false},"author":9,"featured_media":8560,"comment_status":"closed","ping_status":"open","sticky":false,"template":"","format":"standard","meta":{"footnotes":""},"categories":[42,26],"tags":[196,67,221,164,74,90,91,135,137,101],"class_list":{"0":"post-8561","1":"post","2":"type-post","3":"status-publish","4":"format-standard","5":"has-post-thumbnail","7":"category-actualite","8":"category-call-for-papers-fr","9":"tag-culture-fr","10":"tag-enlightenment-fr","11":"tag-jean-jacques-rousseau","12":"tag-literature-fr","13":"tag-music-fr","14":"tag-networks-fr","15":"tag-publication-fr","16":"tag-religion-2-fr","17":"tag-science-fr","18":"tag-switzerland-fr","19":"czr-hentry"},"yoast_head":"<!-- This site is optimized with the Yoast SEO plugin v26.9 - https:\/\/yoast.com\/product\/yoast-seo-wordpress\/ -->\n<title>CfP: Jean-Jacques Rousseau \u2013 The 250th Anniversary of His Death - Schweizerische Gesellschaft f\u00fcr die Erforschung des 18. Jahrhunderts (SGEAJ - SSEDS)<\/title>\n<meta name=\"robots\" content=\"index, follow, max-snippet:-1, max-image-preview:large, max-video-preview:-1\" \/>\n<link rel=\"canonical\" href=\"https:\/\/www.sgeaj.ch\/fr\/actualite\/cfp-jean-jacques-rousseau-the-250th-anniversary-of-his-death\/\" \/>\n<meta name=\"twitter:label1\" content=\"\u00c9crit par\" \/>\n\t<meta name=\"twitter:data1\" content=\"Mich\u00e8le Steiner\" \/>\n\t<meta name=\"twitter:label2\" content=\"Dur\u00e9e de lecture estim\u00e9e\" \/>\n\t<meta name=\"twitter:data2\" content=\"3 minutes\" \/>\n<script type=\"application\/ld+json\" class=\"yoast-schema-graph\">{\"@context\":\"https:\/\/schema.org\",\"@graph\":[{\"@type\":\"Article\",\"@id\":\"https:\/\/www.sgeaj.ch\/fr\/actualite\/cfp-jean-jacques-rousseau-the-250th-anniversary-of-his-death\/#article\",\"isPartOf\":{\"@id\":\"https:\/\/www.sgeaj.ch\/fr\/actualite\/cfp-jean-jacques-rousseau-the-250th-anniversary-of-his-death\/\"},\"author\":{\"name\":\"Mich\u00e8le Steiner\",\"@id\":\"https:\/\/www.sgeaj.ch\/fr\/#\/schema\/person\/f9930dca12b3bd252d469f244e700c60\"},\"headline\":\"CfP: Jean-Jacques Rousseau \u2013 The 250th Anniversary of His Death\",\"datePublished\":\"2026-08-25T06:57:58+00:00\",\"dateModified\":\"2026-08-25T06:58:01+00:00\",\"mainEntityOfPage\":{\"@id\":\"https:\/\/www.sgeaj.ch\/fr\/actualite\/cfp-jean-jacques-rousseau-the-250th-anniversary-of-his-death\/\"},\"wordCount\":455,\"publisher\":{\"@id\":\"https:\/\/www.sgeaj.ch\/fr\/#organization\"},\"image\":{\"@id\":\"https:\/\/www.sgeaj.ch\/fr\/actualite\/cfp-jean-jacques-rousseau-the-250th-anniversary-of-his-death\/#primaryimage\"},\"thumbnailUrl\":\"https:\/\/www.sgeaj.ch\/wp-content\/uploads\/2026\/08\/rousseau-ermenonville-e1787640770139.jpg\",\"keywords\":[\"Culture\",\"Enlightenment\",\"Jean-Jacques Rousseau\",\"Literature\",\"Music\",\"Networks\",\"Publication\",\"Religion\",\"Science\",\"Switzerland\"],\"articleSection\":[\"Actualit\u00e9\",\"Call for Papers\"],\"inLanguage\":\"fr-FR\"},{\"@type\":\"WebPage\",\"@id\":\"https:\/\/www.sgeaj.ch\/fr\/actualite\/cfp-jean-jacques-rousseau-the-250th-anniversary-of-his-death\/\",\"url\":\"https:\/\/www.sgeaj.ch\/fr\/actualite\/cfp-jean-jacques-rousseau-the-250th-anniversary-of-his-death\/\",\"name\":\"CfP: Jean-Jacques Rousseau \u2013 The 250th Anniversary of His Death - Schweizerische Gesellschaft f\u00fcr die Erforschung des 18. Jahrhunderts (SGEAJ - SSEDS)\",\"isPartOf\":{\"@id\":\"https:\/\/www.sgeaj.ch\/fr\/#website\"},\"primaryImageOfPage\":{\"@id\":\"https:\/\/www.sgeaj.ch\/fr\/actualite\/cfp-jean-jacques-rousseau-the-250th-anniversary-of-his-death\/#primaryimage\"},\"image\":{\"@id\":\"https:\/\/www.sgeaj.ch\/fr\/actualite\/cfp-jean-jacques-rousseau-the-250th-anniversary-of-his-death\/#primaryimage\"},\"thumbnailUrl\":\"https:\/\/www.sgeaj.ch\/wp-content\/uploads\/2026\/08\/rousseau-ermenonville-e1787640770139.jpg\",\"datePublished\":\"2026-08-25T06:57:58+00:00\",\"dateModified\":\"2026-08-25T06:58:01+00:00\",\"inLanguage\":\"fr-FR\",\"potentialAction\":[{\"@type\":\"ReadAction\",\"target\":[\"https:\/\/www.sgeaj.ch\/fr\/actualite\/cfp-jean-jacques-rousseau-the-250th-anniversary-of-his-death\/\"]}]},{\"@type\":\"ImageObject\",\"inLanguage\":\"fr-FR\",\"@id\":\"https:\/\/www.sgeaj.ch\/fr\/actualite\/cfp-jean-jacques-rousseau-the-250th-anniversary-of-his-death\/#primaryimage\",\"url\":\"https:\/\/www.sgeaj.ch\/wp-content\/uploads\/2026\/08\/rousseau-ermenonville-e1787640770139.jpg\",\"contentUrl\":\"https:\/\/www.sgeaj.ch\/wp-content\/uploads\/2026\/08\/rousseau-ermenonville-e1787640770139.jpg\",\"width\":1186,\"height\":1680},{\"@type\":\"WebSite\",\"@id\":\"https:\/\/www.sgeaj.ch\/fr\/#website\",\"url\":\"https:\/\/www.sgeaj.ch\/fr\/\",\"name\":\"Schweizerische Gesellschaft f\u00fcr die Erforschung des 18. Jahrhunderts (SGEAJ - SSEDS)\",\"description\":\"Schweizerische Gesellschaft f\u00fcr die Erforschung des 18. Jahrhunderts\",\"publisher\":{\"@id\":\"https:\/\/www.sgeaj.ch\/fr\/#organization\"},\"potentialAction\":[{\"@type\":\"SearchAction\",\"target\":{\"@type\":\"EntryPoint\",\"urlTemplate\":\"https:\/\/www.sgeaj.ch\/fr\/?s={search_term_string}\"},\"query-input\":{\"@type\":\"PropertyValueSpecification\",\"valueRequired\":true,\"valueName\":\"search_term_string\"}}],\"inLanguage\":\"fr-FR\"},{\"@type\":\"Organization\",\"@id\":\"https:\/\/www.sgeaj.ch\/fr\/#organization\",\"name\":\"Schweizerische Gesellschaft f\u00fcr die Erforschung des 18. Jahrhunderts (SGEAJ - SSEDS)\",\"url\":\"https:\/\/www.sgeaj.ch\/fr\/\",\"logo\":{\"@type\":\"ImageObject\",\"inLanguage\":\"fr-FR\",\"@id\":\"https:\/\/www.sgeaj.ch\/fr\/#\/schema\/logo\/image\/\",\"url\":\"https:\/\/www.sgeaj.ch\/wp-content\/uploads\/2021\/06\/cropped-logo-xviiies-horiz-abreuviations-bleues.png\",\"contentUrl\":\"https:\/\/www.sgeaj.ch\/wp-content\/uploads\/2021\/06\/cropped-logo-xviiies-horiz-abreuviations-bleues.png\",\"width\":659,\"height\":335,\"caption\":\"Schweizerische Gesellschaft f\u00fcr die Erforschung des 18. Jahrhunderts (SGEAJ - SSEDS)\"},\"image\":{\"@id\":\"https:\/\/www.sgeaj.ch\/fr\/#\/schema\/logo\/image\/\"}},{\"@type\":\"Person\",\"@id\":\"https:\/\/www.sgeaj.ch\/fr\/#\/schema\/person\/f9930dca12b3bd252d469f244e700c60\",\"name\":\"Mich\u00e8le Steiner\",\"url\":\"https:\/\/www.sgeaj.ch\/fr\/author\/msteiner\/\"}]}<\/script>\n<!-- \/ Yoast SEO plugin. -->","yoast_head_json":{"title":"CfP: Jean-Jacques Rousseau \u2013 The 250th Anniversary of His Death - Schweizerische Gesellschaft f\u00fcr die Erforschung des 18. Jahrhunderts (SGEAJ - SSEDS)","robots":{"index":"index","follow":"follow","max-snippet":"max-snippet:-1","max-image-preview":"max-image-preview:large","max-video-preview":"max-video-preview:-1"},"canonical":"https:\/\/www.sgeaj.ch\/fr\/actualite\/cfp-jean-jacques-rousseau-the-250th-anniversary-of-his-death\/","twitter_misc":{"\u00c9crit par":"Mich\u00e8le Steiner","Dur\u00e9e de lecture estim\u00e9e":"3 minutes"},"schema":{"@context":"https:\/\/schema.org","@graph":[{"@type":"Article","@id":"https:\/\/www.sgeaj.ch\/fr\/actualite\/cfp-jean-jacques-rousseau-the-250th-anniversary-of-his-death\/#article","isPartOf":{"@id":"https:\/\/www.sgeaj.ch\/fr\/actualite\/cfp-jean-jacques-rousseau-the-250th-anniversary-of-his-death\/"},"author":{"name":"Mich\u00e8le Steiner","@id":"https:\/\/www.sgeaj.ch\/fr\/#\/schema\/person\/f9930dca12b3bd252d469f244e700c60"},"headline":"CfP: Jean-Jacques Rousseau \u2013 The 250th Anniversary of His Death","datePublished":"2026-08-25T06:57:58+00:00","dateModified":"2026-08-25T06:58:01+00:00","mainEntityOfPage":{"@id":"https:\/\/www.sgeaj.ch\/fr\/actualite\/cfp-jean-jacques-rousseau-the-250th-anniversary-of-his-death\/"},"wordCount":455,"publisher":{"@id":"https:\/\/www.sgeaj.ch\/fr\/#organization"},"image":{"@id":"https:\/\/www.sgeaj.ch\/fr\/actualite\/cfp-jean-jacques-rousseau-the-250th-anniversary-of-his-death\/#primaryimage"},"thumbnailUrl":"https:\/\/www.sgeaj.ch\/wp-content\/uploads\/2026\/08\/rousseau-ermenonville-e1787640770139.jpg","keywords":["Culture","Enlightenment","Jean-Jacques Rousseau","Literature","Music","Networks","Publication","Religion","Science","Switzerland"],"articleSection":["Actualit\u00e9","Call for Papers"],"inLanguage":"fr-FR"},{"@type":"WebPage","@id":"https:\/\/www.sgeaj.ch\/fr\/actualite\/cfp-jean-jacques-rousseau-the-250th-anniversary-of-his-death\/","url":"https:\/\/www.sgeaj.ch\/fr\/actualite\/cfp-jean-jacques-rousseau-the-250th-anniversary-of-his-death\/","name":"CfP: Jean-Jacques Rousseau \u2013 The 250th Anniversary of His Death - Schweizerische Gesellschaft f\u00fcr die Erforschung des 18. Jahrhunderts (SGEAJ - SSEDS)","isPartOf":{"@id":"https:\/\/www.sgeaj.ch\/fr\/#website"},"primaryImageOfPage":{"@id":"https:\/\/www.sgeaj.ch\/fr\/actualite\/cfp-jean-jacques-rousseau-the-250th-anniversary-of-his-death\/#primaryimage"},"image":{"@id":"https:\/\/www.sgeaj.ch\/fr\/actualite\/cfp-jean-jacques-rousseau-the-250th-anniversary-of-his-death\/#primaryimage"},"thumbnailUrl":"https:\/\/www.sgeaj.ch\/wp-content\/uploads\/2026\/08\/rousseau-ermenonville-e1787640770139.jpg","datePublished":"2026-08-25T06:57:58+00:00","dateModified":"2026-08-25T06:58:01+00:00","inLanguage":"fr-FR","potentialAction":[{"@type":"ReadAction","target":["https:\/\/www.sgeaj.ch\/fr\/actualite\/cfp-jean-jacques-rousseau-the-250th-anniversary-of-his-death\/"]}]},{"@type":"ImageObject","inLanguage":"fr-FR","@id":"https:\/\/www.sgeaj.ch\/fr\/actualite\/cfp-jean-jacques-rousseau-the-250th-anniversary-of-his-death\/#primaryimage","url":"https:\/\/www.sgeaj.ch\/wp-content\/uploads\/2026\/08\/rousseau-ermenonville-e1787640770139.jpg","contentUrl":"https:\/\/www.sgeaj.ch\/wp-content\/uploads\/2026\/08\/rousseau-ermenonville-e1787640770139.jpg","width":1186,"height":1680},{"@type":"WebSite","@id":"https:\/\/www.sgeaj.ch\/fr\/#website","url":"https:\/\/www.sgeaj.ch\/fr\/","name":"Schweizerische Gesellschaft f\u00fcr die Erforschung des 18. Jahrhunderts (SGEAJ - SSEDS)","description":"Schweizerische Gesellschaft f\u00fcr die Erforschung des 18. Jahrhunderts","publisher":{"@id":"https:\/\/www.sgeaj.ch\/fr\/#organization"},"potentialAction":[{"@type":"SearchAction","target":{"@type":"EntryPoint","urlTemplate":"https:\/\/www.sgeaj.ch\/fr\/?s={search_term_string}"},"query-input":{"@type":"PropertyValueSpecification","valueRequired":true,"valueName":"search_term_string"}}],"inLanguage":"fr-FR"},{"@type":"Organization","@id":"https:\/\/www.sgeaj.ch\/fr\/#organization","name":"Schweizerische Gesellschaft f\u00fcr die Erforschung des 18. Jahrhunderts (SGEAJ - SSEDS)","url":"https:\/\/www.sgeaj.ch\/fr\/","logo":{"@type":"ImageObject","inLanguage":"fr-FR","@id":"https:\/\/www.sgeaj.ch\/fr\/#\/schema\/logo\/image\/","url":"https:\/\/www.sgeaj.ch\/wp-content\/uploads\/2021\/06\/cropped-logo-xviiies-horiz-abreuviations-bleues.png","contentUrl":"https:\/\/www.sgeaj.ch\/wp-content\/uploads\/2021\/06\/cropped-logo-xviiies-horiz-abreuviations-bleues.png","width":659,"height":335,"caption":"Schweizerische Gesellschaft f\u00fcr die Erforschung des 18. Jahrhunderts (SGEAJ - SSEDS)"},"image":{"@id":"https:\/\/www.sgeaj.ch\/fr\/#\/schema\/logo\/image\/"}},{"@type":"Person","@id":"https:\/\/www.sgeaj.ch\/fr\/#\/schema\/person\/f9930dca12b3bd252d469f244e700c60","name":"Mich\u00e8le Steiner","url":"https:\/\/www.sgeaj.ch\/fr\/author\/msteiner\/"}]}},"_links":{"self":[{"href":"https:\/\/www.sgeaj.ch\/fr\/wp-json\/wp\/v2\/posts\/8561","targetHints":{"allow":["GET"]}}],"collection":[{"href":"https:\/\/www.sgeaj.ch\/fr\/wp-json\/wp\/v2\/posts"}],"about":[{"href":"https:\/\/www.sgeaj.ch\/fr\/wp-json\/wp\/v2\/types\/post"}],"author":[{"embeddable":true,"href":"https:\/\/www.sgeaj.ch\/fr\/wp-json\/wp\/v2\/users\/9"}],"replies":[{"embeddable":true,"href":"https:\/\/www.sgeaj.ch\/fr\/wp-json\/wp\/v2\/comments?post=8561"}],"version-history":[{"count":5,"href":"https:\/\/www.sgeaj.ch\/fr\/wp-json\/wp\/v2\/posts\/8561\/revisions"}],"predecessor-version":[{"id":8570,"href":"https:\/\/www.sgeaj.ch\/fr\/wp-json\/wp\/v2\/posts\/8561\/revisions\/8570"}],"wp:featuredmedia":[{"embeddable":true,"href":"https:\/\/www.sgeaj.ch\/fr\/wp-json\/wp\/v2\/media\/8560"}],"wp:attachment":[{"href":"https:\/\/www.sgeaj.ch\/fr\/wp-json\/wp\/v2\/media?parent=8561"}],"wp:term":[{"taxonomy":"category","embeddable":true,"href":"https:\/\/www.sgeaj.ch\/fr\/wp-json\/wp\/v2\/categories?post=8561"},{"taxonomy":"post_tag","embeddable":true,"href":"https:\/\/www.sgeaj.ch\/fr\/wp-json\/wp\/v2\/tags?post=8561"}],"curies":[{"name":"wp","href":"https:\/\/api.w.org\/{rel}","templated":true}]}}