{"id":967,"date":"2014-08-14T15:56:40","date_gmt":"2014-08-14T13:56:40","guid":{"rendered":"https:\/\/www.sgeaj.ch\/exposition-louis-levade-1748-1839-au-musee-historique-vevey-2\/"},"modified":"2021-03-30T17:45:53","modified_gmt":"2021-03-30T15:45:53","slug":"exposition-louis-levade-1748-1839-au-musee-historique-vevey","status":"publish","type":"post","link":"https:\/\/www.sgeaj.ch\/fr\/actualite\/colloques\/exposition-louis-levade-1748-1839-au-musee-historique-vevey\/","title":{"rendered":"Louis Levade (1748-1839)"},"content":{"rendered":"<p><strong>Exposition \u00ab\u00a0Louis Levade (1748-1839)\u00a0\u00bb au Mus\u00e9e historique de Vevey jusqu&rsquo;au 30 nov. 2014<\/strong><\/p>\n<p>\u00ab\u00a0Issu du si\u00e8cle des Lumi\u00e8res, <a href=\"http:\/\/lumieres.unil.ch\/fiches\/bio\/60\/\">Louis Levade<\/a> est un \u00ab savant \u00bb aux multiples facettes : m\u00e9decin, pharmacien, naturaliste, philanthrope, encyclop\u00e9diste, collectionneur, bibliophile, historien\u2026 Ses int\u00e9r\u00eats vont des sciences naturelles \u00e0 l\u2019histoire antique. Il poss\u00e8de une tr\u00e8s riche biblioth\u00e8que et collectionne les min\u00e9raux, les m\u00e9dailles, les objets arch\u00e9ologiques \u2013 collections qui entreront par la suite dans les fonds de diff\u00e9rents mus\u00e9es vaudois. Il est \u00e9galement Abb\u00e9-Pr\u00e9sident de la Confr\u00e9rie des Vignerons pendant plus de vingt ans ; et c\u2019est sous sa pr\u00e9sidence que la F\u00eate devient un v\u00e9ritable spectacle pr\u00e9sent\u00e9 sur la place du March\u00e9 (1797).<\/p>\n<p>Dans le jeune Canton de Vaud, Levade s\u2019implique dans de nombreuses soci\u00e9t\u00e9s savantes, philanthropiques ou d\u2019utilit\u00e9 publique. Ses pr\u00e9occupations r\u00e9v\u00e8lent son int\u00e9r\u00eat pour le bien-\u00eatre des plus d\u00e9munis et son d\u00e9sir d\u2019\u00e9lever ses concitoyens par l\u2019\u00e9ducation et la connaissance. Il participe \u00e0 d\u2019importants projets comme la cr\u00e9ation de la biblioth\u00e8que publique et la fondation de la Caisse d\u2019Epargne de Vevey. Parall\u00e8lement, Levade r\u00e9colte, pendant de nombreuses ann\u00e9es, des informations qui lui serviront \u00e0 r\u00e9diger son <em>Dictionnaire g\u00e9ographique, statistique et historique du Canton de Vaud<\/em> (1824), ouvrage de r\u00e9f\u00e9rence durant la premi\u00e8re moiti\u00e9 du 19e si\u00e8cle.<\/p>\n<p>Du 1er mai au 30 novembre 2014, les visiteurs du Mus\u00e9e historique de Vevey et de la Confr\u00e9rie des Vignerons pourront d\u00e9couvrir la vie de ce personnage au travers de peintures et de photographies, de documents originaux, de livres anciens et d\u2019objets de ses collections.\u00a0\u00bb<\/p>\n<p>Informations compl\u00e9mentaires sur le site du <a href=\"http:\/\/www.museehistoriquevevey.ch\/francais\/expo_levade.html\">Mus\u00e9e historique de Vevey. <\/a><\/p>\n","protected":false},"excerpt":{"rendered":"<p>Exposition \u00ab\u00a0Louis Levade (1748-1839)\u00a0\u00bb au Mus\u00e9e historique de Vevey jusqu&rsquo;au 30 nov. 2014 \u00ab\u00a0Issu du si\u00e8cle des Lumi\u00e8res, Louis Levade est un \u00ab savant \u00bb aux multiples facettes : m\u00e9decin, pharmacien, naturaliste, philanthrope, encyclop\u00e9diste, collectionneur, bibliophile, historien\u2026 Ses int\u00e9r\u00eats vont des sciences naturelles \u00e0 l\u2019histoire antique. Il poss\u00e8de une tr\u00e8s riche biblioth\u00e8que et collectionne les [&hellip;]<\/p>\n","protected":false},"author":9,"featured_media":3444,"comment_status":"closed","ping_status":"open","sticky":false,"template":"","format":"standard","meta":{"footnotes":""},"categories":[42,27],"tags":[],"class_list":{"0":"post-967","1":"post","2":"type-post","3":"status-publish","4":"format-standard","5":"has-post-thumbnail","7":"category-actualite","8":"category-colloques","9":"czr-hentry"},"yoast_head":"<!-- This site is optimized with the Yoast SEO plugin v26.9 - https:\/\/yoast.com\/product\/yoast-seo-wordpress\/ -->\n<title>Louis Levade (1748-1839) - Schweizerische Gesellschaft f\u00fcr die Erforschung des 18. Jahrhunderts (SGEAJ - SSEDS)<\/title>\n<meta name=\"robots\" content=\"index, follow, max-snippet:-1, max-image-preview:large, max-video-preview:-1\" \/>\n<link rel=\"canonical\" href=\"https:\/\/www.sgeaj.ch\/fr\/actualite\/colloques\/exposition-louis-levade-1748-1839-au-musee-historique-vevey\/\" \/>\n<meta name=\"twitter:label1\" content=\"\u00c9crit par\" \/>\n\t<meta name=\"twitter:data1\" content=\"Mich\u00e8le Steiner\" \/>\n\t<meta name=\"twitter:label2\" content=\"Dur\u00e9e de lecture estim\u00e9e\" \/>\n\t<meta name=\"twitter:data2\" content=\"2 minutes\" \/>\n<script type=\"application\/ld+json\" class=\"yoast-schema-graph\">{\"@context\":\"https:\/\/schema.org\",\"@graph\":[{\"@type\":\"Article\",\"@id\":\"https:\/\/www.sgeaj.ch\/fr\/actualite\/colloques\/exposition-louis-levade-1748-1839-au-musee-historique-vevey\/#article\",\"isPartOf\":{\"@id\":\"https:\/\/www.sgeaj.ch\/fr\/actualite\/colloques\/exposition-louis-levade-1748-1839-au-musee-historique-vevey\/\"},\"author\":{\"name\":\"Mich\u00e8le Steiner\",\"@id\":\"https:\/\/www.sgeaj.ch\/fr\/#\/schema\/person\/f9930dca12b3bd252d469f244e700c60\"},\"headline\":\"Louis Levade (1748-1839)\",\"datePublished\":\"2014-08-14T13:56:40+00:00\",\"dateModified\":\"2021-03-30T15:45:53+00:00\",\"mainEntityOfPage\":{\"@id\":\"https:\/\/www.sgeaj.ch\/fr\/actualite\/colloques\/exposition-louis-levade-1748-1839-au-musee-historique-vevey\/\"},\"wordCount\":306,\"publisher\":{\"@id\":\"https:\/\/www.sgeaj.ch\/fr\/#organization\"},\"image\":{\"@id\":\"https:\/\/www.sgeaj.ch\/fr\/actualite\/colloques\/exposition-louis-levade-1748-1839-au-musee-historique-vevey\/#primaryimage\"},\"thumbnailUrl\":\"https:\/\/www.sgeaj.ch\/wp-content\/uploads\/2014\/08\/2014-expo-levade_affiche.jpg\",\"articleSection\":[\"Actualit\u00e9\",\"Colloques\"],\"inLanguage\":\"fr-FR\"},{\"@type\":\"WebPage\",\"@id\":\"https:\/\/www.sgeaj.ch\/fr\/actualite\/colloques\/exposition-louis-levade-1748-1839-au-musee-historique-vevey\/\",\"url\":\"https:\/\/www.sgeaj.ch\/fr\/actualite\/colloques\/exposition-louis-levade-1748-1839-au-musee-historique-vevey\/\",\"name\":\"Louis Levade (1748-1839) - Schweizerische Gesellschaft f\u00fcr die Erforschung des 18. Jahrhunderts (SGEAJ - SSEDS)\",\"isPartOf\":{\"@id\":\"https:\/\/www.sgeaj.ch\/fr\/#website\"},\"primaryImageOfPage\":{\"@id\":\"https:\/\/www.sgeaj.ch\/fr\/actualite\/colloques\/exposition-louis-levade-1748-1839-au-musee-historique-vevey\/#primaryimage\"},\"image\":{\"@id\":\"https:\/\/www.sgeaj.ch\/fr\/actualite\/colloques\/exposition-louis-levade-1748-1839-au-musee-historique-vevey\/#primaryimage\"},\"thumbnailUrl\":\"https:\/\/www.sgeaj.ch\/wp-content\/uploads\/2014\/08\/2014-expo-levade_affiche.jpg\",\"datePublished\":\"2014-08-14T13:56:40+00:00\",\"dateModified\":\"2021-03-30T15:45:53+00:00\",\"inLanguage\":\"fr-FR\",\"potentialAction\":[{\"@type\":\"ReadAction\",\"target\":[\"https:\/\/www.sgeaj.ch\/fr\/actualite\/colloques\/exposition-louis-levade-1748-1839-au-musee-historique-vevey\/\"]}]},{\"@type\":\"ImageObject\",\"inLanguage\":\"fr-FR\",\"@id\":\"https:\/\/www.sgeaj.ch\/fr\/actualite\/colloques\/exposition-louis-levade-1748-1839-au-musee-historique-vevey\/#primaryimage\",\"url\":\"https:\/\/www.sgeaj.ch\/wp-content\/uploads\/2014\/08\/2014-expo-levade_affiche.jpg\",\"contentUrl\":\"https:\/\/www.sgeaj.ch\/wp-content\/uploads\/2014\/08\/2014-expo-levade_affiche.jpg\",\"width\":268,\"height\":379},{\"@type\":\"WebSite\",\"@id\":\"https:\/\/www.sgeaj.ch\/fr\/#website\",\"url\":\"https:\/\/www.sgeaj.ch\/fr\/\",\"name\":\"Schweizerische Gesellschaft f\u00fcr die Erforschung des 18. Jahrhunderts (SGEAJ - SSEDS)\",\"description\":\"Schweizerische Gesellschaft f\u00fcr die Erforschung des 18. Jahrhunderts\",\"publisher\":{\"@id\":\"https:\/\/www.sgeaj.ch\/fr\/#organization\"},\"potentialAction\":[{\"@type\":\"SearchAction\",\"target\":{\"@type\":\"EntryPoint\",\"urlTemplate\":\"https:\/\/www.sgeaj.ch\/fr\/?s={search_term_string}\"},\"query-input\":{\"@type\":\"PropertyValueSpecification\",\"valueRequired\":true,\"valueName\":\"search_term_string\"}}],\"inLanguage\":\"fr-FR\"},{\"@type\":\"Organization\",\"@id\":\"https:\/\/www.sgeaj.ch\/fr\/#organization\",\"name\":\"Schweizerische Gesellschaft f\u00fcr die Erforschung des 18. Jahrhunderts (SGEAJ - SSEDS)\",\"url\":\"https:\/\/www.sgeaj.ch\/fr\/\",\"logo\":{\"@type\":\"ImageObject\",\"inLanguage\":\"fr-FR\",\"@id\":\"https:\/\/www.sgeaj.ch\/fr\/#\/schema\/logo\/image\/\",\"url\":\"https:\/\/www.sgeaj.ch\/wp-content\/uploads\/2021\/06\/cropped-logo-xviiies-horiz-abreuviations-bleues.png\",\"contentUrl\":\"https:\/\/www.sgeaj.ch\/wp-content\/uploads\/2021\/06\/cropped-logo-xviiies-horiz-abreuviations-bleues.png\",\"width\":659,\"height\":335,\"caption\":\"Schweizerische Gesellschaft f\u00fcr die Erforschung des 18. Jahrhunderts (SGEAJ - SSEDS)\"},\"image\":{\"@id\":\"https:\/\/www.sgeaj.ch\/fr\/#\/schema\/logo\/image\/\"}},{\"@type\":\"Person\",\"@id\":\"https:\/\/www.sgeaj.ch\/fr\/#\/schema\/person\/f9930dca12b3bd252d469f244e700c60\",\"name\":\"Mich\u00e8le Steiner\",\"url\":\"https:\/\/www.sgeaj.ch\/fr\/author\/msteiner\/\"}]}<\/script>\n<!-- \/ Yoast SEO plugin. -->","yoast_head_json":{"title":"Louis Levade (1748-1839) - Schweizerische Gesellschaft f\u00fcr die Erforschung des 18. Jahrhunderts (SGEAJ - SSEDS)","robots":{"index":"index","follow":"follow","max-snippet":"max-snippet:-1","max-image-preview":"max-image-preview:large","max-video-preview":"max-video-preview:-1"},"canonical":"https:\/\/www.sgeaj.ch\/fr\/actualite\/colloques\/exposition-louis-levade-1748-1839-au-musee-historique-vevey\/","twitter_misc":{"\u00c9crit par":"Mich\u00e8le Steiner","Dur\u00e9e de lecture estim\u00e9e":"2 minutes"},"schema":{"@context":"https:\/\/schema.org","@graph":[{"@type":"Article","@id":"https:\/\/www.sgeaj.ch\/fr\/actualite\/colloques\/exposition-louis-levade-1748-1839-au-musee-historique-vevey\/#article","isPartOf":{"@id":"https:\/\/www.sgeaj.ch\/fr\/actualite\/colloques\/exposition-louis-levade-1748-1839-au-musee-historique-vevey\/"},"author":{"name":"Mich\u00e8le Steiner","@id":"https:\/\/www.sgeaj.ch\/fr\/#\/schema\/person\/f9930dca12b3bd252d469f244e700c60"},"headline":"Louis Levade (1748-1839)","datePublished":"2014-08-14T13:56:40+00:00","dateModified":"2021-03-30T15:45:53+00:00","mainEntityOfPage":{"@id":"https:\/\/www.sgeaj.ch\/fr\/actualite\/colloques\/exposition-louis-levade-1748-1839-au-musee-historique-vevey\/"},"wordCount":306,"publisher":{"@id":"https:\/\/www.sgeaj.ch\/fr\/#organization"},"image":{"@id":"https:\/\/www.sgeaj.ch\/fr\/actualite\/colloques\/exposition-louis-levade-1748-1839-au-musee-historique-vevey\/#primaryimage"},"thumbnailUrl":"https:\/\/www.sgeaj.ch\/wp-content\/uploads\/2014\/08\/2014-expo-levade_affiche.jpg","articleSection":["Actualit\u00e9","Colloques"],"inLanguage":"fr-FR"},{"@type":"WebPage","@id":"https:\/\/www.sgeaj.ch\/fr\/actualite\/colloques\/exposition-louis-levade-1748-1839-au-musee-historique-vevey\/","url":"https:\/\/www.sgeaj.ch\/fr\/actualite\/colloques\/exposition-louis-levade-1748-1839-au-musee-historique-vevey\/","name":"Louis Levade (1748-1839) - Schweizerische Gesellschaft f\u00fcr die Erforschung des 18. Jahrhunderts (SGEAJ - SSEDS)","isPartOf":{"@id":"https:\/\/www.sgeaj.ch\/fr\/#website"},"primaryImageOfPage":{"@id":"https:\/\/www.sgeaj.ch\/fr\/actualite\/colloques\/exposition-louis-levade-1748-1839-au-musee-historique-vevey\/#primaryimage"},"image":{"@id":"https:\/\/www.sgeaj.ch\/fr\/actualite\/colloques\/exposition-louis-levade-1748-1839-au-musee-historique-vevey\/#primaryimage"},"thumbnailUrl":"https:\/\/www.sgeaj.ch\/wp-content\/uploads\/2014\/08\/2014-expo-levade_affiche.jpg","datePublished":"2014-08-14T13:56:40+00:00","dateModified":"2021-03-30T15:45:53+00:00","inLanguage":"fr-FR","potentialAction":[{"@type":"ReadAction","target":["https:\/\/www.sgeaj.ch\/fr\/actualite\/colloques\/exposition-louis-levade-1748-1839-au-musee-historique-vevey\/"]}]},{"@type":"ImageObject","inLanguage":"fr-FR","@id":"https:\/\/www.sgeaj.ch\/fr\/actualite\/colloques\/exposition-louis-levade-1748-1839-au-musee-historique-vevey\/#primaryimage","url":"https:\/\/www.sgeaj.ch\/wp-content\/uploads\/2014\/08\/2014-expo-levade_affiche.jpg","contentUrl":"https:\/\/www.sgeaj.ch\/wp-content\/uploads\/2014\/08\/2014-expo-levade_affiche.jpg","width":268,"height":379},{"@type":"WebSite","@id":"https:\/\/www.sgeaj.ch\/fr\/#website","url":"https:\/\/www.sgeaj.ch\/fr\/","name":"Schweizerische Gesellschaft f\u00fcr die Erforschung des 18. Jahrhunderts (SGEAJ - SSEDS)","description":"Schweizerische Gesellschaft f\u00fcr die Erforschung des 18. Jahrhunderts","publisher":{"@id":"https:\/\/www.sgeaj.ch\/fr\/#organization"},"potentialAction":[{"@type":"SearchAction","target":{"@type":"EntryPoint","urlTemplate":"https:\/\/www.sgeaj.ch\/fr\/?s={search_term_string}"},"query-input":{"@type":"PropertyValueSpecification","valueRequired":true,"valueName":"search_term_string"}}],"inLanguage":"fr-FR"},{"@type":"Organization","@id":"https:\/\/www.sgeaj.ch\/fr\/#organization","name":"Schweizerische Gesellschaft f\u00fcr die Erforschung des 18. Jahrhunderts (SGEAJ - SSEDS)","url":"https:\/\/www.sgeaj.ch\/fr\/","logo":{"@type":"ImageObject","inLanguage":"fr-FR","@id":"https:\/\/www.sgeaj.ch\/fr\/#\/schema\/logo\/image\/","url":"https:\/\/www.sgeaj.ch\/wp-content\/uploads\/2021\/06\/cropped-logo-xviiies-horiz-abreuviations-bleues.png","contentUrl":"https:\/\/www.sgeaj.ch\/wp-content\/uploads\/2021\/06\/cropped-logo-xviiies-horiz-abreuviations-bleues.png","width":659,"height":335,"caption":"Schweizerische Gesellschaft f\u00fcr die Erforschung des 18. Jahrhunderts (SGEAJ - SSEDS)"},"image":{"@id":"https:\/\/www.sgeaj.ch\/fr\/#\/schema\/logo\/image\/"}},{"@type":"Person","@id":"https:\/\/www.sgeaj.ch\/fr\/#\/schema\/person\/f9930dca12b3bd252d469f244e700c60","name":"Mich\u00e8le Steiner","url":"https:\/\/www.sgeaj.ch\/fr\/author\/msteiner\/"}]}},"_links":{"self":[{"href":"https:\/\/www.sgeaj.ch\/fr\/wp-json\/wp\/v2\/posts\/967","targetHints":{"allow":["GET"]}}],"collection":[{"href":"https:\/\/www.sgeaj.ch\/fr\/wp-json\/wp\/v2\/posts"}],"about":[{"href":"https:\/\/www.sgeaj.ch\/fr\/wp-json\/wp\/v2\/types\/post"}],"author":[{"embeddable":true,"href":"https:\/\/www.sgeaj.ch\/fr\/wp-json\/wp\/v2\/users\/9"}],"replies":[{"embeddable":true,"href":"https:\/\/www.sgeaj.ch\/fr\/wp-json\/wp\/v2\/comments?post=967"}],"version-history":[{"count":6,"href":"https:\/\/www.sgeaj.ch\/fr\/wp-json\/wp\/v2\/posts\/967\/revisions"}],"predecessor-version":[{"id":5731,"href":"https:\/\/www.sgeaj.ch\/fr\/wp-json\/wp\/v2\/posts\/967\/revisions\/5731"}],"wp:featuredmedia":[{"embeddable":true,"href":"https:\/\/www.sgeaj.ch\/fr\/wp-json\/wp\/v2\/media\/3444"}],"wp:attachment":[{"href":"https:\/\/www.sgeaj.ch\/fr\/wp-json\/wp\/v2\/media?parent=967"}],"wp:term":[{"taxonomy":"category","embeddable":true,"href":"https:\/\/www.sgeaj.ch\/fr\/wp-json\/wp\/v2\/categories?post=967"},{"taxonomy":"post_tag","embeddable":true,"href":"https:\/\/www.sgeaj.ch\/fr\/wp-json\/wp\/v2\/tags?post=967"}],"curies":[{"name":"wp","href":"https:\/\/api.w.org\/{rel}","templated":true}]}}