{"id":997,"date":"2014-08-15T11:33:05","date_gmt":"2014-08-15T09:33:05","guid":{"rendered":"https:\/\/www.sgeaj.ch\/parution-le-moyen-age-mythique-des-neuchatelois-2\/"},"modified":"2021-03-30T17:49:15","modified_gmt":"2021-03-30T15:49:15","slug":"parution-le-moyen-age-mythique-des-neuchatelois","status":"publish","type":"post","link":"https:\/\/www.sgeaj.ch\/fr\/actualite\/nouvelles-publications\/parution-le-moyen-age-mythique-des-neuchatelois\/","title":{"rendered":"Le Moyen \u00c2ge mythique des Neuch\u00e2telois"},"content":{"rendered":"<p><strong>Arnaud Besson, <em>Le Moyen \u00c2ge mythique des Neuch\u00e2telois. R\u00e9\u00e9crire l&rsquo;histoire pour devenir suisse: sur les traces d&rsquo;un faussaire du XVIIIe si\u00e8cle<\/em>, pr\u00e9face de Jean-Pierre Jelmini, Neuch\u00e2tel, Editions Alphil, Presses universitaires suisses, 2014<\/strong><\/p>\n<p>Les Neuch\u00e2telois sont-ils suisses depuis toujours\u00a0? Oui, r\u00e9pond la <em>Chronique des Chanoines<\/em>, t\u00e9moignage de l\u2019histoire m\u00e9di\u00e9vale de Neuch\u00e2tel. Un texte devenu si populaire sous la jeune R\u00e9publique neuch\u00e2teloise issue de 1848, \u00e0 la recherche de mythes fondateurs pour affirmer son identit\u00e9 helv\u00e9tique, que lorsque l\u2019historien Arthur Piaget remet son authenticit\u00e9 en cause en 1895, cela lance un v\u00e9ritable scandale. Mais pourquoi cette mystification\u00a0?<\/p>\n<p>Ce livre est une plong\u00e9e dans les papiers personnels du redoutable faussaire \u00e0 l\u2019origine de ces textes\u00a0: Abram de Pury (1724-1807), proche ami de Rousseau, conseiller d\u2019\u00c9tat tumultueux et disgraci\u00e9 suite \u00e0 un conflit au sujet de la fiscalit\u00e9 du Pays de Neuch\u00e2tel.<\/p>\n<p>\u00c0 la recherche de ses m\u00e9thodes de travail, l\u2019auteur entra\u00eene le lecteur \u00e0 la d\u00e9couverte des impressionnantes recherches du faussaire, sa mise en place minutieuse d\u2019un r\u00e9seau de textes apocryphes se soutenant les uns les autres, brouillant les pistes par de subtils artifices de mystification litt\u00e9raire. C\u2019est aussi l\u2019occasion de comprendre les motivations du personnage et de relier cette vaste entreprise \u00e0 un contexte et \u00e0 une orientation politique bien pr\u00e9cise\u00a0: l\u2019inclusion de Neuch\u00e2tel dans le renouvellement d\u2019alliance franco-suisse en 1777. En effet, il s\u2019agit pour Abram de Pury de d\u00e9fendre le caract\u00e8re suisse de Neuch\u00e2tel et de tenter de rapprocher la Principaut\u00e9 du Corps helv\u00e9tique par la mise en sc\u00e8ne d\u2019une histoire o\u00f9 les Neuch\u00e2telois ont particip\u00e9 aux grands \u00e9v\u00e9nements de la Suisse. On s\u2019aper\u00e7oit \u00e9galement de l\u2019existence d\u2019un parti politique pro-helv\u00e9tique au sein de l\u2019\u00e9lite neuch\u00e2teloise de la fin du XVIII<sup>e<\/sup> si\u00e8cle, \u0153uvrant en marge des instructions re\u00e7ues du Roi de Prusse.<\/p>\n<p>On ne savait plus que croire. Ce livre permet de faire la part du vrai et du faux dans l\u2019ancienne histoire neuch\u00e2teloise.<\/p>\n<p>Biographie<br \/>\nApr\u00e8s des \u00e9tudes en Histoire ancienne et m\u00e9di\u00e9vale ainsi qu\u2019en Litt\u00e9rature fran\u00e7aise, \u00e0 l\u2019Universit\u00e9 de Neuch\u00e2tel et \u00e0 la Freie Universit\u00e4t de Berlin, Arnaud Besson pr\u00e9pare une th\u00e8se de doctorat \u00e0 l\u2019Universit\u00e9 de Neuch\u00e2tel en Histoire ancienne sur l\u2019\u00e9volution de la citoyennet\u00e9 romaine, en parall\u00e8le de quoi il continue ses recherches sur l\u2019historiographie neuch\u00e2teloise. Cet ouvrage est la continuation de son m\u00e9moire de Master qui a obtenu le prix Fritz Kunz 2012, attribu\u00e9 par la Soci\u00e9t\u00e9 d\u2019histoire et d\u2019arch\u00e9ologie neuch\u00e2teloise.<\/p>\n","protected":false},"excerpt":{"rendered":"<p>Arnaud Besson, Le Moyen \u00c2ge mythique des Neuch\u00e2telois. R\u00e9\u00e9crire l&rsquo;histoire pour devenir suisse: sur les traces d&rsquo;un faussaire du XVIIIe si\u00e8cle, pr\u00e9face de Jean-Pierre Jelmini, Neuch\u00e2tel, Editions Alphil, Presses universitaires suisses, 2014 Les Neuch\u00e2telois sont-ils suisses depuis toujours\u00a0? Oui, r\u00e9pond la Chronique des Chanoines, t\u00e9moignage de l\u2019histoire m\u00e9di\u00e9vale de Neuch\u00e2tel. Un texte devenu si populaire [&hellip;]<\/p>\n","protected":false},"author":9,"featured_media":3450,"comment_status":"closed","ping_status":"open","sticky":false,"template":"","format":"standard","meta":{"footnotes":""},"categories":[42,25],"tags":[],"class_list":{"0":"post-997","1":"post","2":"type-post","3":"status-publish","4":"format-standard","5":"has-post-thumbnail","7":"category-actualite","8":"category-nouvelles-publications","9":"czr-hentry"},"yoast_head":"<!-- This site is optimized with the Yoast SEO plugin v26.9 - https:\/\/yoast.com\/product\/yoast-seo-wordpress\/ -->\n<title>Le Moyen \u00c2ge mythique des Neuch\u00e2telois - Schweizerische Gesellschaft f\u00fcr die Erforschung des 18. Jahrhunderts (SGEAJ - SSEDS)<\/title>\n<meta name=\"robots\" content=\"index, follow, max-snippet:-1, max-image-preview:large, max-video-preview:-1\" \/>\n<link rel=\"canonical\" href=\"https:\/\/www.sgeaj.ch\/fr\/actualite\/nouvelles-publications\/parution-le-moyen-age-mythique-des-neuchatelois\/\" \/>\n<meta name=\"twitter:label1\" content=\"\u00c9crit par\" \/>\n\t<meta name=\"twitter:data1\" content=\"Mich\u00e8le Steiner\" \/>\n\t<meta name=\"twitter:label2\" content=\"Dur\u00e9e de lecture estim\u00e9e\" \/>\n\t<meta name=\"twitter:data2\" content=\"2 minutes\" \/>\n<script type=\"application\/ld+json\" class=\"yoast-schema-graph\">{\"@context\":\"https:\/\/schema.org\",\"@graph\":[{\"@type\":\"Article\",\"@id\":\"https:\/\/www.sgeaj.ch\/fr\/actualite\/nouvelles-publications\/parution-le-moyen-age-mythique-des-neuchatelois\/#article\",\"isPartOf\":{\"@id\":\"https:\/\/www.sgeaj.ch\/fr\/actualite\/nouvelles-publications\/parution-le-moyen-age-mythique-des-neuchatelois\/\"},\"author\":{\"name\":\"Mich\u00e8le Steiner\",\"@id\":\"https:\/\/www.sgeaj.ch\/fr\/#\/schema\/person\/f9930dca12b3bd252d469f244e700c60\"},\"headline\":\"Le Moyen \u00c2ge mythique des Neuch\u00e2telois\",\"datePublished\":\"2014-08-15T09:33:05+00:00\",\"dateModified\":\"2021-03-30T15:49:15+00:00\",\"mainEntityOfPage\":{\"@id\":\"https:\/\/www.sgeaj.ch\/fr\/actualite\/nouvelles-publications\/parution-le-moyen-age-mythique-des-neuchatelois\/\"},\"wordCount\":466,\"publisher\":{\"@id\":\"https:\/\/www.sgeaj.ch\/fr\/#organization\"},\"image\":{\"@id\":\"https:\/\/www.sgeaj.ch\/fr\/actualite\/nouvelles-publications\/parution-le-moyen-age-mythique-des-neuchatelois\/#primaryimage\"},\"thumbnailUrl\":\"https:\/\/www.sgeaj.ch\/wp-content\/uploads\/2014\/08\/2014-Moyen_age_mythique_des_neuchatelois.jpg\",\"articleSection\":[\"Actualit\u00e9\",\"Nouvelles publications\"],\"inLanguage\":\"fr-FR\"},{\"@type\":\"WebPage\",\"@id\":\"https:\/\/www.sgeaj.ch\/fr\/actualite\/nouvelles-publications\/parution-le-moyen-age-mythique-des-neuchatelois\/\",\"url\":\"https:\/\/www.sgeaj.ch\/fr\/actualite\/nouvelles-publications\/parution-le-moyen-age-mythique-des-neuchatelois\/\",\"name\":\"Le Moyen \u00c2ge mythique des Neuch\u00e2telois - Schweizerische Gesellschaft f\u00fcr die Erforschung des 18. Jahrhunderts (SGEAJ - SSEDS)\",\"isPartOf\":{\"@id\":\"https:\/\/www.sgeaj.ch\/fr\/#website\"},\"primaryImageOfPage\":{\"@id\":\"https:\/\/www.sgeaj.ch\/fr\/actualite\/nouvelles-publications\/parution-le-moyen-age-mythique-des-neuchatelois\/#primaryimage\"},\"image\":{\"@id\":\"https:\/\/www.sgeaj.ch\/fr\/actualite\/nouvelles-publications\/parution-le-moyen-age-mythique-des-neuchatelois\/#primaryimage\"},\"thumbnailUrl\":\"https:\/\/www.sgeaj.ch\/wp-content\/uploads\/2014\/08\/2014-Moyen_age_mythique_des_neuchatelois.jpg\",\"datePublished\":\"2014-08-15T09:33:05+00:00\",\"dateModified\":\"2021-03-30T15:49:15+00:00\",\"inLanguage\":\"fr-FR\",\"potentialAction\":[{\"@type\":\"ReadAction\",\"target\":[\"https:\/\/www.sgeaj.ch\/fr\/actualite\/nouvelles-publications\/parution-le-moyen-age-mythique-des-neuchatelois\/\"]}]},{\"@type\":\"ImageObject\",\"inLanguage\":\"fr-FR\",\"@id\":\"https:\/\/www.sgeaj.ch\/fr\/actualite\/nouvelles-publications\/parution-le-moyen-age-mythique-des-neuchatelois\/#primaryimage\",\"url\":\"https:\/\/www.sgeaj.ch\/wp-content\/uploads\/2014\/08\/2014-Moyen_age_mythique_des_neuchatelois.jpg\",\"contentUrl\":\"https:\/\/www.sgeaj.ch\/wp-content\/uploads\/2014\/08\/2014-Moyen_age_mythique_des_neuchatelois.jpg\",\"width\":1181,\"height\":1759},{\"@type\":\"WebSite\",\"@id\":\"https:\/\/www.sgeaj.ch\/fr\/#website\",\"url\":\"https:\/\/www.sgeaj.ch\/fr\/\",\"name\":\"Schweizerische Gesellschaft f\u00fcr die Erforschung des 18. Jahrhunderts (SGEAJ - SSEDS)\",\"description\":\"Schweizerische Gesellschaft f\u00fcr die Erforschung des 18. Jahrhunderts\",\"publisher\":{\"@id\":\"https:\/\/www.sgeaj.ch\/fr\/#organization\"},\"potentialAction\":[{\"@type\":\"SearchAction\",\"target\":{\"@type\":\"EntryPoint\",\"urlTemplate\":\"https:\/\/www.sgeaj.ch\/fr\/?s={search_term_string}\"},\"query-input\":{\"@type\":\"PropertyValueSpecification\",\"valueRequired\":true,\"valueName\":\"search_term_string\"}}],\"inLanguage\":\"fr-FR\"},{\"@type\":\"Organization\",\"@id\":\"https:\/\/www.sgeaj.ch\/fr\/#organization\",\"name\":\"Schweizerische Gesellschaft f\u00fcr die Erforschung des 18. Jahrhunderts (SGEAJ - SSEDS)\",\"url\":\"https:\/\/www.sgeaj.ch\/fr\/\",\"logo\":{\"@type\":\"ImageObject\",\"inLanguage\":\"fr-FR\",\"@id\":\"https:\/\/www.sgeaj.ch\/fr\/#\/schema\/logo\/image\/\",\"url\":\"https:\/\/www.sgeaj.ch\/wp-content\/uploads\/2021\/06\/cropped-logo-xviiies-horiz-abreuviations-bleues.png\",\"contentUrl\":\"https:\/\/www.sgeaj.ch\/wp-content\/uploads\/2021\/06\/cropped-logo-xviiies-horiz-abreuviations-bleues.png\",\"width\":659,\"height\":335,\"caption\":\"Schweizerische Gesellschaft f\u00fcr die Erforschung des 18. Jahrhunderts (SGEAJ - SSEDS)\"},\"image\":{\"@id\":\"https:\/\/www.sgeaj.ch\/fr\/#\/schema\/logo\/image\/\"}},{\"@type\":\"Person\",\"@id\":\"https:\/\/www.sgeaj.ch\/fr\/#\/schema\/person\/f9930dca12b3bd252d469f244e700c60\",\"name\":\"Mich\u00e8le Steiner\",\"url\":\"https:\/\/www.sgeaj.ch\/fr\/author\/msteiner\/\"}]}<\/script>\n<!-- \/ Yoast SEO plugin. -->","yoast_head_json":{"title":"Le Moyen \u00c2ge mythique des Neuch\u00e2telois - Schweizerische Gesellschaft f\u00fcr die Erforschung des 18. Jahrhunderts (SGEAJ - SSEDS)","robots":{"index":"index","follow":"follow","max-snippet":"max-snippet:-1","max-image-preview":"max-image-preview:large","max-video-preview":"max-video-preview:-1"},"canonical":"https:\/\/www.sgeaj.ch\/fr\/actualite\/nouvelles-publications\/parution-le-moyen-age-mythique-des-neuchatelois\/","twitter_misc":{"\u00c9crit par":"Mich\u00e8le Steiner","Dur\u00e9e de lecture estim\u00e9e":"2 minutes"},"schema":{"@context":"https:\/\/schema.org","@graph":[{"@type":"Article","@id":"https:\/\/www.sgeaj.ch\/fr\/actualite\/nouvelles-publications\/parution-le-moyen-age-mythique-des-neuchatelois\/#article","isPartOf":{"@id":"https:\/\/www.sgeaj.ch\/fr\/actualite\/nouvelles-publications\/parution-le-moyen-age-mythique-des-neuchatelois\/"},"author":{"name":"Mich\u00e8le Steiner","@id":"https:\/\/www.sgeaj.ch\/fr\/#\/schema\/person\/f9930dca12b3bd252d469f244e700c60"},"headline":"Le Moyen \u00c2ge mythique des Neuch\u00e2telois","datePublished":"2014-08-15T09:33:05+00:00","dateModified":"2021-03-30T15:49:15+00:00","mainEntityOfPage":{"@id":"https:\/\/www.sgeaj.ch\/fr\/actualite\/nouvelles-publications\/parution-le-moyen-age-mythique-des-neuchatelois\/"},"wordCount":466,"publisher":{"@id":"https:\/\/www.sgeaj.ch\/fr\/#organization"},"image":{"@id":"https:\/\/www.sgeaj.ch\/fr\/actualite\/nouvelles-publications\/parution-le-moyen-age-mythique-des-neuchatelois\/#primaryimage"},"thumbnailUrl":"https:\/\/www.sgeaj.ch\/wp-content\/uploads\/2014\/08\/2014-Moyen_age_mythique_des_neuchatelois.jpg","articleSection":["Actualit\u00e9","Nouvelles publications"],"inLanguage":"fr-FR"},{"@type":"WebPage","@id":"https:\/\/www.sgeaj.ch\/fr\/actualite\/nouvelles-publications\/parution-le-moyen-age-mythique-des-neuchatelois\/","url":"https:\/\/www.sgeaj.ch\/fr\/actualite\/nouvelles-publications\/parution-le-moyen-age-mythique-des-neuchatelois\/","name":"Le Moyen \u00c2ge mythique des Neuch\u00e2telois - Schweizerische Gesellschaft f\u00fcr die Erforschung des 18. Jahrhunderts (SGEAJ - SSEDS)","isPartOf":{"@id":"https:\/\/www.sgeaj.ch\/fr\/#website"},"primaryImageOfPage":{"@id":"https:\/\/www.sgeaj.ch\/fr\/actualite\/nouvelles-publications\/parution-le-moyen-age-mythique-des-neuchatelois\/#primaryimage"},"image":{"@id":"https:\/\/www.sgeaj.ch\/fr\/actualite\/nouvelles-publications\/parution-le-moyen-age-mythique-des-neuchatelois\/#primaryimage"},"thumbnailUrl":"https:\/\/www.sgeaj.ch\/wp-content\/uploads\/2014\/08\/2014-Moyen_age_mythique_des_neuchatelois.jpg","datePublished":"2014-08-15T09:33:05+00:00","dateModified":"2021-03-30T15:49:15+00:00","inLanguage":"fr-FR","potentialAction":[{"@type":"ReadAction","target":["https:\/\/www.sgeaj.ch\/fr\/actualite\/nouvelles-publications\/parution-le-moyen-age-mythique-des-neuchatelois\/"]}]},{"@type":"ImageObject","inLanguage":"fr-FR","@id":"https:\/\/www.sgeaj.ch\/fr\/actualite\/nouvelles-publications\/parution-le-moyen-age-mythique-des-neuchatelois\/#primaryimage","url":"https:\/\/www.sgeaj.ch\/wp-content\/uploads\/2014\/08\/2014-Moyen_age_mythique_des_neuchatelois.jpg","contentUrl":"https:\/\/www.sgeaj.ch\/wp-content\/uploads\/2014\/08\/2014-Moyen_age_mythique_des_neuchatelois.jpg","width":1181,"height":1759},{"@type":"WebSite","@id":"https:\/\/www.sgeaj.ch\/fr\/#website","url":"https:\/\/www.sgeaj.ch\/fr\/","name":"Schweizerische Gesellschaft f\u00fcr die Erforschung des 18. Jahrhunderts (SGEAJ - SSEDS)","description":"Schweizerische Gesellschaft f\u00fcr die Erforschung des 18. Jahrhunderts","publisher":{"@id":"https:\/\/www.sgeaj.ch\/fr\/#organization"},"potentialAction":[{"@type":"SearchAction","target":{"@type":"EntryPoint","urlTemplate":"https:\/\/www.sgeaj.ch\/fr\/?s={search_term_string}"},"query-input":{"@type":"PropertyValueSpecification","valueRequired":true,"valueName":"search_term_string"}}],"inLanguage":"fr-FR"},{"@type":"Organization","@id":"https:\/\/www.sgeaj.ch\/fr\/#organization","name":"Schweizerische Gesellschaft f\u00fcr die Erforschung des 18. Jahrhunderts (SGEAJ - SSEDS)","url":"https:\/\/www.sgeaj.ch\/fr\/","logo":{"@type":"ImageObject","inLanguage":"fr-FR","@id":"https:\/\/www.sgeaj.ch\/fr\/#\/schema\/logo\/image\/","url":"https:\/\/www.sgeaj.ch\/wp-content\/uploads\/2021\/06\/cropped-logo-xviiies-horiz-abreuviations-bleues.png","contentUrl":"https:\/\/www.sgeaj.ch\/wp-content\/uploads\/2021\/06\/cropped-logo-xviiies-horiz-abreuviations-bleues.png","width":659,"height":335,"caption":"Schweizerische Gesellschaft f\u00fcr die Erforschung des 18. Jahrhunderts (SGEAJ - SSEDS)"},"image":{"@id":"https:\/\/www.sgeaj.ch\/fr\/#\/schema\/logo\/image\/"}},{"@type":"Person","@id":"https:\/\/www.sgeaj.ch\/fr\/#\/schema\/person\/f9930dca12b3bd252d469f244e700c60","name":"Mich\u00e8le Steiner","url":"https:\/\/www.sgeaj.ch\/fr\/author\/msteiner\/"}]}},"_links":{"self":[{"href":"https:\/\/www.sgeaj.ch\/fr\/wp-json\/wp\/v2\/posts\/997","targetHints":{"allow":["GET"]}}],"collection":[{"href":"https:\/\/www.sgeaj.ch\/fr\/wp-json\/wp\/v2\/posts"}],"about":[{"href":"https:\/\/www.sgeaj.ch\/fr\/wp-json\/wp\/v2\/types\/post"}],"author":[{"embeddable":true,"href":"https:\/\/www.sgeaj.ch\/fr\/wp-json\/wp\/v2\/users\/9"}],"replies":[{"embeddable":true,"href":"https:\/\/www.sgeaj.ch\/fr\/wp-json\/wp\/v2\/comments?post=997"}],"version-history":[{"count":4,"href":"https:\/\/www.sgeaj.ch\/fr\/wp-json\/wp\/v2\/posts\/997\/revisions"}],"predecessor-version":[{"id":5736,"href":"https:\/\/www.sgeaj.ch\/fr\/wp-json\/wp\/v2\/posts\/997\/revisions\/5736"}],"wp:featuredmedia":[{"embeddable":true,"href":"https:\/\/www.sgeaj.ch\/fr\/wp-json\/wp\/v2\/media\/3450"}],"wp:attachment":[{"href":"https:\/\/www.sgeaj.ch\/fr\/wp-json\/wp\/v2\/media?parent=997"}],"wp:term":[{"taxonomy":"category","embeddable":true,"href":"https:\/\/www.sgeaj.ch\/fr\/wp-json\/wp\/v2\/categories?post=997"},{"taxonomy":"post_tag","embeddable":true,"href":"https:\/\/www.sgeaj.ch\/fr\/wp-json\/wp\/v2\/tags?post=997"}],"curies":[{"name":"wp","href":"https:\/\/api.w.org\/{rel}","templated":true}]}}